{"id":39960,"date":"2022-05-13T20:00:29","date_gmt":"2022-05-13T20:00:29","guid":{"rendered":"http:\/\/elterritorialweb.com.ar\/web\/?p=39960"},"modified":"2022-05-13T20:00:30","modified_gmt":"2022-05-13T20:00:30","slug":"con-gran-expectativa-las-termas-se-prepara-para-recibir-la-temporada-turistica-2022","status":"publish","type":"post","link":"http:\/\/elterritorialweb.com.ar\/web\/con-gran-expectativa-las-termas-se-prepara-para-recibir-la-temporada-turistica-2022\/","title":{"rendered":"CON GRAN EXPECTATIVA, LAS TERMAS SE PREPARA PARA RECIBIR LA TEMPORADA TUR\u00cdSTICA 2022"},"content":{"rendered":"\n<p>Con vistas a la inauguraci\u00f3n oficial de la Temporada Tur\u00edstica 2022, que se realizar\u00e1 este S\u00e1bado 14 de mayo a partir de las 19 hs., ya se comenz\u00f3 con las tareas de montaje de las carpas y del escenario principal, que ser\u00e1 punto de encuentro de este importante acontecimiento para la Ciudad y la Provincia. <\/p>\n\n\n\n<figure class=\"wp-block-image size-large\"><a href=\"https:\/\/i0.wp.com\/elterritorialweb.com.ar\/web\/wp-content\/uploads\/2022\/05\/preparativos-apertura-turistica-1.jpg\"><img data-recalc-dims=\"1\" decoding=\"async\" width=\"640\" height=\"427\" data-src=\"https:\/\/i0.wp.com\/elterritorialweb.com.ar\/web\/wp-content\/uploads\/2022\/05\/preparativos-apertura-turistica-1.jpg?resize=640%2C427\" alt=\"\" class=\"wp-image-39962 lazyload\" data-srcset=\"https:\/\/i0.wp.com\/elterritorialweb.com.ar\/web\/wp-content\/uploads\/2022\/05\/preparativos-apertura-turistica-1.jpg?resize=1024%2C683 1024w, https:\/\/i0.wp.com\/elterritorialweb.com.ar\/web\/wp-content\/uploads\/2022\/05\/preparativos-apertura-turistica-1.jpg?resize=300%2C200 300w, https:\/\/i0.wp.com\/elterritorialweb.com.ar\/web\/wp-content\/uploads\/2022\/05\/preparativos-apertura-turistica-1.jpg?resize=768%2C512 768w, https:\/\/i0.wp.com\/elterritorialweb.com.ar\/web\/wp-content\/uploads\/2022\/05\/preparativos-apertura-turistica-1.jpg?resize=1536%2C1024 1536w, https:\/\/i0.wp.com\/elterritorialweb.com.ar\/web\/wp-content\/uploads\/2022\/05\/preparativos-apertura-turistica-1.jpg?w=1599 1599w, https:\/\/i0.wp.com\/elterritorialweb.com.ar\/web\/wp-content\/uploads\/2022\/05\/preparativos-apertura-turistica-1.jpg?w=1280 1280w\" data-sizes=\"(max-width: 640px) 100vw, 640px\" src=\"data:image\/svg+xml;base64,PHN2ZyB3aWR0aD0iMSIgaGVpZ2h0PSIxIiB4bWxucz0iaHR0cDovL3d3dy53My5vcmcvMjAwMC9zdmciPjwvc3ZnPg==\" style=\"--smush-placeholder-width: 640px; --smush-placeholder-aspect-ratio: 640\/427;\" \/><\/a><\/figure>\n\n\n\n<p>Cabe destacar que el evento se llevar\u00e1 cabo sobre la calle Rivadavia, esq., Juan B. Alberdi, estando encabezado por el Gobernador de la Provincia Dr. Gerardo Zamora, el Intendente Municipal Dr. Jorge Mukdise, autoridades nacionales del Ministerio de Turismo, otros organismos oficiales y privados, como as\u00ed tambi\u00e9n funcionarios del gobierno provincial y municipal. <\/p>\n\n\n\n<figure class=\"wp-block-image size-large\"><a href=\"https:\/\/i0.wp.com\/elterritorialweb.com.ar\/web\/wp-content\/uploads\/2022\/05\/preparativos-apertura-turistica-2.jpg\"><img data-recalc-dims=\"1\" decoding=\"async\" width=\"640\" height=\"427\" data-src=\"https:\/\/i0.wp.com\/elterritorialweb.com.ar\/web\/wp-content\/uploads\/2022\/05\/preparativos-apertura-turistica-2.jpg?resize=640%2C427\" alt=\"\" class=\"wp-image-39963 lazyload\" data-srcset=\"https:\/\/i0.wp.com\/elterritorialweb.com.ar\/web\/wp-content\/uploads\/2022\/05\/preparativos-apertura-turistica-2.jpg?resize=1024%2C683 1024w, https:\/\/i0.wp.com\/elterritorialweb.com.ar\/web\/wp-content\/uploads\/2022\/05\/preparativos-apertura-turistica-2.jpg?resize=300%2C200 300w, https:\/\/i0.wp.com\/elterritorialweb.com.ar\/web\/wp-content\/uploads\/2022\/05\/preparativos-apertura-turistica-2.jpg?resize=768%2C512 768w, https:\/\/i0.wp.com\/elterritorialweb.com.ar\/web\/wp-content\/uploads\/2022\/05\/preparativos-apertura-turistica-2.jpg?resize=1536%2C1024 1536w, https:\/\/i0.wp.com\/elterritorialweb.com.ar\/web\/wp-content\/uploads\/2022\/05\/preparativos-apertura-turistica-2.jpg?w=1599 1599w, https:\/\/i0.wp.com\/elterritorialweb.com.ar\/web\/wp-content\/uploads\/2022\/05\/preparativos-apertura-turistica-2.jpg?w=1280 1280w\" data-sizes=\"(max-width: 640px) 100vw, 640px\" src=\"data:image\/svg+xml;base64,PHN2ZyB3aWR0aD0iMSIgaGVpZ2h0PSIxIiB4bWxucz0iaHR0cDovL3d3dy53My5vcmcvMjAwMC9zdmciPjwvc3ZnPg==\" style=\"--smush-placeholder-width: 640px; --smush-placeholder-aspect-ratio: 640\/427;\" \/><\/a><\/figure>\n\n\n\n<p>Durante el acto se realizar\u00e1 la Apertura Oficial, con palabras de las autoridades presentes, la Bendici\u00f3n de las aguas termales, lanzamiento de la primera bola y luego el p\u00fablico presente entre turistas y vecinos de la ciudad, disfrutar\u00e1n de la propuesta art\u00edstica que estar\u00e1 a cargo de Mora Godoy, Miguel Mateos y Rusherking, entre otros artistas locales invitados.<\/p>\n","protected":false},"excerpt":{"rendered":"<p>Se realizar\u00e1 este S\u00e1bado 14 de mayo a partir de las 19 hs en la ciudad termal.<\/p>\n","protected":false},"author":2,"featured_media":39961,"comment_status":"open","ping_status":"open","sticky":false,"template":"","format":"standard","meta":{"om_disable_all_campaigns":false,"_monsterinsights_skip_tracking":false,"_monsterinsights_sitenote_active":false,"_monsterinsights_sitenote_note":"","_monsterinsights_sitenote_category":0,"_uf_show_specific_survey":0,"_uf_disable_surveys":false,"jetpack_post_was_ever_published":false,"_jetpack_newsletter_access":"","_jetpack_dont_email_post_to_subs":false,"_jetpack_newsletter_tier_id":0,"_jetpack_memberships_contains_paywalled_content":false,"_jetpack_memberships_contains_paid_content":false,"footnotes":"","jetpack_publicize_message":"","jetpack_publicize_feature_enabled":true,"jetpack_social_post_already_shared":false,"jetpack_social_options":{"image_generator_settings":{"template":"highway","default_image_id":0,"font":"","enabled":false},"version":2}},"categories":[29],"tags":[],"class_list":["post-39960","post","type-post","status-publish","format-standard","has-post-thumbnail","hentry","category-turismo"],"aioseo_notices":[],"views":8,"jetpack_publicize_connections":[],"jetpack_featured_media_url":"https:\/\/i0.wp.com\/elterritorialweb.com.ar\/web\/wp-content\/uploads\/2022\/05\/preparativos-apertura-turistica.jpg?fit=1024%2C768","jetpack_sharing_enabled":true,"_links":{"self":[{"href":"http:\/\/elterritorialweb.com.ar\/web\/wp-json\/wp\/v2\/posts\/39960","targetHints":{"allow":["GET"]}}],"collection":[{"href":"http:\/\/elterritorialweb.com.ar\/web\/wp-json\/wp\/v2\/posts"}],"about":[{"href":"http:\/\/elterritorialweb.com.ar\/web\/wp-json\/wp\/v2\/types\/post"}],"author":[{"embeddable":true,"href":"http:\/\/elterritorialweb.com.ar\/web\/wp-json\/wp\/v2\/users\/2"}],"replies":[{"embeddable":true,"href":"http:\/\/elterritorialweb.com.ar\/web\/wp-json\/wp\/v2\/comments?post=39960"}],"version-history":[{"count":1,"href":"http:\/\/elterritorialweb.com.ar\/web\/wp-json\/wp\/v2\/posts\/39960\/revisions"}],"predecessor-version":[{"id":39964,"href":"http:\/\/elterritorialweb.com.ar\/web\/wp-json\/wp\/v2\/posts\/39960\/revisions\/39964"}],"wp:featuredmedia":[{"embeddable":true,"href":"http:\/\/elterritorialweb.com.ar\/web\/wp-json\/wp\/v2\/media\/39961"}],"wp:attachment":[{"href":"http:\/\/elterritorialweb.com.ar\/web\/wp-json\/wp\/v2\/media?parent=39960"}],"wp:term":[{"taxonomy":"category","embeddable":true,"href":"http:\/\/elterritorialweb.com.ar\/web\/wp-json\/wp\/v2\/categories?post=39960"},{"taxonomy":"post_tag","embeddable":true,"href":"http:\/\/elterritorialweb.com.ar\/web\/wp-json\/wp\/v2\/tags?post=39960"}],"curies":[{"name":"wp","href":"https:\/\/api.w.org\/{rel}","templated":true}]}}