{"id":39965,"date":"2022-05-13T20:23:23","date_gmt":"2022-05-13T20:23:23","guid":{"rendered":"http:\/\/elterritorialweb.com.ar\/web\/?p=39965"},"modified":"2022-05-13T20:23:23","modified_gmt":"2022-05-13T20:23:23","slug":"otra-denuncia-contra-sebastian-villa-esta-vez-por-violacion-e-intento-de-homicidio","status":"publish","type":"post","link":"http:\/\/elterritorialweb.com.ar\/web\/otra-denuncia-contra-sebastian-villa-esta-vez-por-violacion-e-intento-de-homicidio\/","title":{"rendered":"OTRA DENUNCIA CONTRA SEBASTIAN VILLA, ESTA VEZ POR VIOLACI\u00d3N E INTENTO DE HOMICIDIO"},"content":{"rendered":"\n<p>Una joven denunci\u00f3 este viernes que el futbolista de Boca Juniors Sebasti\u00e1n Villa abus\u00f3 sexualmente de ella e intent\u00f3 matarla en su casa de un barrio privado de la zona de Canning, tras lo cual le ofreci\u00f3 5000 d\u00f3lares para evitar que realizara la denuncia, seg\u00fan confirm\u00f3 su abogado.<\/p>\n\n\n\n<p>De acuerdo al escrito, la joven relat\u00f3 que el hecho ocurri\u00f3 el 26 de junio del 2021 y que debi\u00f3 ser asistida en el Hospital Penna, pero que no realiz\u00f3 la denuncia porque en ese momento se encontraba en estado de shock y&nbsp;<strong>\u00abten\u00eda miedo, estaba paralizaba\u00bb<\/strong>.<\/p>\n\n\n\n<p>Fuentes judiciales confirmaron a T\u00e9lam que la denuncia ingres\u00f3 la ma\u00f1ana de este viernes en la sede judicial de Esteban Echeverr\u00eda, descentralizada del Departamento Judicial de Lomas de Zamora, y una fiscal\u00eda analizar\u00e1 el escrito.<\/p>\n\n\n\n<p>Seg\u00fan la denuncia, a la que tuvo acceso T\u00e9lam, el episodio ocurri\u00f3 en la casa que el futbolista colombiano posee en el barrio&nbsp;<strong>\u00abVenado II\u00bb<\/strong>&nbsp;del partido de Canning, en la zona sur del conurbano bonaerense, luego de participar de un asado al que asistieron otros jugadores del plantel de Boca.<\/p>\n\n\n\n<p>La joven explic\u00f3 que Villa hab\u00eda tomado \u00abmucho alcohol y m\u00e1s de una botella de whisky\u00bb y que le reprochaba que \u00abhab\u00eda mirado\u00bb a sus compa\u00f1eros futbolistas.<\/p>\n\n\n\n<p>\u00abEn ese momento comenz\u00f3 lo que fue la peor situaci\u00f3n de mi vida\u00bb, se\u00f1ala la joven en su denuncia, donde relata que tras ser maltratada y golpeada por Villa, ella se quiso ir y \u00e9l<strong>&nbsp;le baj\u00f3 los pantalones, la arroj\u00f3 sobre una cama y la viol\u00f3<\/strong>.<\/p>\n\n\n\n<p>Tras el abuso, la joven logr\u00f3 llamar a una amiga y, en un auto de alquiler, se traslad\u00f3 a su casa, donde se ba\u00f1\u00f3 y se cort\u00f3 \u00abel pelo bien corto producto del shock\u00bb.<\/p>\n\n\n\n<p>Al d\u00eda siguiente y ante los fuertes dolores que padec\u00eda en la zona genital, se dirigi\u00f3 al Hospital Penna, donde una m\u00e9dica la revis\u00f3, determin\u00f3 que ten\u00eda lesiones compatibles con un abuso sexual, y le aconsej\u00f3 presentar la denuncia.<\/p>\n\n\n\n<p>Seg\u00fan el relato, la denuncia no fue realizada en ese momento porque se hallaba en estado de shock y porque tanto Villa como sus personas de confianza<strong>&nbsp;la llamaban y le ped\u00edan que no hablara con nadie&nbsp;<\/strong>y que ni siquiera lo mencione al delantero de Boca, quien ya ten\u00eda antecedentes por abuso sexual.<\/p>\n\n\n\n<p>La joven cont\u00f3 que tiene grabadas las conversaciones en las que&nbsp;<strong>Sebasti\u00e1n Villa&nbsp;le ofrece 5000 d\u00f3lares para que se olvide \u00abde todo lo que pas\u00f3\u00bb<\/strong>.<\/p>\n\n\n\n<p>En el escrito que present\u00f3 ante los Tribunales de Lomas de Zamora, el abogado Roberto Castillo solicit\u00f3 que se ordene \u00abuna medida de seguridad (para su asistida) a los efectos de resguardar su integridad f\u00edsica\u00bb.<\/p>\n\n\n\n<p>Tambi\u00e9n que se intime al jugador y se le ordene \u00abtodo tipo de contacto con ella, ya sea telef\u00f3nico, celular, de correo electr\u00f3nico, por v\u00eda de terceras personas y\/o cualquiera medida que implique una intromisi\u00f3n injustificada\u00bb, como as\u00ed tambi\u00e9n\u00a0<strong>\u00abla prohibici\u00f3n de salida del pa\u00eds del aqu\u00ed denunciado, a los fines de garantizar el normal desenvolvimiento del proceso\u00bb<\/strong>.<\/p>\n\n\n\n<p>El abogado que representa a la joven asegur\u00f3 que est\u00e1 \u00abtotalmente quebrada\u00bb, que&nbsp;<strong>tiene \u00abtemor\u00bb tras denunciar \u00aba una figura p\u00fablica\u00bb<\/strong>&nbsp;y que la fiscal\u00eda que interviene en el caso tendr\u00e1 que analizar si es necesario detener al jugador de Boca \u00abpor sus antecedentes y para resguardar que pueda ser sometido a proceso\u00bb.<\/p>\n\n\n\n<p>\u00abEs una persona que est\u00e1 totalmente quebrada, una chica que nos cost\u00f3 sacarle informaci\u00f3n que nos serv\u00eda para poder realizar la denuncia, y que aparte est\u00e1 estremecida por el temor que tiene por denunciar a una figura p\u00fablica\u00bb, dijo el abogado Roberto Castillo en declaraciones a C5N.<\/p>\n\n\n\n<p>El letrado explic\u00f3 que, en el relato se ve \u00abun sometimiento y un ahogo propio de la conducta que se produce para el abuso, por lo que la fiscal\u00eda tendr\u00e1 que determinar si existi\u00f3 una tentativa de homicidio\u00bb.<\/p>\n\n\n\n<p><strong>\u00abEn principio el hecho encuadrar\u00eda en lo que es un abuso sexual con acceso carnal, agravado por las lesiones, y concursado con una privaci\u00f3n ilegitima de la libertad\u00bb<\/strong>, agreg\u00f3 Castillo, quien se\u00f1al\u00f3 que como Villa tuvo una denuncia anterior, \u00abla fiscal\u00eda tiene que revisar sus antecedentes penales y deber\u00e1 analizar si corre riesgos de que se pueda profugar, por lo que una prisi\u00f3n preventiva no es una medida aventurada para resguardar que pueda ser sometido a proceso\u00bb.<\/p>\n\n\n\n<p>El abogado asegur\u00f3 que con la presentaci\u00f3n se le dio \u00abun encuadre jur\u00eddico al caso\u00bb y que en la denuncia se aportaron \u00ablas pruebas de las lesiones y de la atenci\u00f3n medica que tuvo en el Hospital Penna, donde una doctora le aconsej\u00f3 impulsar una acci\u00f3n, pero ella estaba totalmente conmovida, en un estado de shock y no pudo hacer m\u00e1s que irse y mantener el secreto\u00bb.<\/p>\n\n\n\n<p>\u00abReci\u00e9n ahora pudo comenzar a contarlo a familiares que la contuvieron para que ella se anime a instar la acci\u00f3n\u00bb, dijo el letrado, quien agreg\u00f3 que<strong>&nbsp;\u00ablas pruebas son contundentes\u00bb<\/strong>.<\/p>\n\n\n\n<p>\u00abElla tiene un profundo temor porque (Villa) es una persona con proyecci\u00f3n p\u00fablica y porque dice que se contactaron con ella por parte del entorno del jugador. Hubo un ofrecimiento de dinero y despu\u00e9s vamos a acercarle a la fiscal\u00eda las pruebas\u00bb, afirm\u00f3.<\/p>\n","protected":false},"excerpt":{"rendered":"<p>La denuncia relata que el hecho ocurri\u00f3 el 26 de junio del 2021 y que la joven debi\u00f3 ser asistida en el Hospital Penna por las lesiones del abuso sexual. El delantero tiene otra causa elevada a juicio oral por lesiones ocasionadas a su expareja en 2020.<\/p>\n","protected":false},"author":2,"featured_media":39966,"comment_status":"open","ping_status":"open","sticky":false,"template":"","format":"standard","meta":{"om_disable_all_campaigns":false,"_monsterinsights_skip_tracking":false,"_monsterinsights_sitenote_active":false,"_monsterinsights_sitenote_note":"","_monsterinsights_sitenote_category":0,"_uf_show_specific_survey":0,"_uf_disable_surveys":false,"jetpack_post_was_ever_published":false,"_jetpack_newsletter_access":"","_jetpack_dont_email_post_to_subs":false,"_jetpack_newsletter_tier_id":0,"_jetpack_memberships_contains_paywalled_content":false,"_jetpack_memberships_contains_paid_content":false,"footnotes":"","jetpack_publicize_message":"","jetpack_publicize_feature_enabled":true,"jetpack_social_post_already_shared":false,"jetpack_social_options":{"image_generator_settings":{"template":"highway","default_image_id":0,"font":"","enabled":false},"version":2}},"categories":[6],"tags":[],"class_list":["post-39965","post","type-post","status-publish","format-standard","has-post-thumbnail","hentry","category-deportes"],"aioseo_notices":[],"views":8,"jetpack_publicize_connections":[],"jetpack_featured_media_url":"https:\/\/i0.wp.com\/elterritorialweb.com.ar\/web\/wp-content\/uploads\/2022\/05\/SEBASTIAN-VILLA.jpg?fit=680%2C340","jetpack_sharing_enabled":true,"_links":{"self":[{"href":"http:\/\/elterritorialweb.com.ar\/web\/wp-json\/wp\/v2\/posts\/39965","targetHints":{"allow":["GET"]}}],"collection":[{"href":"http:\/\/elterritorialweb.com.ar\/web\/wp-json\/wp\/v2\/posts"}],"about":[{"href":"http:\/\/elterritorialweb.com.ar\/web\/wp-json\/wp\/v2\/types\/post"}],"author":[{"embeddable":true,"href":"http:\/\/elterritorialweb.com.ar\/web\/wp-json\/wp\/v2\/users\/2"}],"replies":[{"embeddable":true,"href":"http:\/\/elterritorialweb.com.ar\/web\/wp-json\/wp\/v2\/comments?post=39965"}],"version-history":[{"count":1,"href":"http:\/\/elterritorialweb.com.ar\/web\/wp-json\/wp\/v2\/posts\/39965\/revisions"}],"predecessor-version":[{"id":39967,"href":"http:\/\/elterritorialweb.com.ar\/web\/wp-json\/wp\/v2\/posts\/39965\/revisions\/39967"}],"wp:featuredmedia":[{"embeddable":true,"href":"http:\/\/elterritorialweb.com.ar\/web\/wp-json\/wp\/v2\/media\/39966"}],"wp:attachment":[{"href":"http:\/\/elterritorialweb.com.ar\/web\/wp-json\/wp\/v2\/media?parent=39965"}],"wp:term":[{"taxonomy":"category","embeddable":true,"href":"http:\/\/elterritorialweb.com.ar\/web\/wp-json\/wp\/v2\/categories?post=39965"},{"taxonomy":"post_tag","embeddable":true,"href":"http:\/\/elterritorialweb.com.ar\/web\/wp-json\/wp\/v2\/tags?post=39965"}],"curies":[{"name":"wp","href":"https:\/\/api.w.org\/{rel}","templated":true}]}}