{"id":39974,"date":"2022-05-13T21:19:55","date_gmt":"2022-05-13T21:19:55","guid":{"rendered":"http:\/\/elterritorialweb.com.ar\/web\/?p=39974"},"modified":"2022-05-13T21:19:56","modified_gmt":"2022-05-13T21:19:56","slug":"soy-rada-presenta-revuelto-en-el-teatro-25-de-mayo","status":"publish","type":"post","link":"http:\/\/elterritorialweb.com.ar\/web\/soy-rada-presenta-revuelto-en-el-teatro-25-de-mayo\/","title":{"rendered":"SOY RADA PRESENTA \u00abREVUELTO\u00bb EN EL TEATRO 25 DE MAYO"},"content":{"rendered":"\n<p><\/p>\n\n\n\n<p>\u00abRevuelto\u00bb llega en un tiempo bisagra del multifac\u00e9tico Soy Rada: un tiempo trampol\u00edn, un tiempo tobog\u00e1n, un tiempo de cierres y aperturas. Un camino hecho de pasos. Un camino hecho de andar. Un paseo por las instant\u00e1neas de este camino, por los hitos que le hicieron saltar una y otra vez a nuevos trazos, nuevos lenguajes, nuevos v\u00e9rtigos, nuevas historias para contar. En el relato no hay cronolog\u00eda, todo convive en su creaci\u00f3n: lo que fue, lo que es, lo que se viene.<\/p>\n\n\n\n<p>Dice Agust\u00edn Aristar\u00e1n \u2013 Soy Rada-: \u00ab\u00bfC\u00f3mo se arma un revuelto? Un revuelto se arma con cosas que ya conoc\u00e9s. Quiz\u00e1 de una receta que te pas\u00f3 tu vieja y que la hiciste muchas veces. Tambi\u00e9n en un revuelto agregamos cosas del momento: un condimento que te trajo un amigo de alg\u00fan viaje, alguna cosita que uno decide meter porque est\u00e1 ah\u00ed, presente. Y en el revuelto tambi\u00e9n te la jug\u00e1s con lo nuevo, un ingrediente que no sab\u00e9s si va quedar bien o mal, pero que decid\u00eds meterlo\u2026 asumiendo el riesgo. Y as\u00ed se arma un revuelto: con cosas que ya conoc\u00edas, con cosas que est\u00e1s conociendo y con cosas nuevas que quer\u00e9s probar.\u00bb<\/p>\n\n\n\n<p>Las entradas se encuentran a la venta en Boleter\u00eda del Teatro o bien a trav\u00e9s de norteticket.com.<br>Los precios van desde $2000 en adelante.<\/p>\n\n\n\n<p><em>\u00bfQui\u00e9n es Rada?<\/em><\/p>\n\n\n\n<p>Amante de Disney, c\u00f3mico nato, mago, clown, actor, conductor, productor y director. Ese es Agust\u00edn Aristar\u00e1n (37), m\u00e1s conocido como Soy Rada.<\/p>\n\n\n\n<p>Pap\u00e1 de Bianca y pareja de la comediante Fernanda Metilli, es oriundo de Bah\u00eda Blanca, donde comenz\u00f3 su amor por la magia. El punto c\u00falmine en su carrera se dio gracias a las redes sociales: hoy su canal de YouTube tiene m\u00e1s de 418 mil suscriptores y su cuenta de Instagram sobrepasa los 1.5 millones de seguidores.<\/p>\n\n\n\n<p>En 2018, gracias a Netflix, pudo llegar a m\u00e1s de 190 pa\u00edses con su especial Agust\u00edn Aristar\u00e1n: Soy Rada. En 2021 se estren\u00f3 su segundo material para la plataforma de streaming: Soy Rada: Serendipia, que en 2021 se despidi\u00f3 en teatro.<\/p>\n\n\n\n<p>Uno de sus \u00e9xitos m\u00e1s grandes en redes sociales es RadaHouse, del cual lleva cuatro temporadas. Como lo explica el mismo c\u00f3mico en la presentaci\u00f3n, \u201cRadaHouse nace como un culto a la pausa. A la conversaci\u00f3n con la gente que admiro, al tiempo supuestamente muerto de la sobremesa\u201d.<\/p>\n\n\n\n<p>Por el programa pasaron famosos como Natalia Oreiro, Mario Pergolini, Abel Pintos, Malena Guinzburg, Iv\u00e1n de Pineda y Dar\u00edo Barassi, entre otros.<\/p>\n\n\n\n<p><em>REDES<\/em><\/p>\n\n\n\n<p>PAGINA<br>https:\/\/www.rada.soy\/<\/p>\n\n\n\n<p>NETFLIX<br>https:\/\/www.netflix.com\/ar\/title\/81313804<\/p>\n\n\n\n<p>SPOTIFY<br>https:\/\/open.spotify.com\/artist\/1FuC6w5K3iO32aU8k4TiPA<\/p>\n\n\n\n<p>YOUTUBE<br>https:\/\/www.youtube.com\/user\/magoradagast<\/p>\n\n\n\n<p>INSTAGRAM<br>https:\/\/www.instagram.com\/soyrada\/<\/p>\n\n\n\n<p>TWITTER<br>https:\/\/twitter.com\/Soy_Rada<\/p>\n\n\n\n<p>Prensa y Difusi\u00f3n<br>Gisele Ju\u00e1rez<br>Periodista y Agente de Prensa<br>giselejuarezprensa@gmail.com<br>341-3-643-486<\/p>\n","protected":false},"excerpt":{"rendered":"<p>Luego de agotar dos Teatros \u00d3pera en la Ciudad de Buenos Aires, y pr\u00f3ximo a su gira Europea, Soy Rada presenta \u00abRevuelto\u00bb en Santiago del Estero. La cita es el 23 de junio a las 21.30 horas en el Teatro 25 de Mayo.<\/p>\n","protected":false},"author":2,"featured_media":39975,"comment_status":"open","ping_status":"open","sticky":false,"template":"","format":"standard","meta":{"om_disable_all_campaigns":false,"_monsterinsights_skip_tracking":false,"_monsterinsights_sitenote_active":false,"_monsterinsights_sitenote_note":"","_monsterinsights_sitenote_category":0,"_uf_show_specific_survey":0,"_uf_disable_surveys":false,"jetpack_post_was_ever_published":false,"_jetpack_newsletter_access":"","_jetpack_dont_email_post_to_subs":false,"_jetpack_newsletter_tier_id":0,"_jetpack_memberships_contains_paywalled_content":false,"_jetpack_memberships_contains_paid_content":false,"footnotes":"","jetpack_publicize_message":"","jetpack_publicize_feature_enabled":true,"jetpack_social_post_already_shared":false,"jetpack_social_options":{"image_generator_settings":{"template":"highway","default_image_id":0,"font":"","enabled":false},"version":2}},"categories":[20],"tags":[],"class_list":["post-39974","post","type-post","status-publish","format-standard","has-post-thumbnail","hentry","category-especysociales"],"aioseo_notices":[],"views":16,"jetpack_publicize_connections":[],"jetpack_featured_media_url":"https:\/\/i0.wp.com\/elterritorialweb.com.ar\/web\/wp-content\/uploads\/2022\/05\/IMG-20220513-WA0004.jpg?fit=800%2C500","jetpack_sharing_enabled":true,"_links":{"self":[{"href":"http:\/\/elterritorialweb.com.ar\/web\/wp-json\/wp\/v2\/posts\/39974","targetHints":{"allow":["GET"]}}],"collection":[{"href":"http:\/\/elterritorialweb.com.ar\/web\/wp-json\/wp\/v2\/posts"}],"about":[{"href":"http:\/\/elterritorialweb.com.ar\/web\/wp-json\/wp\/v2\/types\/post"}],"author":[{"embeddable":true,"href":"http:\/\/elterritorialweb.com.ar\/web\/wp-json\/wp\/v2\/users\/2"}],"replies":[{"embeddable":true,"href":"http:\/\/elterritorialweb.com.ar\/web\/wp-json\/wp\/v2\/comments?post=39974"}],"version-history":[{"count":1,"href":"http:\/\/elterritorialweb.com.ar\/web\/wp-json\/wp\/v2\/posts\/39974\/revisions"}],"predecessor-version":[{"id":39976,"href":"http:\/\/elterritorialweb.com.ar\/web\/wp-json\/wp\/v2\/posts\/39974\/revisions\/39976"}],"wp:featuredmedia":[{"embeddable":true,"href":"http:\/\/elterritorialweb.com.ar\/web\/wp-json\/wp\/v2\/media\/39975"}],"wp:attachment":[{"href":"http:\/\/elterritorialweb.com.ar\/web\/wp-json\/wp\/v2\/media?parent=39974"}],"wp:term":[{"taxonomy":"category","embeddable":true,"href":"http:\/\/elterritorialweb.com.ar\/web\/wp-json\/wp\/v2\/categories?post=39974"},{"taxonomy":"post_tag","embeddable":true,"href":"http:\/\/elterritorialweb.com.ar\/web\/wp-json\/wp\/v2\/tags?post=39974"}],"curies":[{"name":"wp","href":"https:\/\/api.w.org\/{rel}","templated":true}]}}