{"id":39977,"date":"2022-05-13T23:01:00","date_gmt":"2022-05-13T23:01:00","guid":{"rendered":"http:\/\/elterritorialweb.com.ar\/web\/?p=39977"},"modified":"2022-05-13T23:01:01","modified_gmt":"2022-05-13T23:01:01","slug":"nediani-dejo-inaugurada-la-pavimentacion-de-la-calle-salta-prolongacion","status":"publish","type":"post","link":"http:\/\/elterritorialweb.com.ar\/web\/nediani-dejo-inaugurada-la-pavimentacion-de-la-calle-salta-prolongacion\/","title":{"rendered":"NEDIANI DEJ\u00d3 INAUGURADA LA PAVIMENTACI\u00d3N DE LA CALLE SALTA PROLONGACI\u00d3N"},"content":{"rendered":"\n<p>En esta oportunidad el intendente Roger Nediani junto a su equipo de trabajo y vecinos dejaron oficialmente inaugurada la obra de pavimentaci\u00f3n en la calle Salta Prolongaci\u00f3n de dicho barrio hom\u00f3nimo.<br>Esta obra consta de m\u00e1s de 800 metros lineales de hormig\u00f3n H21, comprendidos entre Ruta 1 y Calle 5 del mencionado complejo habitacional, la cual era muy anhelada y agradecida por los vecinos.<br>En esta oportunidad, el jefe comunal manifest\u00f3: \u00abEs una obra que comienza en el barrio Misqui Mayu hasta la zona del R\u00edo Dulce; es una obra muy anhelada por los vecinos y por nosotros porque hace tiempo que quer\u00edamos concretar esta obra para que fluya mejor el tr\u00e1nsito y que haya una mejor comunicaci\u00f3n entre los barrios Salta Prolongaci\u00f3n, Misqui Mayu y el Centro de la Ciudad de La Banda\u00bb.<\/p>\n\n\n\n<figure class=\"wp-block-image size-large\"><a href=\"https:\/\/i0.wp.com\/elterritorialweb.com.ar\/web\/wp-content\/uploads\/2022\/05\/IMG-20220513-WA0007.jpg\"><img data-recalc-dims=\"1\" decoding=\"async\" width=\"640\" height=\"409\" data-src=\"https:\/\/i0.wp.com\/elterritorialweb.com.ar\/web\/wp-content\/uploads\/2022\/05\/IMG-20220513-WA0007.jpg?resize=640%2C409\" alt=\"\" class=\"wp-image-39979 lazyload\" data-srcset=\"https:\/\/i0.wp.com\/elterritorialweb.com.ar\/web\/wp-content\/uploads\/2022\/05\/IMG-20220513-WA0007.jpg?resize=1024%2C654 1024w, https:\/\/i0.wp.com\/elterritorialweb.com.ar\/web\/wp-content\/uploads\/2022\/05\/IMG-20220513-WA0007.jpg?resize=300%2C192 300w, https:\/\/i0.wp.com\/elterritorialweb.com.ar\/web\/wp-content\/uploads\/2022\/05\/IMG-20220513-WA0007.jpg?resize=768%2C491 768w, https:\/\/i0.wp.com\/elterritorialweb.com.ar\/web\/wp-content\/uploads\/2022\/05\/IMG-20220513-WA0007.jpg?w=1280 1280w\" data-sizes=\"(max-width: 640px) 100vw, 640px\" src=\"data:image\/svg+xml;base64,PHN2ZyB3aWR0aD0iMSIgaGVpZ2h0PSIxIiB4bWxucz0iaHR0cDovL3d3dy53My5vcmcvMjAwMC9zdmciPjwvc3ZnPg==\" style=\"--smush-placeholder-width: 640px; --smush-placeholder-aspect-ratio: 640\/409;\" \/><\/a><\/figure>\n\n\n\n<p>Los vecinos hicieron lo propio y agradecieron al intendente esta obra, por su parte Lorena Veliz expres\u00f3: \u00abSiempre estoy recibiendo todos los pedidos de los vecinos y gracias a Dios estoy trabajando y estoy muy orgullosa de trabajar en esta gesti\u00f3n que tiene respuestas positivas. Vamos a seguir trabajando, vamos a seguir consiguiendo cosas; gracias al apoyo del se\u00f1or intendente, Roger Nediani\u00bb.<br>En tanto que Noem\u00ed Saavedra, otra vecina del sector dijo: \u00abEstoy muy contenta porque hace a\u00f1os que se ha pedido esto y se ha logrado gracias a la gesti\u00f3n de mi vecina (Lorena Veliz) y de mi se\u00f1or intendente, que lo ha hecho realidad. Como vecina, nacida y criada aqu\u00ed, le doy gracias a todos y en especial al intendente\u00bb.<br>Posteriormente al corte de cinta tradicional, Nediani camino y di\u00e1logo con los vecinos para conocer la situaci\u00f3n de cada uno.<br>Mientras se llevaba a cabo la inauguraci\u00f3n, los presentes disfrutaron del espect\u00e1culo brindado por: La Nueva Cumbia y S\u00faper de Oro.<\/p>\n","protected":false},"excerpt":{"rendered":"<p>Una obra m\u00e1s que se concreta en la ciudad de La Banda con el objetivo de mejorar la transitabilidad y la calidad de vida del vecino bande\u00f1o.<\/p>\n","protected":false},"author":2,"featured_media":39978,"comment_status":"open","ping_status":"open","sticky":false,"template":"","format":"standard","meta":{"om_disable_all_campaigns":false,"_monsterinsights_skip_tracking":false,"_monsterinsights_sitenote_active":false,"_monsterinsights_sitenote_note":"","_monsterinsights_sitenote_category":0,"_uf_show_specific_survey":0,"_uf_disable_surveys":false,"jetpack_post_was_ever_published":false,"_jetpack_newsletter_access":"","_jetpack_dont_email_post_to_subs":false,"_jetpack_newsletter_tier_id":0,"_jetpack_memberships_contains_paywalled_content":false,"_jetpack_memberships_contains_paid_content":false,"footnotes":"","jetpack_publicize_message":"","jetpack_publicize_feature_enabled":true,"jetpack_social_post_already_shared":false,"jetpack_social_options":{"image_generator_settings":{"template":"highway","default_image_id":0,"font":"","enabled":false},"version":2}},"categories":[21],"tags":[],"class_list":["post-39977","post","type-post","status-publish","format-standard","has-post-thumbnail","hentry","category-locales"],"aioseo_notices":[],"views":9,"jetpack_publicize_connections":[],"jetpack_featured_media_url":"https:\/\/i0.wp.com\/elterritorialweb.com.ar\/web\/wp-content\/uploads\/2022\/05\/IMG-20220513-WA0006.jpg?fit=1280%2C806","jetpack_sharing_enabled":true,"_links":{"self":[{"href":"http:\/\/elterritorialweb.com.ar\/web\/wp-json\/wp\/v2\/posts\/39977","targetHints":{"allow":["GET"]}}],"collection":[{"href":"http:\/\/elterritorialweb.com.ar\/web\/wp-json\/wp\/v2\/posts"}],"about":[{"href":"http:\/\/elterritorialweb.com.ar\/web\/wp-json\/wp\/v2\/types\/post"}],"author":[{"embeddable":true,"href":"http:\/\/elterritorialweb.com.ar\/web\/wp-json\/wp\/v2\/users\/2"}],"replies":[{"embeddable":true,"href":"http:\/\/elterritorialweb.com.ar\/web\/wp-json\/wp\/v2\/comments?post=39977"}],"version-history":[{"count":1,"href":"http:\/\/elterritorialweb.com.ar\/web\/wp-json\/wp\/v2\/posts\/39977\/revisions"}],"predecessor-version":[{"id":39980,"href":"http:\/\/elterritorialweb.com.ar\/web\/wp-json\/wp\/v2\/posts\/39977\/revisions\/39980"}],"wp:featuredmedia":[{"embeddable":true,"href":"http:\/\/elterritorialweb.com.ar\/web\/wp-json\/wp\/v2\/media\/39978"}],"wp:attachment":[{"href":"http:\/\/elterritorialweb.com.ar\/web\/wp-json\/wp\/v2\/media?parent=39977"}],"wp:term":[{"taxonomy":"category","embeddable":true,"href":"http:\/\/elterritorialweb.com.ar\/web\/wp-json\/wp\/v2\/categories?post=39977"},{"taxonomy":"post_tag","embeddable":true,"href":"http:\/\/elterritorialweb.com.ar\/web\/wp-json\/wp\/v2\/tags?post=39977"}],"curies":[{"name":"wp","href":"https:\/\/api.w.org\/{rel}","templated":true}]}}