{"id":39992,"date":"2022-05-14T03:04:12","date_gmt":"2022-05-14T03:04:12","guid":{"rendered":"http:\/\/elterritorialweb.com.ar\/web\/?p=39992"},"modified":"2022-05-14T03:04:13","modified_gmt":"2022-05-14T03:04:13","slug":"la-municipalidad-invito-a-una-consulta-publica-por-la-construccion-del-centro-ambiental-santiago-del-estero","status":"publish","type":"post","link":"http:\/\/elterritorialweb.com.ar\/web\/la-municipalidad-invito-a-una-consulta-publica-por-la-construccion-del-centro-ambiental-santiago-del-estero\/","title":{"rendered":"LA MUNICIPALIDAD INVIT\u00d3 A UNA CONSULTA P\u00daBLICA POR LA CONSTRUCCI\u00d3N DEL CENTRO AMBIENTAL SANTIAGO DEL ESTERO"},"content":{"rendered":"\n<p>La Capital Invit\u00f3 a participar de la Consulta P\u00fablica en el marco del Proyecto \u201cDise\u00f1o, Construcci\u00f3n y Operaci\u00f3n del Centro Ambiental Santiago del Estero, Estaci\u00f3n de Transferencia La Banda y saneamiento del basural a cielo abierto\u201d<\/p>\n\n\n\n<p>Se trata de un proyecto del Ministerio de Ambiente y Desarrollo Sostenible de la Naci\u00f3n, llevado adelante en forma conjunta con la Municipalidad de la Capital y de La Banda, con el prop\u00f3sito de mejorar la gesti\u00f3n de residuos domiciliarios con una proyecci\u00f3n para los pr\u00f3ximos 20 a\u00f1os. Este emprendimiento es financiado con cr\u00e9ditos espec\u00edficos del BID no reembolsables para el municipio.<\/p>\n","protected":false},"excerpt":{"rendered":"<p>El encuentro ser\u00e1 en el Ovalo del Parque Sur el pr\u00f3ximo 20 de mayo, a partir de las 13 horas.<\/p>\n","protected":false},"author":2,"featured_media":39993,"comment_status":"open","ping_status":"open","sticky":false,"template":"","format":"standard","meta":{"om_disable_all_campaigns":false,"_monsterinsights_skip_tracking":false,"_monsterinsights_sitenote_active":false,"_monsterinsights_sitenote_note":"","_monsterinsights_sitenote_category":0,"_uf_show_specific_survey":0,"_uf_disable_surveys":false,"jetpack_post_was_ever_published":false,"_jetpack_newsletter_access":"","_jetpack_dont_email_post_to_subs":false,"_jetpack_newsletter_tier_id":0,"_jetpack_memberships_contains_paywalled_content":false,"_jetpack_memberships_contains_paid_content":false,"footnotes":"","jetpack_publicize_message":"","jetpack_publicize_feature_enabled":true,"jetpack_social_post_already_shared":false,"jetpack_social_options":{"image_generator_settings":{"template":"highway","default_image_id":0,"font":"","enabled":false},"version":2}},"categories":[21],"tags":[],"class_list":["post-39992","post","type-post","status-publish","format-standard","has-post-thumbnail","hentry","category-locales"],"aioseo_notices":[],"views":10,"jetpack_publicize_connections":[],"jetpack_featured_media_url":"https:\/\/i0.wp.com\/elterritorialweb.com.ar\/web\/wp-content\/uploads\/2022\/05\/ovalo.png?fit=854%2C419","jetpack_sharing_enabled":true,"_links":{"self":[{"href":"http:\/\/elterritorialweb.com.ar\/web\/wp-json\/wp\/v2\/posts\/39992","targetHints":{"allow":["GET"]}}],"collection":[{"href":"http:\/\/elterritorialweb.com.ar\/web\/wp-json\/wp\/v2\/posts"}],"about":[{"href":"http:\/\/elterritorialweb.com.ar\/web\/wp-json\/wp\/v2\/types\/post"}],"author":[{"embeddable":true,"href":"http:\/\/elterritorialweb.com.ar\/web\/wp-json\/wp\/v2\/users\/2"}],"replies":[{"embeddable":true,"href":"http:\/\/elterritorialweb.com.ar\/web\/wp-json\/wp\/v2\/comments?post=39992"}],"version-history":[{"count":1,"href":"http:\/\/elterritorialweb.com.ar\/web\/wp-json\/wp\/v2\/posts\/39992\/revisions"}],"predecessor-version":[{"id":39994,"href":"http:\/\/elterritorialweb.com.ar\/web\/wp-json\/wp\/v2\/posts\/39992\/revisions\/39994"}],"wp:featuredmedia":[{"embeddable":true,"href":"http:\/\/elterritorialweb.com.ar\/web\/wp-json\/wp\/v2\/media\/39993"}],"wp:attachment":[{"href":"http:\/\/elterritorialweb.com.ar\/web\/wp-json\/wp\/v2\/media?parent=39992"}],"wp:term":[{"taxonomy":"category","embeddable":true,"href":"http:\/\/elterritorialweb.com.ar\/web\/wp-json\/wp\/v2\/categories?post=39992"},{"taxonomy":"post_tag","embeddable":true,"href":"http:\/\/elterritorialweb.com.ar\/web\/wp-json\/wp\/v2\/tags?post=39992"}],"curies":[{"name":"wp","href":"https:\/\/api.w.org\/{rel}","templated":true}]}}