{"id":39995,"date":"2022-05-14T03:13:41","date_gmt":"2022-05-14T03:13:41","guid":{"rendered":"http:\/\/elterritorialweb.com.ar\/web\/?p=39995"},"modified":"2022-05-14T03:13:41","modified_gmt":"2022-05-14T03:13:41","slug":"la-municipalidad-continua-con-su-programa-pinta-conciencia-con-jovenes-del-barrio-almirante-brown","status":"publish","type":"post","link":"http:\/\/elterritorialweb.com.ar\/web\/la-municipalidad-continua-con-su-programa-pinta-conciencia-con-jovenes-del-barrio-almirante-brown\/","title":{"rendered":"LA MUNICIPALIDAD CONTIN\u00daA CON SU PROGRAMA PINTA CONCIENCIA CON J\u00d3VENES DEL BARRIO ALMIRANTE BROWN"},"content":{"rendered":"\n<p>En representaci\u00f3n de la intendente Fuentes, estuvieron presentes la los secretarios de Coordinaci\u00f3n, Alejandra Yoshitake; de Gobierno, N\u00e9stor Machado; los subsecretarios de Coordinaci\u00f3n, Jos\u00e9 Daniel Kobilansky; de Gobierno, Diego Brunet; y de Desarrollo Comunitario, Mauro Kalinski, adem\u00e1s del director de la Juventud, Luis Llanos y la Directora de Atenci\u00f3n Primaria de la Salud de la provincia, Marta Tarchini.<\/p>\n\n\n\n<p>La actividad desplegada por los j\u00f3venes de esa comunidad, se inici\u00f3 el mi\u00e9rcoles con una jornada de sensibilizaci\u00f3n bajo la tem\u00e1tica elegida y finaliz\u00f3 el viernes con la presentaci\u00f3n del mural en las paredes del Club Almirante Brown, y cont\u00f3 con la participaci\u00f3n del artista pl\u00e1stico, Gabriel Contreras.<\/p>\n\n\n\n<p>Machado transmiti\u00f3 el saludo de la intendente Fuentes a quienes participaron de la jornada donde se abord\u00f3 la salud p\u00fablica y la dimensi\u00f3n que adopt\u00f3 durante la pandemia. Adem\u00e1s destac\u00f3 el trabajo integrador que realiza el municipio y de las diferentes instituciones de la comunidad de la zona sur.<\/p>\n\n\n\n<p>Graciela Sosa de la Mesa de Gesti\u00f3n barrial se\u00f1al\u00f3 que es el cuarto a\u00f1o consecutivo que participa la comunidad educativa de la escuela \u201cPaul Groussac\u201d en el Pinta Conciencia, porque desde el establecimiento se considera que el arte, la creatividad y la innovaci\u00f3n son fundamentales para los j\u00f3venes.<\/p>\n\n\n\n<p>Dijo tambi\u00e9n en esa tarea de creaci\u00f3n del mural, se cont\u00f3 con el acompa\u00f1amiento de la UPA N\u00ba14 del barrio, que aport\u00f3 informaci\u00f3n sobre prevenci\u00f3n y promoci\u00f3n del \u00e1mbito de la salud y destac\u00f3 que mural fue realizado por los alumnos del 2\u00ba a\u00f1o del perito comercial t\u00e9cnico bancario.<\/p>\n\n\n\n<p>Por su parte, Llanos indic\u00f3 que el programa se lleva adelante bajo los lineamientos que propone la intendente Fuentes de tomar contacto con los barrios y sus entidades para promover la participaci\u00f3n de los j\u00f3venes.<\/p>\n\n\n\n<p>Invitada a participar de \u00e9sta jornada, la&nbsp; Dra. Tarchini, destac\u00f3 la actitud y la predisposici\u00f3n de la jefa comunal porque siempre est\u00e1 generando espacios para que los vecinos puedan expresarse.<\/p>\n\n\n\n<p>En tanto, en representaci\u00f3n de la UPA, habl\u00f3 su directora, Roxana Panzoni, quien relat\u00f3 su satisfacci\u00f3n por trabajar con los j\u00f3venes que fueron importantes receptores de toda la informaci\u00f3n que se les transmiti\u00f3.<\/p>\n","protected":false},"excerpt":{"rendered":"<p>Autoridades del gabinete municipal participaron de una nueva presentaci\u00f3n del Pinta Conciencia, realizada por j\u00f3venes de la Escuela \u201cPaul Groussac\u201d y con la  asistencia de la Mesa de Gesti\u00f3n del barrio Almirante Brown, con la tem\u00e1tica de Salud P\u00fablica, en el marco de la 6\u00aa edici\u00f3n del programa que lleva adelante la Municipalidad de la Capital.<\/p>\n","protected":false},"author":2,"featured_media":39996,"comment_status":"open","ping_status":"open","sticky":false,"template":"","format":"standard","meta":{"om_disable_all_campaigns":false,"_monsterinsights_skip_tracking":false,"_monsterinsights_sitenote_active":false,"_monsterinsights_sitenote_note":"","_monsterinsights_sitenote_category":0,"_uf_show_specific_survey":0,"_uf_disable_surveys":false,"jetpack_post_was_ever_published":false,"_jetpack_newsletter_access":"","_jetpack_dont_email_post_to_subs":false,"_jetpack_newsletter_tier_id":0,"_jetpack_memberships_contains_paywalled_content":false,"_jetpack_memberships_contains_paid_content":false,"footnotes":"","jetpack_publicize_message":"","jetpack_publicize_feature_enabled":true,"jetpack_social_post_already_shared":false,"jetpack_social_options":{"image_generator_settings":{"template":"highway","default_image_id":0,"font":"","enabled":false},"version":2}},"categories":[21],"tags":[],"class_list":["post-39995","post","type-post","status-publish","format-standard","has-post-thumbnail","hentry","category-locales"],"aioseo_notices":[],"views":8,"jetpack_publicize_connections":[],"jetpack_featured_media_url":"https:\/\/i0.wp.com\/elterritorialweb.com.ar\/web\/wp-content\/uploads\/2022\/05\/pinta-conciencia-almirante-brown.jpeg?fit=1280%2C926","jetpack_sharing_enabled":true,"_links":{"self":[{"href":"http:\/\/elterritorialweb.com.ar\/web\/wp-json\/wp\/v2\/posts\/39995","targetHints":{"allow":["GET"]}}],"collection":[{"href":"http:\/\/elterritorialweb.com.ar\/web\/wp-json\/wp\/v2\/posts"}],"about":[{"href":"http:\/\/elterritorialweb.com.ar\/web\/wp-json\/wp\/v2\/types\/post"}],"author":[{"embeddable":true,"href":"http:\/\/elterritorialweb.com.ar\/web\/wp-json\/wp\/v2\/users\/2"}],"replies":[{"embeddable":true,"href":"http:\/\/elterritorialweb.com.ar\/web\/wp-json\/wp\/v2\/comments?post=39995"}],"version-history":[{"count":1,"href":"http:\/\/elterritorialweb.com.ar\/web\/wp-json\/wp\/v2\/posts\/39995\/revisions"}],"predecessor-version":[{"id":39997,"href":"http:\/\/elterritorialweb.com.ar\/web\/wp-json\/wp\/v2\/posts\/39995\/revisions\/39997"}],"wp:featuredmedia":[{"embeddable":true,"href":"http:\/\/elterritorialweb.com.ar\/web\/wp-json\/wp\/v2\/media\/39996"}],"wp:attachment":[{"href":"http:\/\/elterritorialweb.com.ar\/web\/wp-json\/wp\/v2\/media?parent=39995"}],"wp:term":[{"taxonomy":"category","embeddable":true,"href":"http:\/\/elterritorialweb.com.ar\/web\/wp-json\/wp\/v2\/categories?post=39995"},{"taxonomy":"post_tag","embeddable":true,"href":"http:\/\/elterritorialweb.com.ar\/web\/wp-json\/wp\/v2\/tags?post=39995"}],"curies":[{"name":"wp","href":"https:\/\/api.w.org\/{rel}","templated":true}]}}