{"id":39998,"date":"2022-05-14T03:28:30","date_gmt":"2022-05-14T03:28:30","guid":{"rendered":"http:\/\/elterritorialweb.com.ar\/web\/?p=39998"},"modified":"2022-05-14T03:28:30","modified_gmt":"2022-05-14T03:28:30","slug":"la-canada-celebro-su-129-aniversario-con-la-inauguracion-de-obras","status":"publish","type":"post","link":"http:\/\/elterritorialweb.com.ar\/web\/la-canada-celebro-su-129-aniversario-con-la-inauguracion-de-obras\/","title":{"rendered":"LA CA\u00d1ADA CELEBR\u00d3 SU 129\u00b0 ANIVERSARIO CON LA INAUGURACI\u00d3N DE OBRAS"},"content":{"rendered":"\n<p>Tambi\u00e9n el Gobierno provincial entreg\u00f3 un tractor 0 km. que se suma al parque automotor de la comuna.<br>Participaron del acto los ministros de Desarrollo Social, \u00c1ngel Niccolai, y de Producci\u00f3n, Miguel Mandrille; la diputada nacional Nilda Moyano; el subsecretario de Obras P\u00fablicas, Jorge Zua\u00edn; el titular del Ersac, Juan Roitman y comisionados de la zona, quienes fueron recibidos por el jefe comunal local, Cristi\u00e1n Abiakel.<br>En principio, las autoridades acompa\u00f1ados de tres vecinos legendarios del pueblo, oficializaron la habilitaci\u00f3n de las obras ejecutadas con el apoyo provincial que seg\u00fan indic\u00f3 Niccolai, son el reflejo de un pueblo transformado y que generan m\u00e1s progreso.<\/p>\n\n\n\n<figure class=\"wp-block-image size-large\"><a href=\"https:\/\/i0.wp.com\/elterritorialweb.com.ar\/web\/wp-content\/uploads\/2022\/05\/la-canada-1.jpeg\"><img data-recalc-dims=\"1\" decoding=\"async\" width=\"640\" height=\"426\" data-src=\"https:\/\/i0.wp.com\/elterritorialweb.com.ar\/web\/wp-content\/uploads\/2022\/05\/la-canada-1.jpeg?resize=640%2C426\" alt=\"\" class=\"wp-image-40000 lazyload\" data-srcset=\"https:\/\/i0.wp.com\/elterritorialweb.com.ar\/web\/wp-content\/uploads\/2022\/05\/la-canada-1.jpeg?resize=1024%2C682 1024w, https:\/\/i0.wp.com\/elterritorialweb.com.ar\/web\/wp-content\/uploads\/2022\/05\/la-canada-1.jpeg?resize=300%2C200 300w, https:\/\/i0.wp.com\/elterritorialweb.com.ar\/web\/wp-content\/uploads\/2022\/05\/la-canada-1.jpeg?resize=768%2C512 768w, https:\/\/i0.wp.com\/elterritorialweb.com.ar\/web\/wp-content\/uploads\/2022\/05\/la-canada-1.jpeg?w=1280 1280w\" data-sizes=\"(max-width: 640px) 100vw, 640px\" src=\"data:image\/svg+xml;base64,PHN2ZyB3aWR0aD0iMSIgaGVpZ2h0PSIxIiB4bWxucz0iaHR0cDovL3d3dy53My5vcmcvMjAwMC9zdmciPjwvc3ZnPg==\" style=\"--smush-placeholder-width: 640px; --smush-placeholder-aspect-ratio: 640\/426;\" \/><\/a><\/figure>\n\n\n\n<p>\u00abVivimos un Santiago con esperanza y de pie, que mira al futuro trabajando y concretando acciones fundamentales para la gente y La Ca\u00f1ada es un ejemplo palpable porque vemos un pueblo pujante, con obras magn\u00edficas y con otras en ejecuci\u00f3n que vienen a generar m\u00e1s crecimiento\u00bb, afirm\u00f3 el titular de Desarrollo Social.<br>En su mensaje, Abikail manifest\u00f3 su alegr\u00eda por inaugurar obras que son en beneficio de la gente y destac\u00f3 que se encuentra en construcci\u00f3n el nuevo edificio del Hospital Zonal y asegur\u00f3: \u00abEsta obra es un anhelo para toda la poblaci\u00f3n y para la zona de influencia\u00bb.<br>A su turno, Mandrille hizo especial \u00e9nfasis en el crecimiento de La Ca\u00f1ada y sostuvo: \u00abEstas obras son pilares fundamentales para el crecimiento de una comunidad y le permiten dar un salto cualitativo y cuantitativo, beneficiando a la poblaci\u00f3n y a la producci\u00f3n de esta zona rural\u00bb.<\/p>\n\n\n\n<figure class=\"wp-block-image size-large\"><a href=\"https:\/\/i0.wp.com\/elterritorialweb.com.ar\/web\/wp-content\/uploads\/2022\/05\/la-canada-2.jpeg\"><img data-recalc-dims=\"1\" decoding=\"async\" width=\"640\" height=\"419\" data-src=\"https:\/\/i0.wp.com\/elterritorialweb.com.ar\/web\/wp-content\/uploads\/2022\/05\/la-canada-2.jpeg?resize=640%2C419\" alt=\"\" class=\"wp-image-40001 lazyload\" data-srcset=\"https:\/\/i0.wp.com\/elterritorialweb.com.ar\/web\/wp-content\/uploads\/2022\/05\/la-canada-2.jpeg?resize=1024%2C670 1024w, https:\/\/i0.wp.com\/elterritorialweb.com.ar\/web\/wp-content\/uploads\/2022\/05\/la-canada-2.jpeg?resize=300%2C196 300w, https:\/\/i0.wp.com\/elterritorialweb.com.ar\/web\/wp-content\/uploads\/2022\/05\/la-canada-2.jpeg?resize=768%2C503 768w, https:\/\/i0.wp.com\/elterritorialweb.com.ar\/web\/wp-content\/uploads\/2022\/05\/la-canada-2.jpeg?w=1280 1280w\" data-sizes=\"(max-width: 640px) 100vw, 640px\" src=\"data:image\/svg+xml;base64,PHN2ZyB3aWR0aD0iMSIgaGVpZ2h0PSIxIiB4bWxucz0iaHR0cDovL3d3dy53My5vcmcvMjAwMC9zdmciPjwvc3ZnPg==\" style=\"--smush-placeholder-width: 640px; --smush-placeholder-aspect-ratio: 640\/419;\" \/><\/a><\/figure>\n\n\n\n<p>Es de destacar que las unidades habitacionales fueron construidas por la comisi\u00f3n municipal local y por la Asociaci\u00f3n Reflejos Ca\u00f1adiense, a cargo de Marylin Paz, y est\u00e1n distribuidas en las poblaciones aleda\u00f1as de Candelaria, Las Maderas, Santa Mar\u00eda, La Esquina, Tres Cha\u00f1ares, Santa Rosa, Pozo Cavado, Km 613, Km 606, Campo Verde, Remansito, La Ramada, Las Libranzas, Rodeana, Saladillo y Lote 2.<br>Tambi\u00e9n durante la ceremonia se entregaron certificados a los asistentes a los cursos de \u00abProducci\u00f3n Audivisual\u00bb y de \u00abChacinados\u00bb.<br>En el final se realiz\u00f3 un desfile c\u00edvico militar.<\/p>\n","protected":false},"excerpt":{"rendered":"<p>La comunidad de La Ca\u00f1ada vivi\u00f3 una jornada memorable con la inauguraci\u00f3n de obras, entre las que se cuentan la repavimentaci\u00f3n de 10 kil\u00f3metros de la ruta provincial 206; 1.500 metros de pavimento en el casco urbano, 600 metros de cord\u00f3n cuneta, vereda, un cartel identificatorio en el acceso principal al pueblo y 79 viviendas sociales, en el marco del 129\u00b0 aniversario de esta localidad ubicada en el departamento Figueroa.<\/p>\n","protected":false},"author":2,"featured_media":39999,"comment_status":"open","ping_status":"open","sticky":false,"template":"","format":"standard","meta":{"om_disable_all_campaigns":false,"_monsterinsights_skip_tracking":false,"_monsterinsights_sitenote_active":false,"_monsterinsights_sitenote_note":"","_monsterinsights_sitenote_category":0,"_uf_show_specific_survey":0,"_uf_disable_surveys":false,"jetpack_post_was_ever_published":false,"_jetpack_newsletter_access":"","_jetpack_dont_email_post_to_subs":false,"_jetpack_newsletter_tier_id":0,"_jetpack_memberships_contains_paywalled_content":false,"_jetpack_memberships_contains_paid_content":false,"footnotes":"","jetpack_publicize_message":"","jetpack_publicize_feature_enabled":true,"jetpack_social_post_already_shared":false,"jetpack_social_options":{"image_generator_settings":{"template":"highway","default_image_id":0,"font":"","enabled":false},"version":2}},"categories":[21],"tags":[],"class_list":["post-39998","post","type-post","status-publish","format-standard","has-post-thumbnail","hentry","category-locales"],"aioseo_notices":[],"views":6,"jetpack_publicize_connections":[],"jetpack_featured_media_url":"https:\/\/i0.wp.com\/elterritorialweb.com.ar\/web\/wp-content\/uploads\/2022\/05\/la-canada.jpeg?fit=1280%2C853","jetpack_sharing_enabled":true,"_links":{"self":[{"href":"http:\/\/elterritorialweb.com.ar\/web\/wp-json\/wp\/v2\/posts\/39998","targetHints":{"allow":["GET"]}}],"collection":[{"href":"http:\/\/elterritorialweb.com.ar\/web\/wp-json\/wp\/v2\/posts"}],"about":[{"href":"http:\/\/elterritorialweb.com.ar\/web\/wp-json\/wp\/v2\/types\/post"}],"author":[{"embeddable":true,"href":"http:\/\/elterritorialweb.com.ar\/web\/wp-json\/wp\/v2\/users\/2"}],"replies":[{"embeddable":true,"href":"http:\/\/elterritorialweb.com.ar\/web\/wp-json\/wp\/v2\/comments?post=39998"}],"version-history":[{"count":1,"href":"http:\/\/elterritorialweb.com.ar\/web\/wp-json\/wp\/v2\/posts\/39998\/revisions"}],"predecessor-version":[{"id":40002,"href":"http:\/\/elterritorialweb.com.ar\/web\/wp-json\/wp\/v2\/posts\/39998\/revisions\/40002"}],"wp:featuredmedia":[{"embeddable":true,"href":"http:\/\/elterritorialweb.com.ar\/web\/wp-json\/wp\/v2\/media\/39999"}],"wp:attachment":[{"href":"http:\/\/elterritorialweb.com.ar\/web\/wp-json\/wp\/v2\/media?parent=39998"}],"wp:term":[{"taxonomy":"category","embeddable":true,"href":"http:\/\/elterritorialweb.com.ar\/web\/wp-json\/wp\/v2\/categories?post=39998"},{"taxonomy":"post_tag","embeddable":true,"href":"http:\/\/elterritorialweb.com.ar\/web\/wp-json\/wp\/v2\/tags?post=39998"}],"curies":[{"name":"wp","href":"https:\/\/api.w.org\/{rel}","templated":true}]}}