{"id":40003,"date":"2022-05-14T12:47:46","date_gmt":"2022-05-14T12:47:46","guid":{"rendered":"http:\/\/elterritorialweb.com.ar\/web\/?p=40003"},"modified":"2022-05-14T12:47:47","modified_gmt":"2022-05-14T12:47:47","slug":"con-la-largada-simbolica-la-nueva-edicion-del-rally-de-frias-2022-se-puso-en-marcha-en-la-noche-de-este-viernes","status":"publish","type":"post","link":"http:\/\/elterritorialweb.com.ar\/web\/con-la-largada-simbolica-la-nueva-edicion-del-rally-de-frias-2022-se-puso-en-marcha-en-la-noche-de-este-viernes\/","title":{"rendered":"CON LA LARGADA SIMB\u00d3LICA, LA NUEVA EDICI\u00d3N DEL RALLY DE FR\u00cdAS 2022 SE PUSO EN MARCHA EN LA NOCHE DE ESTE VIERNES"},"content":{"rendered":"\n<p>Con m\u00e1s de setenta m\u00e1quinas inscriptas hasta el mediod\u00eda del viernes, pilotos locales, de Santiago del Estero, de Catamarca y de la regi\u00f3n, engalanaron una noche m\u00e1gica al comp\u00e1s del rugir de los motores que desde ma\u00f1ana s\u00e1bado hasta el domingo recorrer\u00e1n los caminos de la vecina provincia.<\/p>\n\n\n\n<figure class=\"wp-block-image size-full\"><a href=\"https:\/\/i0.wp.com\/elterritorialweb.com.ar\/web\/wp-content\/uploads\/2022\/05\/frias-Rally-1.jpg\"><img data-recalc-dims=\"1\" decoding=\"async\" width=\"640\" height=\"427\" data-src=\"https:\/\/i0.wp.com\/elterritorialweb.com.ar\/web\/wp-content\/uploads\/2022\/05\/frias-Rally-1.jpg?resize=640%2C427\" alt=\"\" class=\"wp-image-40005 lazyload\" data-srcset=\"https:\/\/i0.wp.com\/elterritorialweb.com.ar\/web\/wp-content\/uploads\/2022\/05\/frias-Rally-1.jpg?w=810 810w, https:\/\/i0.wp.com\/elterritorialweb.com.ar\/web\/wp-content\/uploads\/2022\/05\/frias-Rally-1.jpg?resize=300%2C200 300w, https:\/\/i0.wp.com\/elterritorialweb.com.ar\/web\/wp-content\/uploads\/2022\/05\/frias-Rally-1.jpg?resize=768%2C512 768w\" data-sizes=\"(max-width: 640px) 100vw, 640px\" src=\"data:image\/svg+xml;base64,PHN2ZyB3aWR0aD0iMSIgaGVpZ2h0PSIxIiB4bWxucz0iaHR0cDovL3d3dy53My5vcmcvMjAwMC9zdmciPjwvc3ZnPg==\" style=\"--smush-placeholder-width: 640px; --smush-placeholder-aspect-ratio: 640\/427;\" \/><\/a><\/figure>\n\n\n\n<p>\u00abEstamos muy contentos de estar en Fr\u00edas, acompa\u00f1ar al intendente, pilotos y todos los frienses en este evento de enorme trascendencia para la provincia y la regi\u00f3n\u00bb sostuvo el Subsecretario de Turismo de la Provincia de Santiago del Estero Lic. Nelson Bravo.<\/p>\n\n\n\n<figure class=\"wp-block-image size-full\"><a href=\"https:\/\/i0.wp.com\/elterritorialweb.com.ar\/web\/wp-content\/uploads\/2022\/05\/frias-Rally-5.jpg\"><img data-recalc-dims=\"1\" decoding=\"async\" width=\"640\" height=\"427\" data-src=\"https:\/\/i0.wp.com\/elterritorialweb.com.ar\/web\/wp-content\/uploads\/2022\/05\/frias-Rally-5.jpg?resize=640%2C427\" alt=\"\" class=\"wp-image-40006 lazyload\" data-srcset=\"https:\/\/i0.wp.com\/elterritorialweb.com.ar\/web\/wp-content\/uploads\/2022\/05\/frias-Rally-5.jpg?w=810 810w, https:\/\/i0.wp.com\/elterritorialweb.com.ar\/web\/wp-content\/uploads\/2022\/05\/frias-Rally-5.jpg?resize=300%2C200 300w, https:\/\/i0.wp.com\/elterritorialweb.com.ar\/web\/wp-content\/uploads\/2022\/05\/frias-Rally-5.jpg?resize=768%2C512 768w\" data-sizes=\"(max-width: 640px) 100vw, 640px\" src=\"data:image\/svg+xml;base64,PHN2ZyB3aWR0aD0iMSIgaGVpZ2h0PSIxIiB4bWxucz0iaHR0cDovL3d3dy53My5vcmcvMjAwMC9zdmciPjwvc3ZnPg==\" style=\"--smush-placeholder-width: 640px; --smush-placeholder-aspect-ratio: 640\/427;\" \/><\/a><\/figure>\n\n\n\n<p>Por su parte, el Dr. Astor An\u00edbal Padula se\u00f1al\u00f3 con entusiasmo lo vivido en este primera jornada de rally. \u00abRatificamos el gran momento que estamos viviendo en la provincia con las pol\u00edticas de p\u00fablico conocimiento llevadas a cabo por nuestro gobernador Dr. Gerardo Zamora, y esta es una nuestra de todo ello. Pudimos una vez m\u00e1s tener este importante fecha de Rally junto a l Federaci\u00f3n Catamarque\u00f1a del Deporte Motor y a Los Amigos de Rally de Fr\u00edas. Gracias al subsecretario de turismo, a la Secretaria de Deportes de Santiago del Estero y al nuestro Gobierno Provincial y tambi\u00e9n a la Provincia de Catamarca\u00bb.<\/p>\n\n\n\n<figure class=\"wp-block-image size-full\"><a href=\"https:\/\/i0.wp.com\/elterritorialweb.com.ar\/web\/wp-content\/uploads\/2022\/05\/frias-Rally-3.jpg\"><img data-recalc-dims=\"1\" decoding=\"async\" width=\"640\" height=\"427\" data-src=\"https:\/\/i0.wp.com\/elterritorialweb.com.ar\/web\/wp-content\/uploads\/2022\/05\/frias-Rally-3.jpg?resize=640%2C427\" alt=\"\" class=\"wp-image-40007 lazyload\" data-srcset=\"https:\/\/i0.wp.com\/elterritorialweb.com.ar\/web\/wp-content\/uploads\/2022\/05\/frias-Rally-3.jpg?w=810 810w, https:\/\/i0.wp.com\/elterritorialweb.com.ar\/web\/wp-content\/uploads\/2022\/05\/frias-Rally-3.jpg?resize=300%2C200 300w, https:\/\/i0.wp.com\/elterritorialweb.com.ar\/web\/wp-content\/uploads\/2022\/05\/frias-Rally-3.jpg?resize=768%2C512 768w\" data-sizes=\"(max-width: 640px) 100vw, 640px\" src=\"data:image\/svg+xml;base64,PHN2ZyB3aWR0aD0iMSIgaGVpZ2h0PSIxIiB4bWxucz0iaHR0cDovL3d3dy53My5vcmcvMjAwMC9zdmciPjwvc3ZnPg==\" style=\"--smush-placeholder-width: 640px; --smush-placeholder-aspect-ratio: 640\/427;\" \/><\/a><\/figure>\n\n\n\n<p>\u00abEstamos orgullosos de todos los vecinos de nuestra ciudad y nos sentimos muy felices de llevar este evento al conocimiento de todo el pa\u00eds con la gran repercusi\u00f3n de la comunicadores presentes este fin de semana en Fr\u00edas. Todos nos sentimos reconfortados en esta noche, y esto reci\u00e9n est\u00e1 comenzando\u00bb manifest\u00f3 con entusiasmo el Dr. Astor An\u00edbal Padula.<\/p>\n\n\n\n<figure class=\"wp-block-image size-full\"><a href=\"https:\/\/i0.wp.com\/elterritorialweb.com.ar\/web\/wp-content\/uploads\/2022\/05\/frias-Rally-2.jpg\"><img data-recalc-dims=\"1\" decoding=\"async\" width=\"640\" height=\"427\" data-src=\"https:\/\/i0.wp.com\/elterritorialweb.com.ar\/web\/wp-content\/uploads\/2022\/05\/frias-Rally-2.jpg?resize=640%2C427\" alt=\"\" class=\"wp-image-40009 lazyload\" data-srcset=\"https:\/\/i0.wp.com\/elterritorialweb.com.ar\/web\/wp-content\/uploads\/2022\/05\/frias-Rally-2.jpg?w=810 810w, https:\/\/i0.wp.com\/elterritorialweb.com.ar\/web\/wp-content\/uploads\/2022\/05\/frias-Rally-2.jpg?resize=300%2C200 300w, https:\/\/i0.wp.com\/elterritorialweb.com.ar\/web\/wp-content\/uploads\/2022\/05\/frias-Rally-2.jpg?resize=768%2C512 768w\" data-sizes=\"(max-width: 640px) 100vw, 640px\" src=\"data:image\/svg+xml;base64,PHN2ZyB3aWR0aD0iMSIgaGVpZ2h0PSIxIiB4bWxucz0iaHR0cDovL3d3dy53My5vcmcvMjAwMC9zdmciPjwvc3ZnPg==\" style=\"--smush-placeholder-width: 640px; --smush-placeholder-aspect-ratio: 640\/427;\" \/><\/a><\/figure>\n\n\n\n<p>La Banda de M\u00fasica Municipal dirigida por el Prof. Sergio Guzm\u00e1n ejecutaron el Himno Nacional Argentino y la Marcha a las Malvinas, m\u00e1s un respetado repertorio de nuestro acervo cultural. En la ma\u00f1ana de este s\u00e1bado continuar\u00e1n llegando otros autos de competenci\u00f3n y se instalar\u00e1n en el Parque de Asistencia en el Parque Municipal Florencia Genesir. <\/p>\n\n\n\n<figure class=\"wp-block-image size-full\"><a href=\"https:\/\/i0.wp.com\/elterritorialweb.com.ar\/web\/wp-content\/uploads\/2022\/05\/frias-Rally-6.jpg\"><img data-recalc-dims=\"1\" decoding=\"async\" width=\"640\" height=\"427\" data-src=\"https:\/\/i0.wp.com\/elterritorialweb.com.ar\/web\/wp-content\/uploads\/2022\/05\/frias-Rally-6.jpg?resize=640%2C427\" alt=\"\" class=\"wp-image-40010 lazyload\" data-srcset=\"https:\/\/i0.wp.com\/elterritorialweb.com.ar\/web\/wp-content\/uploads\/2022\/05\/frias-Rally-6.jpg?w=810 810w, https:\/\/i0.wp.com\/elterritorialweb.com.ar\/web\/wp-content\/uploads\/2022\/05\/frias-Rally-6.jpg?resize=300%2C200 300w, https:\/\/i0.wp.com\/elterritorialweb.com.ar\/web\/wp-content\/uploads\/2022\/05\/frias-Rally-6.jpg?resize=768%2C512 768w\" data-sizes=\"(max-width: 640px) 100vw, 640px\" src=\"data:image\/svg+xml;base64,PHN2ZyB3aWR0aD0iMSIgaGVpZ2h0PSIxIiB4bWxucz0iaHR0cDovL3d3dy53My5vcmcvMjAwMC9zdmciPjwvc3ZnPg==\" style=\"--smush-placeholder-width: 640px; --smush-placeholder-aspect-ratio: 640\/427;\" \/><\/a><\/figure>\n\n\n\n<p>A partir de las 14 horas saldr\u00e1n hacia los caminos de la Provincia de Catamarca para iniciar la primera etapa de velocidad en esta nueva edici\u00f3n del Rally de Fr\u00edas.<\/p>\n","protected":false},"excerpt":{"rendered":"<p>El intendente Dr. Astor An\u00edbal Padula acompa\u00f1ado por el Subsecretario de Turismo de la Provincia de Santiago del Estero Lic. Nelson Bravo encabezaron esta noche la ceremonia de la Largada Simb\u00f3lica de la Tercera Fecha del Campeonato Catamarque\u00f1o de Rally en la ciudad de Fr\u00edas \u00abHomenaje a los H\u00e9roes de Malvinas\u00bb.<\/p>\n","protected":false},"author":2,"featured_media":40004,"comment_status":"open","ping_status":"open","sticky":false,"template":"","format":"standard","meta":{"om_disable_all_campaigns":false,"_monsterinsights_skip_tracking":false,"_monsterinsights_sitenote_active":false,"_monsterinsights_sitenote_note":"","_monsterinsights_sitenote_category":0,"_uf_show_specific_survey":0,"_uf_disable_surveys":false,"jetpack_post_was_ever_published":false,"_jetpack_newsletter_access":"","_jetpack_dont_email_post_to_subs":false,"_jetpack_newsletter_tier_id":0,"_jetpack_memberships_contains_paywalled_content":false,"_jetpack_memberships_contains_paid_content":false,"footnotes":"","jetpack_publicize_message":"","jetpack_publicize_feature_enabled":true,"jetpack_social_post_already_shared":false,"jetpack_social_options":{"image_generator_settings":{"template":"highway","default_image_id":0,"font":"","enabled":false},"version":2}},"categories":[6],"tags":[],"class_list":["post-40003","post","type-post","status-publish","format-standard","has-post-thumbnail","hentry","category-deportes"],"aioseo_notices":[],"views":9,"jetpack_publicize_connections":[],"jetpack_featured_media_url":"https:\/\/i0.wp.com\/elterritorialweb.com.ar\/web\/wp-content\/uploads\/2022\/05\/frias-Rally.jpg?fit=810%2C540","jetpack_sharing_enabled":true,"_links":{"self":[{"href":"http:\/\/elterritorialweb.com.ar\/web\/wp-json\/wp\/v2\/posts\/40003","targetHints":{"allow":["GET"]}}],"collection":[{"href":"http:\/\/elterritorialweb.com.ar\/web\/wp-json\/wp\/v2\/posts"}],"about":[{"href":"http:\/\/elterritorialweb.com.ar\/web\/wp-json\/wp\/v2\/types\/post"}],"author":[{"embeddable":true,"href":"http:\/\/elterritorialweb.com.ar\/web\/wp-json\/wp\/v2\/users\/2"}],"replies":[{"embeddable":true,"href":"http:\/\/elterritorialweb.com.ar\/web\/wp-json\/wp\/v2\/comments?post=40003"}],"version-history":[{"count":1,"href":"http:\/\/elterritorialweb.com.ar\/web\/wp-json\/wp\/v2\/posts\/40003\/revisions"}],"predecessor-version":[{"id":40011,"href":"http:\/\/elterritorialweb.com.ar\/web\/wp-json\/wp\/v2\/posts\/40003\/revisions\/40011"}],"wp:featuredmedia":[{"embeddable":true,"href":"http:\/\/elterritorialweb.com.ar\/web\/wp-json\/wp\/v2\/media\/40004"}],"wp:attachment":[{"href":"http:\/\/elterritorialweb.com.ar\/web\/wp-json\/wp\/v2\/media?parent=40003"}],"wp:term":[{"taxonomy":"category","embeddable":true,"href":"http:\/\/elterritorialweb.com.ar\/web\/wp-json\/wp\/v2\/categories?post=40003"},{"taxonomy":"post_tag","embeddable":true,"href":"http:\/\/elterritorialweb.com.ar\/web\/wp-json\/wp\/v2\/tags?post=40003"}],"curies":[{"name":"wp","href":"https:\/\/api.w.org\/{rel}","templated":true}]}}