{"id":40015,"date":"2022-05-14T13:57:47","date_gmt":"2022-05-14T13:57:47","guid":{"rendered":"http:\/\/elterritorialweb.com.ar\/web\/?p=40015"},"modified":"2022-05-14T14:16:39","modified_gmt":"2022-05-14T14:16:39","slug":"anticipan-un-sabado-nublado-con-una-temperatura-que-rondara-los-18","status":"publish","type":"post","link":"http:\/\/elterritorialweb.com.ar\/web\/anticipan-un-sabado-nublado-con-una-temperatura-que-rondara-los-18\/","title":{"rendered":"ANTICIPAN UN S\u00c1BADO NUBLADO, CON UNA TEMPERATURA QUE RONDAR\u00c1 LOS 23\u00b0"},"content":{"rendered":"\n<p>El\u00a0<strong>pron\u00f3stico del tiempo para la Madre de Ciudades<\/strong>, indica que estar\u00e1\u00a0<strong>nublado<\/strong>\u00a0por la ma\u00f1ana y la temperatura rondar\u00e1 entre\u00a0<strong>18 grados.<\/strong><\/p>\n\n\n\n<p>De acuerdo al parte del Servicio Meteorol\u00f3gico Nacional, el\u00a0<strong>clima<\/strong>\u00a0presenta una probabilidad de lluvia de 10 por ciento, y los vientos del sur correr\u00e1n a una velocidad de entre 7 y 12 kil\u00f3metros por hora. La humedad ser\u00eda del 82 por ciento, y la visibilidad ser\u00eda buena.<\/p>\n\n\n\n<p><strong>Pron\u00f3stico para la tarde y la noche<\/strong><\/p>\n\n\n\n<p>El parte del servicio meteorol\u00f3gico prev\u00e9 que para despu\u00e9s del mediod\u00eda el cielo estar\u00e1 nublado y los vientos del sector este tendr\u00e1n velocidades estimadas entre 13 y 22 km\/h. La temperatura pronosticada ser\u00eda de\u00a0<strong>18 grados.<\/strong><\/p>\n\n\n\n<figure class=\"wp-block-image size-large\"><a href=\"https:\/\/i0.wp.com\/elterritorialweb.com.ar\/web\/wp-content\/uploads\/2022\/05\/centro-de-santiago.jpeg\"><img data-recalc-dims=\"1\" decoding=\"async\" width=\"640\" height=\"468\" data-src=\"https:\/\/i0.wp.com\/elterritorialweb.com.ar\/web\/wp-content\/uploads\/2022\/05\/centro-de-santiago.jpeg?resize=640%2C468\" alt=\"\" class=\"wp-image-40020 lazyload\" data-srcset=\"https:\/\/i0.wp.com\/elterritorialweb.com.ar\/web\/wp-content\/uploads\/2022\/05\/centro-de-santiago.jpeg?resize=1024%2C748 1024w, https:\/\/i0.wp.com\/elterritorialweb.com.ar\/web\/wp-content\/uploads\/2022\/05\/centro-de-santiago.jpeg?resize=300%2C219 300w, https:\/\/i0.wp.com\/elterritorialweb.com.ar\/web\/wp-content\/uploads\/2022\/05\/centro-de-santiago.jpeg?resize=768%2C561 768w, https:\/\/i0.wp.com\/elterritorialweb.com.ar\/web\/wp-content\/uploads\/2022\/05\/centro-de-santiago.jpeg?w=1500 1500w, https:\/\/i0.wp.com\/elterritorialweb.com.ar\/web\/wp-content\/uploads\/2022\/05\/centro-de-santiago.jpeg?w=1280 1280w\" data-sizes=\"(max-width: 640px) 100vw, 640px\" src=\"data:image\/svg+xml;base64,PHN2ZyB3aWR0aD0iMSIgaGVpZ2h0PSIxIiB4bWxucz0iaHR0cDovL3d3dy53My5vcmcvMjAwMC9zdmciPjwvc3ZnPg==\" style=\"--smush-placeholder-width: 640px; --smush-placeholder-aspect-ratio: 640\/468;\" \/><\/a><\/figure>\n\n\n\n<p>A la noche, el clima rondar\u00e1 los 18 grados, mientras que los vientos ser\u00e1n del sudoeste a una velocidad de 0 y 2 kil\u00f3metros por hora. La probabilidad de lluvia estar\u00eda en el orden del 10 por ciento para esta franja del d\u00eda.<\/p>\n","protected":false},"excerpt":{"rendered":"<p>El Servicio Meteorol\u00f3gico Nacional anticipa que este s\u00e1bado, la temperatura rondar\u00e1 entre 23\u00b0; la probabilidad de lluvias alcanzar\u00e1 el 10 por ciento<\/p>\n","protected":false},"author":2,"featured_media":40016,"comment_status":"open","ping_status":"open","sticky":false,"template":"","format":"standard","meta":{"om_disable_all_campaigns":false,"_monsterinsights_skip_tracking":false,"_monsterinsights_sitenote_active":false,"_monsterinsights_sitenote_note":"","_monsterinsights_sitenote_category":0,"_uf_show_specific_survey":0,"_uf_disable_surveys":false,"jetpack_post_was_ever_published":false,"_jetpack_newsletter_access":"","_jetpack_dont_email_post_to_subs":false,"_jetpack_newsletter_tier_id":0,"_jetpack_memberships_contains_paywalled_content":false,"_jetpack_memberships_contains_paid_content":false,"footnotes":"","jetpack_publicize_message":"","jetpack_publicize_feature_enabled":true,"jetpack_social_post_already_shared":false,"jetpack_social_options":{"image_generator_settings":{"template":"highway","default_image_id":0,"font":"","enabled":false},"version":2}},"categories":[21],"tags":[],"class_list":["post-40015","post","type-post","status-publish","format-standard","has-post-thumbnail","hentry","category-locales"],"aioseo_notices":[],"views":11,"jetpack_publicize_connections":[],"jetpack_featured_media_url":"https:\/\/i0.wp.com\/elterritorialweb.com.ar\/web\/wp-content\/uploads\/2022\/05\/las-torres.jpg?fit=1024%2C1365","jetpack_sharing_enabled":true,"_links":{"self":[{"href":"http:\/\/elterritorialweb.com.ar\/web\/wp-json\/wp\/v2\/posts\/40015","targetHints":{"allow":["GET"]}}],"collection":[{"href":"http:\/\/elterritorialweb.com.ar\/web\/wp-json\/wp\/v2\/posts"}],"about":[{"href":"http:\/\/elterritorialweb.com.ar\/web\/wp-json\/wp\/v2\/types\/post"}],"author":[{"embeddable":true,"href":"http:\/\/elterritorialweb.com.ar\/web\/wp-json\/wp\/v2\/users\/2"}],"replies":[{"embeddable":true,"href":"http:\/\/elterritorialweb.com.ar\/web\/wp-json\/wp\/v2\/comments?post=40015"}],"version-history":[{"count":5,"href":"http:\/\/elterritorialweb.com.ar\/web\/wp-json\/wp\/v2\/posts\/40015\/revisions"}],"predecessor-version":[{"id":40024,"href":"http:\/\/elterritorialweb.com.ar\/web\/wp-json\/wp\/v2\/posts\/40015\/revisions\/40024"}],"wp:featuredmedia":[{"embeddable":true,"href":"http:\/\/elterritorialweb.com.ar\/web\/wp-json\/wp\/v2\/media\/40016"}],"wp:attachment":[{"href":"http:\/\/elterritorialweb.com.ar\/web\/wp-json\/wp\/v2\/media?parent=40015"}],"wp:term":[{"taxonomy":"category","embeddable":true,"href":"http:\/\/elterritorialweb.com.ar\/web\/wp-json\/wp\/v2\/categories?post=40015"},{"taxonomy":"post_tag","embeddable":true,"href":"http:\/\/elterritorialweb.com.ar\/web\/wp-json\/wp\/v2\/tags?post=40015"}],"curies":[{"name":"wp","href":"https:\/\/api.w.org\/{rel}","templated":true}]}}