{"id":40031,"date":"2022-05-15T17:45:52","date_gmt":"2022-05-15T17:45:52","guid":{"rendered":"http:\/\/elterritorialweb.com.ar\/web\/?p=40031"},"modified":"2022-05-15T18:14:32","modified_gmt":"2022-05-15T18:14:32","slug":"quedo-oficialmente-inaugurada-la-temporada-de-invierno-2022-en-termas-de-rio-hondo","status":"publish","type":"post","link":"http:\/\/elterritorialweb.com.ar\/web\/quedo-oficialmente-inaugurada-la-temporada-de-invierno-2022-en-termas-de-rio-hondo\/","title":{"rendered":"QUED\u00d3 OFICIALMENTE INAUGURADA LA TEMPORADA DE INVIERNO 2022 EN TERMAS DE R\u00cdO HONDO"},"content":{"rendered":"\n<p>El acto protocolar cont\u00f3 con la presencia del Gobernador Dr. Gerardo Zamora, el vice Gobernador Dr. Carlos Silva Neder, la Senadora Claudia Abdala de Zamora, el Jefe de Gabinete, El\u00edas Suarez, el Subsecretario de Turismo Prof. Nelson Bravo, el intendente de la ciudad de Termas, Jorge Mukdise, el Secretario Ejecutivo del INPROTUR, Ricardo Sosa y autoridades invitadas en un marco importante ante miles de turistas y santiague\u00f1os.<\/p>\n\n\n\n<figure class=\"wp-block-image size-full\"><a href=\"https:\/\/i0.wp.com\/elterritorialweb.com.ar\/web\/wp-content\/uploads\/2022\/05\/termas-2022-2.jpg\"><img data-recalc-dims=\"1\" decoding=\"async\" width=\"640\" height=\"427\" data-src=\"https:\/\/i0.wp.com\/elterritorialweb.com.ar\/web\/wp-content\/uploads\/2022\/05\/termas-2022-2.jpg?resize=640%2C427\" alt=\"\" class=\"wp-image-40035 lazyload\" data-srcset=\"https:\/\/i0.wp.com\/elterritorialweb.com.ar\/web\/wp-content\/uploads\/2022\/05\/termas-2022-2.jpg?w=960 960w, https:\/\/i0.wp.com\/elterritorialweb.com.ar\/web\/wp-content\/uploads\/2022\/05\/termas-2022-2.jpg?resize=300%2C200 300w, https:\/\/i0.wp.com\/elterritorialweb.com.ar\/web\/wp-content\/uploads\/2022\/05\/termas-2022-2.jpg?resize=768%2C512 768w\" data-sizes=\"(max-width: 640px) 100vw, 640px\" src=\"data:image\/svg+xml;base64,PHN2ZyB3aWR0aD0iMSIgaGVpZ2h0PSIxIiB4bWxucz0iaHR0cDovL3d3dy53My5vcmcvMjAwMC9zdmciPjwvc3ZnPg==\" style=\"--smush-placeholder-width: 640px; --smush-placeholder-aspect-ratio: 640\/427;\" \/><\/a><\/figure>\n\n\n\n<p>En el mismo el Gobernador remarc\u00f3 la importancia de Termas como capital termal y su posicionamiento como un destino internacional. Adem\u00e1s el gobernador anunci\u00f3 dos importantes obras para la ciudad termal, la primera se trata de una moderna e innovadora terminal de \u00f3mnibus, y la segunda de 600 unidades habitacionales.<\/p>\n\n\n\n<figure class=\"wp-block-image size-large\"><a href=\"https:\/\/i0.wp.com\/elterritorialweb.com.ar\/web\/wp-content\/uploads\/2022\/05\/termas-2022-3.jpg\"><img data-recalc-dims=\"1\" decoding=\"async\" width=\"640\" height=\"427\" data-src=\"https:\/\/i0.wp.com\/elterritorialweb.com.ar\/web\/wp-content\/uploads\/2022\/05\/termas-2022-3.jpg?resize=640%2C427\" alt=\"\" class=\"wp-image-40036 lazyload\" data-srcset=\"https:\/\/i0.wp.com\/elterritorialweb.com.ar\/web\/wp-content\/uploads\/2022\/05\/termas-2022-3.jpg?resize=1024%2C683 1024w, https:\/\/i0.wp.com\/elterritorialweb.com.ar\/web\/wp-content\/uploads\/2022\/05\/termas-2022-3.jpg?resize=300%2C200 300w, https:\/\/i0.wp.com\/elterritorialweb.com.ar\/web\/wp-content\/uploads\/2022\/05\/termas-2022-3.jpg?resize=768%2C512 768w, https:\/\/i0.wp.com\/elterritorialweb.com.ar\/web\/wp-content\/uploads\/2022\/05\/termas-2022-3.jpg?w=1500 1500w, https:\/\/i0.wp.com\/elterritorialweb.com.ar\/web\/wp-content\/uploads\/2022\/05\/termas-2022-3.jpg?w=1280 1280w\" data-sizes=\"(max-width: 640px) 100vw, 640px\" src=\"data:image\/svg+xml;base64,PHN2ZyB3aWR0aD0iMSIgaGVpZ2h0PSIxIiB4bWxucz0iaHR0cDovL3d3dy53My5vcmcvMjAwMC9zdmciPjwvc3ZnPg==\" style=\"--smush-placeholder-width: 640px; --smush-placeholder-aspect-ratio: 640\/427;\" \/><\/a><\/figure>\n\n\n\n<p>A su vez el Intendente de la ciudad termal, destac\u00f3 el gran movimiento tur\u00edstico en Termas de R\u00edo Hondo no solo en invierno sino en todo el a\u00f1o y para concluir agradeci\u00f3 al \u00absector privado que acompa\u00f1\u00f3 en la creaci\u00f3n de obras con las que antes so\u00f1\u00e1bamos y hoy son una realidad para la ciudad\u00bb.<\/p>\n\n\n\n<figure class=\"wp-block-image size-large\"><a href=\"https:\/\/i0.wp.com\/elterritorialweb.com.ar\/web\/wp-content\/uploads\/2022\/05\/termas-2022-4.jpg\"><img data-recalc-dims=\"1\" decoding=\"async\" width=\"640\" height=\"426\" data-src=\"https:\/\/i0.wp.com\/elterritorialweb.com.ar\/web\/wp-content\/uploads\/2022\/05\/termas-2022-4.jpg?resize=640%2C426\" alt=\"\" class=\"wp-image-40037 lazyload\" data-srcset=\"https:\/\/i0.wp.com\/elterritorialweb.com.ar\/web\/wp-content\/uploads\/2022\/05\/termas-2022-4.jpg?resize=1024%2C682 1024w, https:\/\/i0.wp.com\/elterritorialweb.com.ar\/web\/wp-content\/uploads\/2022\/05\/termas-2022-4.jpg?resize=300%2C200 300w, https:\/\/i0.wp.com\/elterritorialweb.com.ar\/web\/wp-content\/uploads\/2022\/05\/termas-2022-4.jpg?resize=768%2C512 768w, https:\/\/i0.wp.com\/elterritorialweb.com.ar\/web\/wp-content\/uploads\/2022\/05\/termas-2022-4.jpg?resize=1536%2C1023 1536w, https:\/\/i0.wp.com\/elterritorialweb.com.ar\/web\/wp-content\/uploads\/2022\/05\/termas-2022-4.jpg?w=1600 1600w, https:\/\/i0.wp.com\/elterritorialweb.com.ar\/web\/wp-content\/uploads\/2022\/05\/termas-2022-4.jpg?w=1280 1280w\" data-sizes=\"(max-width: 640px) 100vw, 640px\" src=\"data:image\/svg+xml;base64,PHN2ZyB3aWR0aD0iMSIgaGVpZ2h0PSIxIiB4bWxucz0iaHR0cDovL3d3dy53My5vcmcvMjAwMC9zdmciPjwvc3ZnPg==\" style=\"--smush-placeholder-width: 640px; --smush-placeholder-aspect-ratio: 640\/426;\" \/><\/a><\/figure>\n\n\n\n<p>Luego del acto, los presentes disfrutaron de distintos shows musicales abriendo el espectaculo la Embajadora de la Marca Pa\u00eds, la bailarina de tango, Mora Godoy, las guitarras a puro rock nacional estuvieron a cargo de Miguel Mateos y para finalizar, el caracter\u00edstico ritmo del trap de Rusherking junto a su invitado especial FMK dieron el cierre a una noche inolvidable d\u00f3nde miles de turistas y santiague\u00f1os disfrutaron del encuentro.<\/p>\n","protected":false},"excerpt":{"rendered":"<p>Con la presencia de autoridades nacionales, provinciales y municipales, la Bendici\u00f3n de las Aguas Termales, el lanzamiento de la primera bola de la temporada tur\u00edstica y actuaci\u00f3n de artistas invitados en la explanada del Casino Provincial se dio por inaugurada, este s\u00e1bado 14 de mayo, la temporada de invierno 2022 en Termas de R\u00edo Hondo.<\/p>\n","protected":false},"author":2,"featured_media":40032,"comment_status":"open","ping_status":"open","sticky":false,"template":"","format":"standard","meta":{"om_disable_all_campaigns":false,"_monsterinsights_skip_tracking":false,"_monsterinsights_sitenote_active":false,"_monsterinsights_sitenote_note":"","_monsterinsights_sitenote_category":0,"_uf_show_specific_survey":0,"_uf_disable_surveys":false,"jetpack_post_was_ever_published":false,"_jetpack_newsletter_access":"","_jetpack_dont_email_post_to_subs":false,"_jetpack_newsletter_tier_id":0,"_jetpack_memberships_contains_paywalled_content":false,"_jetpack_memberships_contains_paid_content":false,"footnotes":"","jetpack_publicize_message":"","jetpack_publicize_feature_enabled":true,"jetpack_social_post_already_shared":false,"jetpack_social_options":{"image_generator_settings":{"template":"highway","default_image_id":0,"font":"","enabled":false},"version":2}},"categories":[29],"tags":[],"class_list":["post-40031","post","type-post","status-publish","format-standard","has-post-thumbnail","hentry","category-turismo"],"aioseo_notices":[],"views":9,"jetpack_publicize_connections":[],"jetpack_featured_media_url":"https:\/\/i0.wp.com\/elterritorialweb.com.ar\/web\/wp-content\/uploads\/2022\/05\/FB_IMG_1652635560864.jpg?fit=720%2C518","jetpack_sharing_enabled":true,"_links":{"self":[{"href":"http:\/\/elterritorialweb.com.ar\/web\/wp-json\/wp\/v2\/posts\/40031","targetHints":{"allow":["GET"]}}],"collection":[{"href":"http:\/\/elterritorialweb.com.ar\/web\/wp-json\/wp\/v2\/posts"}],"about":[{"href":"http:\/\/elterritorialweb.com.ar\/web\/wp-json\/wp\/v2\/types\/post"}],"author":[{"embeddable":true,"href":"http:\/\/elterritorialweb.com.ar\/web\/wp-json\/wp\/v2\/users\/2"}],"replies":[{"embeddable":true,"href":"http:\/\/elterritorialweb.com.ar\/web\/wp-json\/wp\/v2\/comments?post=40031"}],"version-history":[{"count":2,"href":"http:\/\/elterritorialweb.com.ar\/web\/wp-json\/wp\/v2\/posts\/40031\/revisions"}],"predecessor-version":[{"id":40040,"href":"http:\/\/elterritorialweb.com.ar\/web\/wp-json\/wp\/v2\/posts\/40031\/revisions\/40040"}],"wp:featuredmedia":[{"embeddable":true,"href":"http:\/\/elterritorialweb.com.ar\/web\/wp-json\/wp\/v2\/media\/40032"}],"wp:attachment":[{"href":"http:\/\/elterritorialweb.com.ar\/web\/wp-json\/wp\/v2\/media?parent=40031"}],"wp:term":[{"taxonomy":"category","embeddable":true,"href":"http:\/\/elterritorialweb.com.ar\/web\/wp-json\/wp\/v2\/categories?post=40031"},{"taxonomy":"post_tag","embeddable":true,"href":"http:\/\/elterritorialweb.com.ar\/web\/wp-json\/wp\/v2\/tags?post=40031"}],"curies":[{"name":"wp","href":"https:\/\/api.w.org\/{rel}","templated":true}]}}