{"id":40041,"date":"2022-05-15T18:30:31","date_gmt":"2022-05-15T18:30:31","guid":{"rendered":"http:\/\/elterritorialweb.com.ar\/web\/?p=40041"},"modified":"2022-05-15T18:30:31","modified_gmt":"2022-05-15T18:30:31","slug":"llaman-a-licitacion-para-la-obra-de-la-construccion-de-la-plaza-uruguay-en-el-barrio-america-del-sur","status":"publish","type":"post","link":"http:\/\/elterritorialweb.com.ar\/web\/llaman-a-licitacion-para-la-obra-de-la-construccion-de-la-plaza-uruguay-en-el-barrio-america-del-sur\/","title":{"rendered":"LLAMAN A LICITACI\u00d3N PARA LA OBRA DE LA CONSTRUCCI\u00d3N DE LA PLAZA URUGUAY EN EL BARRIO \u00c1MERICA DEL SUR"},"content":{"rendered":"\n<p>Dando continuidad al Plan Urbano Ambiental que apunta a generar y renovar los espacios verdes de la ciudad, la Municipalidad de la Capital public\u00f3 el llamado a licitaci\u00f3n para la remodelaci\u00f3n de la Plaza Uruguay, del barrio Am\u00e9rica del Sur.<\/p>\n\n\n\n<p>Como respuesta a los vecinos del barrio de contar con un espacio p\u00fablico seguro, se propone una intervenci\u00f3n integral con sectores bien definidos de estar, de recreaci\u00f3n, de descanso y de contemplaci\u00f3n, creando diferentes situaciones espaciales que permitan su uso y apropiaci\u00f3n, con una iluminaci\u00f3n eficiente y un equipamiento adecuado.<\/p>\n\n\n\n<p>Contar\u00e1 con un \u00e1rea de pista salud, otra de juegos infantiles (con pisos de caucho tal cual como se viene implementado en todos los nuevos espacios verdes desarrollados por la Municipalidad) y un sector para merendero.<\/p>\n\n\n\n<p>De esta manera, avanza la creaci\u00f3n y mejoras integrales de espacios al aire libre para el uso de las familias.<\/p>\n","protected":false},"excerpt":{"rendered":"<p>Ubicada entre las calles Uruguay y Trinidad y Tobago, el espacio cuenta con una superficie de 2400 metros cuadrados, encontr\u00e1ndose en un entorno residencial consolidado.<\/p>\n","protected":false},"author":2,"featured_media":40042,"comment_status":"open","ping_status":"open","sticky":false,"template":"","format":"standard","meta":{"om_disable_all_campaigns":false,"_monsterinsights_skip_tracking":false,"_monsterinsights_sitenote_active":false,"_monsterinsights_sitenote_note":"","_monsterinsights_sitenote_category":0,"_uf_show_specific_survey":0,"_uf_disable_surveys":false,"jetpack_post_was_ever_published":false,"_jetpack_newsletter_access":"","_jetpack_dont_email_post_to_subs":false,"_jetpack_newsletter_tier_id":0,"_jetpack_memberships_contains_paywalled_content":false,"_jetpack_memberships_contains_paid_content":false,"footnotes":"","jetpack_publicize_message":"","jetpack_publicize_feature_enabled":true,"jetpack_social_post_already_shared":false,"jetpack_social_options":{"image_generator_settings":{"template":"highway","default_image_id":0,"font":"","enabled":false},"version":2}},"categories":[21],"tags":[],"class_list":["post-40041","post","type-post","status-publish","format-standard","has-post-thumbnail","hentry","category-locales"],"aioseo_notices":[],"views":8,"jetpack_publicize_connections":[],"jetpack_featured_media_url":"https:\/\/i0.wp.com\/elterritorialweb.com.ar\/web\/wp-content\/uploads\/2022\/05\/plaza-uruguay.jpeg?fit=1280%2C641","jetpack_sharing_enabled":true,"_links":{"self":[{"href":"http:\/\/elterritorialweb.com.ar\/web\/wp-json\/wp\/v2\/posts\/40041","targetHints":{"allow":["GET"]}}],"collection":[{"href":"http:\/\/elterritorialweb.com.ar\/web\/wp-json\/wp\/v2\/posts"}],"about":[{"href":"http:\/\/elterritorialweb.com.ar\/web\/wp-json\/wp\/v2\/types\/post"}],"author":[{"embeddable":true,"href":"http:\/\/elterritorialweb.com.ar\/web\/wp-json\/wp\/v2\/users\/2"}],"replies":[{"embeddable":true,"href":"http:\/\/elterritorialweb.com.ar\/web\/wp-json\/wp\/v2\/comments?post=40041"}],"version-history":[{"count":1,"href":"http:\/\/elterritorialweb.com.ar\/web\/wp-json\/wp\/v2\/posts\/40041\/revisions"}],"predecessor-version":[{"id":40043,"href":"http:\/\/elterritorialweb.com.ar\/web\/wp-json\/wp\/v2\/posts\/40041\/revisions\/40043"}],"wp:featuredmedia":[{"embeddable":true,"href":"http:\/\/elterritorialweb.com.ar\/web\/wp-json\/wp\/v2\/media\/40042"}],"wp:attachment":[{"href":"http:\/\/elterritorialweb.com.ar\/web\/wp-json\/wp\/v2\/media?parent=40041"}],"wp:term":[{"taxonomy":"category","embeddable":true,"href":"http:\/\/elterritorialweb.com.ar\/web\/wp-json\/wp\/v2\/categories?post=40041"},{"taxonomy":"post_tag","embeddable":true,"href":"http:\/\/elterritorialweb.com.ar\/web\/wp-json\/wp\/v2\/tags?post=40041"}],"curies":[{"name":"wp","href":"https:\/\/api.w.org\/{rel}","templated":true}]}}