{"id":40078,"date":"2022-05-15T22:53:40","date_gmt":"2022-05-15T22:53:40","guid":{"rendered":"http:\/\/elterritorialweb.com.ar\/web\/?p=40078"},"modified":"2022-05-15T22:53:40","modified_gmt":"2022-05-15T22:53:40","slug":"vizzotti-descarto-nuevos-cierres-ante-la-suba-de-casos-de-coronavirus","status":"publish","type":"post","link":"http:\/\/elterritorialweb.com.ar\/web\/vizzotti-descarto-nuevos-cierres-ante-la-suba-de-casos-de-coronavirus\/","title":{"rendered":"VIZZOTTI DESCART\u00d3 NUEVOS CIERRES ANTE LA SUBA DE CASOS DE CORONAVIRUS"},"content":{"rendered":"\n<p>Con la\u00a0suba en los contagios de Covid-19\u00a0en las \u00faltimas semanas,\u00a0<strong>la ministra de Salud Carla Vizzotti dijo que la Argentina entr\u00f3 en la cuarta ola de coronavirus,\u00a0<\/strong>pero\u00a0<strong>descart\u00f3 que se vayan a aplicar nuevas restricciones<\/strong>\u00a0ni confinamientos gracias a los altos niveles de vacunaci\u00f3n.<\/p>\n\n\n\n<p><strong>\u201cNo hay posibilidad de nuevos cierres\u201d<\/strong>, indic\u00f3 en di\u00e1logo con&nbsp;<em>Radio 10<\/em>&nbsp;y afirm\u00f3: \u201cEste virus no se puede eliminar y mucho menos erradicar, porque&nbsp;<strong>la enfermedad no nos da inmunidad de por vida y la vacuna requiere refuerzos<\/strong>\u201d.<\/p>\n\n\n\n<p>Adem\u00e1s, sostuvo: \u201c<strong>No hay ninguna posibilidad de que no haya Covid-19<\/strong>, sobre todo con estas nuevas variantes que tienen&nbsp;<strong>mayor transmisibilidad\u201d.<\/strong><\/p>\n\n\n\n<p>La titular de la cartera sanitaria destac\u00f3 los altos niveles de vacunaci\u00f3n en la sociedad que hacen que no debamos volver a situaciones de cuarentena estricta.<\/p>\n\n\n\n<p>\u201cLa estrategia de la mayor\u00eda de pa\u00edses del mundo -entre ellos la Argentina-\u00a0<strong>es vacunar\u00a0para que no haya hospitalizaciones y muertes, adem\u00e1s de sostener los cuidados,\u00a0pero no volver a los confinamientos<\/strong>\u201d, expres\u00f3.<\/p>\n\n\n\n<p>En ese sentido, Vizzotti agreg\u00f3: \u201cTenemos seguridad que&nbsp;<strong>haber fortalecido el sistema de salud<\/strong>&nbsp;y habiendo vacunado&nbsp;<strong>no tenemos riesgos [de saturaci\u00f3n] en la atenci\u00f3n\u201d.<\/strong><\/p>\n\n\n\n<p>En las&nbsp;<strong>\u00faltimas tres semanas hubo un incremento en los casos<\/strong>&nbsp;que preocupa y desde el Ministerio de Salud lo relacionan a la llegada de la temporada invernal, siendo que comienzan&nbsp;<strong>las actividades en espacios cerrados que aumentan la exposici\u00f3n<\/strong>&nbsp;y el riesgo del contagio.<\/p>\n\n\n\n<p>Por este motivo, la ministra inst\u00f3 a los ciudadanos a seguir aplic\u00e1ndose los refuerzos: \u201cEn Argentina hay 3 millones de personas mayores a 50 a\u00f1os que a\u00fan no se vacunaron con la tercera dosis.&nbsp;<strong>Van a aumentar los casos y tenemos que estimular la vacunaci\u00f3n para que no haya m\u00e1s muertes<\/strong>\u201d.<\/p>\n\n\n\n<h3 class=\"wp-block-heading\">\u201cVivimos la peor crisis humanitaria del siglo\u201d<\/h3>\n\n\n\n<p>Vizzotti tambi\u00e9n se refiri\u00f3 a los reproches sobre la gesti\u00f3n de la pandemia y las graves consecuencias econ\u00f3micas: \u201cVivimos la&nbsp;<strong>peor crisis humanitaria<\/strong>&nbsp;del siglo y<strong>&nbsp;los confinamientos respondieron a una estrategia Covid-19 a nivel global\u201d.<\/strong><\/p>\n\n\n\n<p>\u201cDespu\u00e9s de mirar la pel\u00edcula global<strong>, nos tenemos que poner en la situaci\u00f3n de la Argentina<\/strong>,&nbsp;<strong>con una crisis econ\u00f3mica que estaba antes de la pandemia<\/strong>. Las medidas fueron para fortalecer el sistema de salud y&nbsp;<strong>se hizo en tiempo r\u00e9cord<\/strong>\u201d, explic\u00f3.<\/p>\n","protected":false},"excerpt":{"rendered":"<p>La ministra de Salud afirm\u00f3 que es imposible que no haya contagios con las variantes nuevas porque son m\u00e1s transmisibles. Adem\u00e1s, inst\u00f3 a los ciudadanos a completar sus esquemas de vacunaci\u00f3n.<\/p>\n","protected":false},"author":2,"featured_media":40079,"comment_status":"open","ping_status":"open","sticky":false,"template":"","format":"standard","meta":{"om_disable_all_campaigns":false,"_monsterinsights_skip_tracking":false,"_monsterinsights_sitenote_active":false,"_monsterinsights_sitenote_note":"","_monsterinsights_sitenote_category":0,"_uf_show_specific_survey":0,"_uf_disable_surveys":false,"jetpack_post_was_ever_published":false,"_jetpack_newsletter_access":"","_jetpack_dont_email_post_to_subs":false,"_jetpack_newsletter_tier_id":0,"_jetpack_memberships_contains_paywalled_content":false,"_jetpack_memberships_contains_paid_content":false,"footnotes":"","jetpack_publicize_message":"","jetpack_publicize_feature_enabled":true,"jetpack_social_post_already_shared":false,"jetpack_social_options":{"image_generator_settings":{"template":"highway","default_image_id":0,"font":"","enabled":false},"version":2}},"categories":[3],"tags":[],"class_list":["post-40078","post","type-post","status-publish","format-standard","has-post-thumbnail","hentry","category-salud"],"aioseo_notices":[],"views":9,"jetpack_publicize_connections":[],"jetpack_featured_media_url":"https:\/\/i0.wp.com\/elterritorialweb.com.ar\/web\/wp-content\/uploads\/2022\/05\/VIZZOTTI.jpg?fit=680%2C455","jetpack_sharing_enabled":true,"_links":{"self":[{"href":"http:\/\/elterritorialweb.com.ar\/web\/wp-json\/wp\/v2\/posts\/40078","targetHints":{"allow":["GET"]}}],"collection":[{"href":"http:\/\/elterritorialweb.com.ar\/web\/wp-json\/wp\/v2\/posts"}],"about":[{"href":"http:\/\/elterritorialweb.com.ar\/web\/wp-json\/wp\/v2\/types\/post"}],"author":[{"embeddable":true,"href":"http:\/\/elterritorialweb.com.ar\/web\/wp-json\/wp\/v2\/users\/2"}],"replies":[{"embeddable":true,"href":"http:\/\/elterritorialweb.com.ar\/web\/wp-json\/wp\/v2\/comments?post=40078"}],"version-history":[{"count":1,"href":"http:\/\/elterritorialweb.com.ar\/web\/wp-json\/wp\/v2\/posts\/40078\/revisions"}],"predecessor-version":[{"id":40080,"href":"http:\/\/elterritorialweb.com.ar\/web\/wp-json\/wp\/v2\/posts\/40078\/revisions\/40080"}],"wp:featuredmedia":[{"embeddable":true,"href":"http:\/\/elterritorialweb.com.ar\/web\/wp-json\/wp\/v2\/media\/40079"}],"wp:attachment":[{"href":"http:\/\/elterritorialweb.com.ar\/web\/wp-json\/wp\/v2\/media?parent=40078"}],"wp:term":[{"taxonomy":"category","embeddable":true,"href":"http:\/\/elterritorialweb.com.ar\/web\/wp-json\/wp\/v2\/categories?post=40078"},{"taxonomy":"post_tag","embeddable":true,"href":"http:\/\/elterritorialweb.com.ar\/web\/wp-json\/wp\/v2\/tags?post=40078"}],"curies":[{"name":"wp","href":"https:\/\/api.w.org\/{rel}","templated":true}]}}