{"id":40089,"date":"2022-05-16T14:51:54","date_gmt":"2022-05-16T14:51:54","guid":{"rendered":"http:\/\/elterritorialweb.com.ar\/web\/?p=40089"},"modified":"2022-05-16T14:59:30","modified_gmt":"2022-05-16T14:59:30","slug":"el-gobernador-inauguro-el-nuevo-edificio-del-jardin-de-infantes-de-dona-luisa-en-el-departamento-guasayan","status":"publish","type":"post","link":"http:\/\/elterritorialweb.com.ar\/web\/el-gobernador-inauguro-el-nuevo-edificio-del-jardin-de-infantes-de-dona-luisa-en-el-departamento-guasayan\/","title":{"rendered":"EL GOBERNADOR INAUGUR\u00d3 EL NUEVO EDIFICIO DEL JARD\u00cdN DE INFANTES DE DO\u00d1A LUISA EN EL DEPARTAMENTO GUASAYAN"},"content":{"rendered":"\n<p>Gerardo Zamora visit\u00f3 la localidad de Do\u00f1a Luisa (departamento Guasay\u00e1n) donde dej\u00f3 inaugurado el nuevo edificio del Jard\u00edn de Infantes N\u00b0610, anexo de la Escuela N\u00b020 \u00abManuel Acevedo\u00bb.<\/p>\n\n\n\n<figure class=\"wp-block-image size-large\"><a href=\"https:\/\/i0.wp.com\/elterritorialweb.com.ar\/web\/wp-content\/uploads\/2022\/05\/ZAMORA-JARDIN-1.jpg\"><img data-recalc-dims=\"1\" decoding=\"async\" width=\"640\" height=\"427\" data-src=\"https:\/\/i0.wp.com\/elterritorialweb.com.ar\/web\/wp-content\/uploads\/2022\/05\/ZAMORA-JARDIN-1.jpg?resize=640%2C427\" alt=\"\" class=\"wp-image-40093 lazyload\" data-srcset=\"https:\/\/i0.wp.com\/elterritorialweb.com.ar\/web\/wp-content\/uploads\/2022\/05\/ZAMORA-JARDIN-1.jpg?resize=1024%2C683 1024w, https:\/\/i0.wp.com\/elterritorialweb.com.ar\/web\/wp-content\/uploads\/2022\/05\/ZAMORA-JARDIN-1.jpg?resize=300%2C200 300w, https:\/\/i0.wp.com\/elterritorialweb.com.ar\/web\/wp-content\/uploads\/2022\/05\/ZAMORA-JARDIN-1.jpg?resize=768%2C512 768w, https:\/\/i0.wp.com\/elterritorialweb.com.ar\/web\/wp-content\/uploads\/2022\/05\/ZAMORA-JARDIN-1.jpg?resize=1536%2C1024 1536w, https:\/\/i0.wp.com\/elterritorialweb.com.ar\/web\/wp-content\/uploads\/2022\/05\/ZAMORA-JARDIN-1.jpg?w=1599 1599w, https:\/\/i0.wp.com\/elterritorialweb.com.ar\/web\/wp-content\/uploads\/2022\/05\/ZAMORA-JARDIN-1.jpg?w=1280 1280w\" data-sizes=\"(max-width: 640px) 100vw, 640px\" src=\"data:image\/svg+xml;base64,PHN2ZyB3aWR0aD0iMSIgaGVpZ2h0PSIxIiB4bWxucz0iaHR0cDovL3d3dy53My5vcmcvMjAwMC9zdmciPjwvc3ZnPg==\" style=\"--smush-placeholder-width: 640px; --smush-placeholder-aspect-ratio: 640\/427;\" \/><\/a><\/figure>\n\n\n\n<p>Acompa\u00f1aron al mandatario, el vicegobernador Carlos Silva Neder y los ministros de Educacion, Mariela Nassif, y de Obras y Servicos P\u00fablicos , Argentino Cambrini quienes fueron recibidos por el director de la escuela Ram\u00f3n Rold\u00e1n y por la comisionada municipal Lucila L\u00f3pez.<\/p>\n\n\n\n<figure class=\"wp-block-image size-large\"><a href=\"https:\/\/i0.wp.com\/elterritorialweb.com.ar\/web\/wp-content\/uploads\/2022\/05\/ZAMORA-JARDIN-2.jpg\"><img data-recalc-dims=\"1\" decoding=\"async\" width=\"640\" height=\"427\" data-src=\"https:\/\/i0.wp.com\/elterritorialweb.com.ar\/web\/wp-content\/uploads\/2022\/05\/ZAMORA-JARDIN-2.jpg?resize=640%2C427\" alt=\"\" class=\"wp-image-40094 lazyload\" data-srcset=\"https:\/\/i0.wp.com\/elterritorialweb.com.ar\/web\/wp-content\/uploads\/2022\/05\/ZAMORA-JARDIN-2.jpg?resize=1024%2C683 1024w, https:\/\/i0.wp.com\/elterritorialweb.com.ar\/web\/wp-content\/uploads\/2022\/05\/ZAMORA-JARDIN-2.jpg?resize=300%2C200 300w, https:\/\/i0.wp.com\/elterritorialweb.com.ar\/web\/wp-content\/uploads\/2022\/05\/ZAMORA-JARDIN-2.jpg?resize=768%2C512 768w, https:\/\/i0.wp.com\/elterritorialweb.com.ar\/web\/wp-content\/uploads\/2022\/05\/ZAMORA-JARDIN-2.jpg?resize=1536%2C1024 1536w, https:\/\/i0.wp.com\/elterritorialweb.com.ar\/web\/wp-content\/uploads\/2022\/05\/ZAMORA-JARDIN-2.jpg?w=1599 1599w, https:\/\/i0.wp.com\/elterritorialweb.com.ar\/web\/wp-content\/uploads\/2022\/05\/ZAMORA-JARDIN-2.jpg?w=1280 1280w\" data-sizes=\"(max-width: 640px) 100vw, 640px\" src=\"data:image\/svg+xml;base64,PHN2ZyB3aWR0aD0iMSIgaGVpZ2h0PSIxIiB4bWxucz0iaHR0cDovL3d3dy53My5vcmcvMjAwMC9zdmciPjwvc3ZnPg==\" style=\"--smush-placeholder-width: 640px; --smush-placeholder-aspect-ratio: 640\/427;\" \/><\/a><\/figure>\n\n\n\n<p>El flamante establecimiento al que concurren siete ni\u00f1os de 3, 4 y 5 a\u00f1os cuenta con una sala con sanitarios, galer\u00eda cubierta, patio de formaci\u00f3n con m\u00e1stil, sector de juegos, aljibe y cerca perimetral. Tambi\u00e9n fue provisto de mobiliario, equipamiento tecnol\u00f3gico y materia did\u00e1ctico.<\/p>\n\n\n\n<figure class=\"wp-block-image size-large\"><a href=\"https:\/\/i0.wp.com\/elterritorialweb.com.ar\/web\/wp-content\/uploads\/2022\/05\/ZAMORA-JARDIN-3.jpg\"><img data-recalc-dims=\"1\" decoding=\"async\" width=\"640\" height=\"426\" data-src=\"https:\/\/i0.wp.com\/elterritorialweb.com.ar\/web\/wp-content\/uploads\/2022\/05\/ZAMORA-JARDIN-3.jpg?resize=640%2C426\" alt=\"\" class=\"wp-image-40095 lazyload\" data-srcset=\"https:\/\/i0.wp.com\/elterritorialweb.com.ar\/web\/wp-content\/uploads\/2022\/05\/ZAMORA-JARDIN-3.jpg?resize=1024%2C682 1024w, https:\/\/i0.wp.com\/elterritorialweb.com.ar\/web\/wp-content\/uploads\/2022\/05\/ZAMORA-JARDIN-3.jpg?resize=300%2C200 300w, https:\/\/i0.wp.com\/elterritorialweb.com.ar\/web\/wp-content\/uploads\/2022\/05\/ZAMORA-JARDIN-3.jpg?resize=768%2C512 768w, https:\/\/i0.wp.com\/elterritorialweb.com.ar\/web\/wp-content\/uploads\/2022\/05\/ZAMORA-JARDIN-3.jpg?w=1280 1280w\" data-sizes=\"(max-width: 640px) 100vw, 640px\" src=\"data:image\/svg+xml;base64,PHN2ZyB3aWR0aD0iMSIgaGVpZ2h0PSIxIiB4bWxucz0iaHR0cDovL3d3dy53My5vcmcvMjAwMC9zdmciPjwvc3ZnPg==\" style=\"--smush-placeholder-width: 640px; --smush-placeholder-aspect-ratio: 640\/426;\" \/><\/a><\/figure>\n\n\n\n<p>Luego del corte de cintas, el director expres\u00f3 su agradecimiento por esta obra que calific\u00f3 de \u201chist\u00f3rica\u201d y que forma parte del crecimiento de la zona que en los \u00faltimos a\u00f1os tuvo un marcado desarrollo con nuevos caminos, agua potable, tendido el\u00e9ctrico y conexi\u00f3n a Internet, entre otros servicios.<\/p>\n\n\n\n<p>A su turno, el gobernador ratific\u00f3 su determinaci\u00f3n para \u201cseguir invirtiendo por un mejor futuro, con las mismas oportunidades para todos los santiague\u00f1os\u201d.<\/p>\n\n\n\n<figure class=\"wp-block-image size-large\"><a href=\"https:\/\/i0.wp.com\/elterritorialweb.com.ar\/web\/wp-content\/uploads\/2022\/05\/ZAMORA-JARDIN-4.jpg\"><img data-recalc-dims=\"1\" decoding=\"async\" width=\"640\" height=\"426\" data-src=\"https:\/\/i0.wp.com\/elterritorialweb.com.ar\/web\/wp-content\/uploads\/2022\/05\/ZAMORA-JARDIN-4.jpg?resize=640%2C426\" alt=\"\" class=\"wp-image-40096 lazyload\" data-srcset=\"https:\/\/i0.wp.com\/elterritorialweb.com.ar\/web\/wp-content\/uploads\/2022\/05\/ZAMORA-JARDIN-4.jpg?resize=1024%2C682 1024w, https:\/\/i0.wp.com\/elterritorialweb.com.ar\/web\/wp-content\/uploads\/2022\/05\/ZAMORA-JARDIN-4.jpg?resize=300%2C200 300w, https:\/\/i0.wp.com\/elterritorialweb.com.ar\/web\/wp-content\/uploads\/2022\/05\/ZAMORA-JARDIN-4.jpg?resize=768%2C512 768w, https:\/\/i0.wp.com\/elterritorialweb.com.ar\/web\/wp-content\/uploads\/2022\/05\/ZAMORA-JARDIN-4.jpg?w=1280 1280w\" data-sizes=\"(max-width: 640px) 100vw, 640px\" src=\"data:image\/svg+xml;base64,PHN2ZyB3aWR0aD0iMSIgaGVpZ2h0PSIxIiB4bWxucz0iaHR0cDovL3d3dy53My5vcmcvMjAwMC9zdmciPjwvc3ZnPg==\" style=\"--smush-placeholder-width: 640px; --smush-placeholder-aspect-ratio: 640\/426;\" \/><\/a><\/figure>\n\n\n\n<p>En este marco dijo que est\u00e1 pronto a licitar la obra de energ\u00eda el\u00e9ctrica para aproximadamente 80 familias de Guampacha, El Tablero y Las Juntas. Todos parajes ubicados en el departamento Guasay\u00e1n.<\/p>\n\n\n\n<p>Tambi\u00e9n anunci\u00f3 la construcci\u00f3n de otras 15 viviendas sociales en la zona que se suman a 20 que ya fueron entregadas a sus beneficiarios en abril pasado.<\/p>\n\n\n\n<figure class=\"wp-block-image size-large\"><a href=\"https:\/\/i0.wp.com\/elterritorialweb.com.ar\/web\/wp-content\/uploads\/2022\/05\/ZAMORA-JARDIN-5.jpg\"><img data-recalc-dims=\"1\" decoding=\"async\" width=\"640\" height=\"426\" data-src=\"https:\/\/i0.wp.com\/elterritorialweb.com.ar\/web\/wp-content\/uploads\/2022\/05\/ZAMORA-JARDIN-5.jpg?resize=640%2C426\" alt=\"\" class=\"wp-image-40099 lazyload\" data-srcset=\"https:\/\/i0.wp.com\/elterritorialweb.com.ar\/web\/wp-content\/uploads\/2022\/05\/ZAMORA-JARDIN-5.jpg?resize=1024%2C682 1024w, https:\/\/i0.wp.com\/elterritorialweb.com.ar\/web\/wp-content\/uploads\/2022\/05\/ZAMORA-JARDIN-5.jpg?resize=300%2C200 300w, https:\/\/i0.wp.com\/elterritorialweb.com.ar\/web\/wp-content\/uploads\/2022\/05\/ZAMORA-JARDIN-5.jpg?resize=768%2C512 768w, https:\/\/i0.wp.com\/elterritorialweb.com.ar\/web\/wp-content\/uploads\/2022\/05\/ZAMORA-JARDIN-5.jpg?w=1280 1280w\" data-sizes=\"(max-width: 640px) 100vw, 640px\" src=\"data:image\/svg+xml;base64,PHN2ZyB3aWR0aD0iMSIgaGVpZ2h0PSIxIiB4bWxucz0iaHR0cDovL3d3dy53My5vcmcvMjAwMC9zdmciPjwvc3ZnPg==\" style=\"--smush-placeholder-width: 640px; --smush-placeholder-aspect-ratio: 640\/426;\" \/><\/a><\/figure>\n\n\n\n<p>Con respecto a las obras educativas, destac\u00f3 la concreci\u00f3n del proyecto en la Escuela N\u00b0 917 de Las Juntas, realizado junto con la Municipalidad de San Pedro de Guasay\u00e1n.<\/p>\n\n\n\n<p>\u201cLa escuela nos hace iguales a todos\u201d, dijo al remarcar la importancia de brindar las mismas oportunidades a los ni\u00f1os y j\u00f3venes de toda la provincia, sin importar distancias. \u201cLas escuelas para 500 o 1000 alumnos deben tener las mismas condiciones que aquellas que tienen 23 alumnos como en Do\u00f1a Luisa\u201d, resalt\u00f3.<\/p>\n\n\n\n<figure class=\"wp-block-image size-large\"><a href=\"https:\/\/i0.wp.com\/elterritorialweb.com.ar\/web\/wp-content\/uploads\/2022\/05\/ZAMORA-JARDIN-6.jpg\"><img data-recalc-dims=\"1\" decoding=\"async\" width=\"640\" height=\"427\" data-src=\"https:\/\/i0.wp.com\/elterritorialweb.com.ar\/web\/wp-content\/uploads\/2022\/05\/ZAMORA-JARDIN-6.jpg?resize=640%2C427\" alt=\"\" class=\"wp-image-40100 lazyload\" data-srcset=\"https:\/\/i0.wp.com\/elterritorialweb.com.ar\/web\/wp-content\/uploads\/2022\/05\/ZAMORA-JARDIN-6.jpg?resize=1024%2C683 1024w, https:\/\/i0.wp.com\/elterritorialweb.com.ar\/web\/wp-content\/uploads\/2022\/05\/ZAMORA-JARDIN-6.jpg?resize=300%2C200 300w, https:\/\/i0.wp.com\/elterritorialweb.com.ar\/web\/wp-content\/uploads\/2022\/05\/ZAMORA-JARDIN-6.jpg?resize=768%2C512 768w, https:\/\/i0.wp.com\/elterritorialweb.com.ar\/web\/wp-content\/uploads\/2022\/05\/ZAMORA-JARDIN-6.jpg?resize=1536%2C1024 1536w, https:\/\/i0.wp.com\/elterritorialweb.com.ar\/web\/wp-content\/uploads\/2022\/05\/ZAMORA-JARDIN-6.jpg?w=1599 1599w, https:\/\/i0.wp.com\/elterritorialweb.com.ar\/web\/wp-content\/uploads\/2022\/05\/ZAMORA-JARDIN-6.jpg?w=1280 1280w\" data-sizes=\"(max-width: 640px) 100vw, 640px\" src=\"data:image\/svg+xml;base64,PHN2ZyB3aWR0aD0iMSIgaGVpZ2h0PSIxIiB4bWxucz0iaHR0cDovL3d3dy53My5vcmcvMjAwMC9zdmciPjwvc3ZnPg==\" style=\"--smush-placeholder-width: 640px; --smush-placeholder-aspect-ratio: 640\/427;\" \/><\/a><\/figure>\n\n\n\n<p>El gobernador tambi\u00e9n reiter\u00f3 su pedido a los pobladores a comprometerse con la lucha contra el covid mediante la vacunaci\u00f3n conforme al esquema establecido con los refuerzos correspondientes y evitar un rebrote en la provincia.<\/p>\n\n\n\n<p>Esta obra forma parte del crecimiento de la zona que en los \u00faltimos a\u00f1os tuvo un marcado desarrollo con nuevos caminos, agua potable, tendido el\u00e9ctrico y conexi\u00f3n a Internet.<\/p>\n","protected":false},"excerpt":{"rendered":"<p>Tambi\u00e9n anunci\u00f3 la pronta licitaci\u00f3n de la ampliaci\u00f3n de la red el\u00e9ctrica para tres parajes de la zona.<\/p>\n","protected":false},"author":2,"featured_media":40092,"comment_status":"open","ping_status":"open","sticky":false,"template":"","format":"standard","meta":{"om_disable_all_campaigns":false,"_monsterinsights_skip_tracking":false,"_monsterinsights_sitenote_active":false,"_monsterinsights_sitenote_note":"","_monsterinsights_sitenote_category":0,"_uf_show_specific_survey":0,"_uf_disable_surveys":false,"jetpack_post_was_ever_published":false,"_jetpack_newsletter_access":"","_jetpack_dont_email_post_to_subs":false,"_jetpack_newsletter_tier_id":0,"_jetpack_memberships_contains_paywalled_content":false,"_jetpack_memberships_contains_paid_content":false,"footnotes":"","jetpack_publicize_message":"","jetpack_publicize_feature_enabled":true,"jetpack_social_post_already_shared":false,"jetpack_social_options":{"image_generator_settings":{"template":"highway","default_image_id":0,"font":"","enabled":false},"version":2}},"categories":[21],"tags":[],"class_list":["post-40089","post","type-post","status-publish","format-standard","has-post-thumbnail","hentry","category-locales"],"aioseo_notices":[],"views":12,"jetpack_publicize_connections":[],"jetpack_featured_media_url":"https:\/\/i0.wp.com\/elterritorialweb.com.ar\/web\/wp-content\/uploads\/2022\/05\/ZAMORA-JARDIN.jpg?fit=917%2C622","jetpack_sharing_enabled":true,"_links":{"self":[{"href":"http:\/\/elterritorialweb.com.ar\/web\/wp-json\/wp\/v2\/posts\/40089","targetHints":{"allow":["GET"]}}],"collection":[{"href":"http:\/\/elterritorialweb.com.ar\/web\/wp-json\/wp\/v2\/posts"}],"about":[{"href":"http:\/\/elterritorialweb.com.ar\/web\/wp-json\/wp\/v2\/types\/post"}],"author":[{"embeddable":true,"href":"http:\/\/elterritorialweb.com.ar\/web\/wp-json\/wp\/v2\/users\/2"}],"replies":[{"embeddable":true,"href":"http:\/\/elterritorialweb.com.ar\/web\/wp-json\/wp\/v2\/comments?post=40089"}],"version-history":[{"count":2,"href":"http:\/\/elterritorialweb.com.ar\/web\/wp-json\/wp\/v2\/posts\/40089\/revisions"}],"predecessor-version":[{"id":40101,"href":"http:\/\/elterritorialweb.com.ar\/web\/wp-json\/wp\/v2\/posts\/40089\/revisions\/40101"}],"wp:featuredmedia":[{"embeddable":true,"href":"http:\/\/elterritorialweb.com.ar\/web\/wp-json\/wp\/v2\/media\/40092"}],"wp:attachment":[{"href":"http:\/\/elterritorialweb.com.ar\/web\/wp-json\/wp\/v2\/media?parent=40089"}],"wp:term":[{"taxonomy":"category","embeddable":true,"href":"http:\/\/elterritorialweb.com.ar\/web\/wp-json\/wp\/v2\/categories?post=40089"},{"taxonomy":"post_tag","embeddable":true,"href":"http:\/\/elterritorialweb.com.ar\/web\/wp-json\/wp\/v2\/tags?post=40089"}],"curies":[{"name":"wp","href":"https:\/\/api.w.org\/{rel}","templated":true}]}}