{"id":40109,"date":"2022-05-16T18:17:28","date_gmt":"2022-05-16T18:17:28","guid":{"rendered":"http:\/\/elterritorialweb.com.ar\/web\/?p=40109"},"modified":"2022-05-16T18:17:28","modified_gmt":"2022-05-16T18:17:28","slug":"ya-se-vive-el-foro-nacional-de-turismo","status":"publish","type":"post","link":"http:\/\/elterritorialweb.com.ar\/web\/ya-se-vive-el-foro-nacional-de-turismo\/","title":{"rendered":"YA SE VIVE EL FORO NACIONAL DE TURISMO"},"content":{"rendered":"\n<p>Las autoridades y equipos t\u00e9cnicos de la Subsecretar\u00eda de Turismo de Santiago del Estero, la Secretaria de Turismo Cultura y Deportes de Las Termas de R\u00edo Hondo y el Centro de Convenciones F\u00f3rum, Siguen trabajando en la organizaci\u00f3n del Foro Nacional de Turismo, que tendr\u00e1 lugar en Termas de R\u00edo Hondo del 15 al 17 de junio.<\/p>\n\n\n\n<figure class=\"wp-block-image size-large\"><a href=\"https:\/\/i0.wp.com\/elterritorialweb.com.ar\/web\/wp-content\/uploads\/2022\/05\/foro-de-turismo-1.jpg\"><img data-recalc-dims=\"1\" decoding=\"async\" width=\"640\" height=\"480\" data-src=\"https:\/\/i0.wp.com\/elterritorialweb.com.ar\/web\/wp-content\/uploads\/2022\/05\/foro-de-turismo-1.jpg?resize=640%2C480\" alt=\"\" class=\"wp-image-40111 lazyload\" data-srcset=\"https:\/\/i0.wp.com\/elterritorialweb.com.ar\/web\/wp-content\/uploads\/2022\/05\/foro-de-turismo-1.jpg?resize=1024%2C768 1024w, https:\/\/i0.wp.com\/elterritorialweb.com.ar\/web\/wp-content\/uploads\/2022\/05\/foro-de-turismo-1.jpg?resize=300%2C225 300w, https:\/\/i0.wp.com\/elterritorialweb.com.ar\/web\/wp-content\/uploads\/2022\/05\/foro-de-turismo-1.jpg?resize=768%2C576 768w, https:\/\/i0.wp.com\/elterritorialweb.com.ar\/web\/wp-content\/uploads\/2022\/05\/foro-de-turismo-1.jpg?resize=1536%2C1152 1536w, https:\/\/i0.wp.com\/elterritorialweb.com.ar\/web\/wp-content\/uploads\/2022\/05\/foro-de-turismo-1.jpg?w=1600 1600w, https:\/\/i0.wp.com\/elterritorialweb.com.ar\/web\/wp-content\/uploads\/2022\/05\/foro-de-turismo-1.jpg?w=1280 1280w\" data-sizes=\"(max-width: 640px) 100vw, 640px\" src=\"data:image\/svg+xml;base64,PHN2ZyB3aWR0aD0iMSIgaGVpZ2h0PSIxIiB4bWxucz0iaHR0cDovL3d3dy53My5vcmcvMjAwMC9zdmciPjwvc3ZnPg==\" style=\"--smush-placeholder-width: 640px; --smush-placeholder-aspect-ratio: 640\/480;\" \/><\/a><\/figure>\n\n\n\n<p>Uno de los puntos convocantes que tendr\u00e1 el Foro, es la Plaza Federal, donde todas las provincias tendr\u00e1n un espacio de participaci\u00f3n. *Invitaciones* Si trabajas o estudias en turismo no puedes dejar de participar del 15 al 17 de junio del Foro Nacional de Turismo.<\/p>\n\n\n\n<figure class=\"wp-block-image size-large\"><a href=\"https:\/\/i0.wp.com\/elterritorialweb.com.ar\/web\/wp-content\/uploads\/2022\/05\/foro-de-turismo-2.jpg\"><img data-recalc-dims=\"1\" decoding=\"async\" width=\"640\" height=\"486\" data-src=\"https:\/\/i0.wp.com\/elterritorialweb.com.ar\/web\/wp-content\/uploads\/2022\/05\/foro-de-turismo-2.jpg?resize=640%2C486\" alt=\"\" class=\"wp-image-40112 lazyload\" data-srcset=\"https:\/\/i0.wp.com\/elterritorialweb.com.ar\/web\/wp-content\/uploads\/2022\/05\/foro-de-turismo-2.jpg?resize=1024%2C778 1024w, https:\/\/i0.wp.com\/elterritorialweb.com.ar\/web\/wp-content\/uploads\/2022\/05\/foro-de-turismo-2.jpg?resize=300%2C228 300w, https:\/\/i0.wp.com\/elterritorialweb.com.ar\/web\/wp-content\/uploads\/2022\/05\/foro-de-turismo-2.jpg?resize=768%2C584 768w, https:\/\/i0.wp.com\/elterritorialweb.com.ar\/web\/wp-content\/uploads\/2022\/05\/foro-de-turismo-2.jpg?w=1280 1280w\" data-sizes=\"(max-width: 640px) 100vw, 640px\" src=\"data:image\/svg+xml;base64,PHN2ZyB3aWR0aD0iMSIgaGVpZ2h0PSIxIiB4bWxucz0iaHR0cDovL3d3dy53My5vcmcvMjAwMC9zdmciPjwvc3ZnPg==\" style=\"--smush-placeholder-width: 640px; --smush-placeholder-aspect-ratio: 640\/486;\" \/><\/a><\/figure>\n\n\n\n<p>Se recuerda que la inscripci\u00f3n es libre y gratuita y lo puedes hacer en el siguiente link: <a rel=\"noreferrer noopener\" href=\"https:\/\/foronacionaldeturismo.gob.ar\/?fbclid=IwAR35UMUReZ9yTb3KjMr8wAbhAnbCh3BXDTJW8CQTt2F2y6LpVKHbouyaH-Q\" target=\"_blank\">https:\/\/foronacionaldeturismo.gob.ar\/<\/a><\/p>\n","protected":false},"excerpt":{"rendered":"<p>Las reuniones de trabajo est\u00e1n lideradas por el Subsecretario de Turismo Nelson Bravo en coordinaci\u00f3n con el Intendente de Las Termas, Jorge Mukdise.<\/p>\n","protected":false},"author":2,"featured_media":40110,"comment_status":"open","ping_status":"open","sticky":false,"template":"","format":"standard","meta":{"om_disable_all_campaigns":false,"_monsterinsights_skip_tracking":false,"_monsterinsights_sitenote_active":false,"_monsterinsights_sitenote_note":"","_monsterinsights_sitenote_category":0,"_uf_show_specific_survey":0,"_uf_disable_surveys":false,"jetpack_post_was_ever_published":false,"_jetpack_newsletter_access":"","_jetpack_dont_email_post_to_subs":false,"_jetpack_newsletter_tier_id":0,"_jetpack_memberships_contains_paywalled_content":false,"_jetpack_memberships_contains_paid_content":false,"footnotes":"","jetpack_publicize_message":"","jetpack_publicize_feature_enabled":true,"jetpack_social_post_already_shared":false,"jetpack_social_options":{"image_generator_settings":{"template":"highway","default_image_id":0,"font":"","enabled":false},"version":2}},"categories":[21],"tags":[],"class_list":["post-40109","post","type-post","status-publish","format-standard","has-post-thumbnail","hentry","category-locales"],"aioseo_notices":[],"views":9,"jetpack_publicize_connections":[],"jetpack_featured_media_url":"https:\/\/i0.wp.com\/elterritorialweb.com.ar\/web\/wp-content\/uploads\/2022\/05\/foro-de-turismo.jpg?fit=1600%2C1200","jetpack_sharing_enabled":true,"_links":{"self":[{"href":"http:\/\/elterritorialweb.com.ar\/web\/wp-json\/wp\/v2\/posts\/40109","targetHints":{"allow":["GET"]}}],"collection":[{"href":"http:\/\/elterritorialweb.com.ar\/web\/wp-json\/wp\/v2\/posts"}],"about":[{"href":"http:\/\/elterritorialweb.com.ar\/web\/wp-json\/wp\/v2\/types\/post"}],"author":[{"embeddable":true,"href":"http:\/\/elterritorialweb.com.ar\/web\/wp-json\/wp\/v2\/users\/2"}],"replies":[{"embeddable":true,"href":"http:\/\/elterritorialweb.com.ar\/web\/wp-json\/wp\/v2\/comments?post=40109"}],"version-history":[{"count":1,"href":"http:\/\/elterritorialweb.com.ar\/web\/wp-json\/wp\/v2\/posts\/40109\/revisions"}],"predecessor-version":[{"id":40113,"href":"http:\/\/elterritorialweb.com.ar\/web\/wp-json\/wp\/v2\/posts\/40109\/revisions\/40113"}],"wp:featuredmedia":[{"embeddable":true,"href":"http:\/\/elterritorialweb.com.ar\/web\/wp-json\/wp\/v2\/media\/40110"}],"wp:attachment":[{"href":"http:\/\/elterritorialweb.com.ar\/web\/wp-json\/wp\/v2\/media?parent=40109"}],"wp:term":[{"taxonomy":"category","embeddable":true,"href":"http:\/\/elterritorialweb.com.ar\/web\/wp-json\/wp\/v2\/categories?post=40109"},{"taxonomy":"post_tag","embeddable":true,"href":"http:\/\/elterritorialweb.com.ar\/web\/wp-json\/wp\/v2\/tags?post=40109"}],"curies":[{"name":"wp","href":"https:\/\/api.w.org\/{rel}","templated":true}]}}