{"id":40144,"date":"2022-05-17T03:48:07","date_gmt":"2022-05-17T03:48:07","guid":{"rendered":"http:\/\/elterritorialweb.com.ar\/web\/?p=40144"},"modified":"2022-05-17T03:48:08","modified_gmt":"2022-05-17T03:48:08","slug":"las-termas-de-rio-hondo-se-prepara-para-recibir-el-21-encuentro-de-municipios-turisticos","status":"publish","type":"post","link":"http:\/\/elterritorialweb.com.ar\/web\/las-termas-de-rio-hondo-se-prepara-para-recibir-el-21-encuentro-de-municipios-turisticos\/","title":{"rendered":"LAS TERMAS DE R\u00cdO HONDO SE PREPARA PARA RECIBIR EL 21\u00b0 ENCUENTRO DE MUNICIPIOS TUR\u00cdSTICOS"},"content":{"rendered":"\n<p>El evento tendr\u00e1 como eje la recuperaci\u00f3n del sistema tur\u00edstico, durante el encuentro los participantes trabajar\u00e1n desde una mirada federal analizando la recuperaci\u00f3n de la actividad tur\u00edstica y buscando soluciones para que se reinserten en la actividad todos los actores del sistema tur\u00edstico.<\/p>\n\n\n\n<p>La Red Federal de Turismo se consolida como el principal espacio de intercambio de conocimiento entre los destinos tur\u00edsticos con el objetivo de elevar el nivel de gesti\u00f3n en cada uno de los territorios, con el convencimiento de que el crecimiento colectivo genera mejores acciones en las comunidades locales. <\/p>\n\n\n\n<p>En \u00e9sta ocasi\u00f3n, en la mesa federal se compartir\u00e1 la realidad de la actividad tur\u00edstica y se abordar\u00e1 desde una mirada de las diferentes modalidades de turismo la recomposici\u00f3n del sector y los desaf\u00edos de un futuro inmediato. <\/p>\n\n\n\n<p>Participar\u00e1n referentes de destinos termales, de turismo internacional, ciudades tur\u00edsticas, destinos tradicionales y destinos emergentes. Est\u00e1n invitadas autoridades de turismo de la naci\u00f3n, de la provincia de Santiago del Estero, as\u00ed como tambi\u00e9n Instituciones Nacionales representativas del sector privado y gestores locales de todo el pa\u00eds.<\/p>\n\n\n\n<p>Habr\u00e1 un bloque de buenas pr\u00e1cticas, como as\u00ed tambi\u00e9n un relevamiento del destino involucr\u00e1ndonos con las experiencias tur\u00edsticas locales.<\/p>\n\n\n\n<p>La invitaci\u00f3n siempre abierta para aquellas instituciones o personas que buscan fortalecer el desarrollo local.<\/p>\n","protected":false},"excerpt":{"rendered":"<p>Se realizar\u00e1 los d\u00edas 19 y 20 de Mayo en el Centro Cultural San Mart\u00edn.<\/p>\n","protected":false},"author":2,"featured_media":40145,"comment_status":"open","ping_status":"open","sticky":false,"template":"","format":"standard","meta":{"om_disable_all_campaigns":false,"_monsterinsights_skip_tracking":false,"_monsterinsights_sitenote_active":false,"_monsterinsights_sitenote_note":"","_monsterinsights_sitenote_category":0,"_uf_show_specific_survey":0,"_uf_disable_surveys":false,"jetpack_post_was_ever_published":false,"_jetpack_newsletter_access":"","_jetpack_dont_email_post_to_subs":false,"_jetpack_newsletter_tier_id":0,"_jetpack_memberships_contains_paywalled_content":false,"_jetpack_memberships_contains_paid_content":false,"footnotes":"","jetpack_publicize_message":"","jetpack_publicize_feature_enabled":true,"jetpack_social_post_already_shared":false,"jetpack_social_options":{"image_generator_settings":{"template":"highway","default_image_id":0,"font":"","enabled":false},"version":2}},"categories":[29],"tags":[],"class_list":["post-40144","post","type-post","status-publish","format-standard","has-post-thumbnail","hentry","category-turismo"],"aioseo_notices":[],"views":7,"jetpack_publicize_connections":[],"jetpack_featured_media_url":"https:\/\/i0.wp.com\/elterritorialweb.com.ar\/web\/wp-content\/uploads\/2022\/05\/centro-cultural-termas.jpg?fit=586%2C386","jetpack_sharing_enabled":true,"_links":{"self":[{"href":"http:\/\/elterritorialweb.com.ar\/web\/wp-json\/wp\/v2\/posts\/40144","targetHints":{"allow":["GET"]}}],"collection":[{"href":"http:\/\/elterritorialweb.com.ar\/web\/wp-json\/wp\/v2\/posts"}],"about":[{"href":"http:\/\/elterritorialweb.com.ar\/web\/wp-json\/wp\/v2\/types\/post"}],"author":[{"embeddable":true,"href":"http:\/\/elterritorialweb.com.ar\/web\/wp-json\/wp\/v2\/users\/2"}],"replies":[{"embeddable":true,"href":"http:\/\/elterritorialweb.com.ar\/web\/wp-json\/wp\/v2\/comments?post=40144"}],"version-history":[{"count":1,"href":"http:\/\/elterritorialweb.com.ar\/web\/wp-json\/wp\/v2\/posts\/40144\/revisions"}],"predecessor-version":[{"id":40146,"href":"http:\/\/elterritorialweb.com.ar\/web\/wp-json\/wp\/v2\/posts\/40144\/revisions\/40146"}],"wp:featuredmedia":[{"embeddable":true,"href":"http:\/\/elterritorialweb.com.ar\/web\/wp-json\/wp\/v2\/media\/40145"}],"wp:attachment":[{"href":"http:\/\/elterritorialweb.com.ar\/web\/wp-json\/wp\/v2\/media?parent=40144"}],"wp:term":[{"taxonomy":"category","embeddable":true,"href":"http:\/\/elterritorialweb.com.ar\/web\/wp-json\/wp\/v2\/categories?post=40144"},{"taxonomy":"post_tag","embeddable":true,"href":"http:\/\/elterritorialweb.com.ar\/web\/wp-json\/wp\/v2\/tags?post=40144"}],"curies":[{"name":"wp","href":"https:\/\/api.w.org\/{rel}","templated":true}]}}