{"id":40157,"date":"2022-05-18T01:08:28","date_gmt":"2022-05-18T01:08:28","guid":{"rendered":"http:\/\/elterritorialweb.com.ar\/web\/?p=40157"},"modified":"2022-05-18T01:08:29","modified_gmt":"2022-05-18T01:08:29","slug":"entregan-14-viviendas-sociales-e-inauguran-la-sede-de-la-comision-municipal-de-lescano","status":"publish","type":"post","link":"http:\/\/elterritorialweb.com.ar\/web\/entregan-14-viviendas-sociales-e-inauguran-la-sede-de-la-comision-municipal-de-lescano\/","title":{"rendered":"ENTREGAN 14 VIVIENDAS SOCIALES E INAUGURAN LA SEDE DE LA COMISI\u00d3N MUNICIPAL DE LESCANO"},"content":{"rendered":"\n<p>El Gobierno de la provincia dej\u00f3 oficialmente inauguradas 14 viviendas sociales y el edificio de la Comisi\u00f3n Municipal de la localidad de Lescano, en el departamento R\u00edo Hondo beneficiando a familias de esta localidad y de las comunidades de La Aguada, 7 Arboles, Naranjitos, Villa Balnearia, Las Tinajas, Ruta 3 y Cha\u00f1ar Pocito. <\/p>\n\n\n\n<p>El acto estuvo presidido por vicegobernador Carlos Silva Neder, acompa\u00f1ado por los ministros de Desarrollo Social, \u00c1ngel Niccolai, y de Gobierno, Marcelo Barbur junto a los comisionados municipales de Colonia Tinco, Ricardo Sosa, y de Vinar\u00e1, Claudio Alderete, quienes fueron recibidos por el comisionado municipal de Lescano, Jos\u00e9 Gonz\u00e1lez.<\/p>\n","protected":false},"excerpt":{"rendered":"<p>El gobierno de la provincia de Santiago del Estero contin\u00faa con la entrega de vivienda sociales a las familias que m\u00e1s necesitan en todo el territorio provincial. <\/p>\n","protected":false},"author":2,"featured_media":40158,"comment_status":"open","ping_status":"open","sticky":false,"template":"","format":"standard","meta":{"om_disable_all_campaigns":false,"_monsterinsights_skip_tracking":false,"_monsterinsights_sitenote_active":false,"_monsterinsights_sitenote_note":"","_monsterinsights_sitenote_category":0,"_uf_show_specific_survey":0,"_uf_disable_surveys":false,"jetpack_post_was_ever_published":false,"_jetpack_newsletter_access":"","_jetpack_dont_email_post_to_subs":false,"_jetpack_newsletter_tier_id":0,"_jetpack_memberships_contains_paywalled_content":false,"_jetpack_memberships_contains_paid_content":false,"footnotes":"","jetpack_publicize_message":"","jetpack_publicize_feature_enabled":true,"jetpack_social_post_already_shared":false,"jetpack_social_options":{"image_generator_settings":{"template":"highway","default_image_id":0,"font":"","enabled":false},"version":2}},"categories":[21],"tags":[],"class_list":["post-40157","post","type-post","status-publish","format-standard","has-post-thumbnail","hentry","category-locales"],"aioseo_notices":[],"views":7,"jetpack_publicize_connections":[],"jetpack_featured_media_url":"https:\/\/i0.wp.com\/elterritorialweb.com.ar\/web\/wp-content\/uploads\/2022\/05\/viviendas-sociales.jpg?fit=886%2C460","jetpack_sharing_enabled":true,"_links":{"self":[{"href":"http:\/\/elterritorialweb.com.ar\/web\/wp-json\/wp\/v2\/posts\/40157","targetHints":{"allow":["GET"]}}],"collection":[{"href":"http:\/\/elterritorialweb.com.ar\/web\/wp-json\/wp\/v2\/posts"}],"about":[{"href":"http:\/\/elterritorialweb.com.ar\/web\/wp-json\/wp\/v2\/types\/post"}],"author":[{"embeddable":true,"href":"http:\/\/elterritorialweb.com.ar\/web\/wp-json\/wp\/v2\/users\/2"}],"replies":[{"embeddable":true,"href":"http:\/\/elterritorialweb.com.ar\/web\/wp-json\/wp\/v2\/comments?post=40157"}],"version-history":[{"count":1,"href":"http:\/\/elterritorialweb.com.ar\/web\/wp-json\/wp\/v2\/posts\/40157\/revisions"}],"predecessor-version":[{"id":40159,"href":"http:\/\/elterritorialweb.com.ar\/web\/wp-json\/wp\/v2\/posts\/40157\/revisions\/40159"}],"wp:featuredmedia":[{"embeddable":true,"href":"http:\/\/elterritorialweb.com.ar\/web\/wp-json\/wp\/v2\/media\/40158"}],"wp:attachment":[{"href":"http:\/\/elterritorialweb.com.ar\/web\/wp-json\/wp\/v2\/media?parent=40157"}],"wp:term":[{"taxonomy":"category","embeddable":true,"href":"http:\/\/elterritorialweb.com.ar\/web\/wp-json\/wp\/v2\/categories?post=40157"},{"taxonomy":"post_tag","embeddable":true,"href":"http:\/\/elterritorialweb.com.ar\/web\/wp-json\/wp\/v2\/tags?post=40157"}],"curies":[{"name":"wp","href":"https:\/\/api.w.org\/{rel}","templated":true}]}}