{"id":40160,"date":"2022-05-18T01:14:58","date_gmt":"2022-05-18T01:14:58","guid":{"rendered":"http:\/\/elterritorialweb.com.ar\/web\/?p=40160"},"modified":"2022-05-18T01:14:58","modified_gmt":"2022-05-18T01:14:58","slug":"periodistas-de-brasil-realizan-destacadas-coberturas-de-las-regiones-cuyo-y-norte","status":"publish","type":"post","link":"http:\/\/elterritorialweb.com.ar\/web\/periodistas-de-brasil-realizan-destacadas-coberturas-de-las-regiones-cuyo-y-norte\/","title":{"rendered":"PERIODISTAS DE BRASIL REALIZAN DESTACADAS COBERTURAS DE LAS REGIONES CUYO Y NORTE"},"content":{"rendered":"\n<p>La reactivaci\u00f3n tur\u00edstica de Argentina transcurre a pasos acelerados y, luego de una suspensi\u00f3n obligada por la pandemia, ahora suma otro paso positivo: el regreso de los viajes de prensa para periodistas internacionales.<\/p>\n\n\n\n<p>Desde el \u00faltimo fin de semana, a trav\u00e9s de la gesti\u00f3n del&nbsp;<strong>Instituto Nacional de Promoci\u00f3n Tur\u00edstica (INPROTUR)<\/strong>, el pa\u00eds recibe la visita de los periodistas&nbsp;<strong>Claudia Esquilante (editora de la revista Prazeres da Mesa, medio de gastronom\u00eda y vinos m\u00e1s influyente de Brasil), Mariana Weber (columnista de gastronom\u00eda y vinos de la prestigiosa revista Forbes Brasil), Ricardo Souza (director del popular sitio Bons Vinhos) y Joao Gabriel Galdea (subeditor y columnista de Jornal Correio 24 horas, medio l\u00edder en audiencia digital en el nordeste de Brasil)<\/strong>, quienes luego de pasar unas horas en Buenos Aires, ahora se encuentran instalados en el&nbsp;<strong>Valle de Uco<\/strong>, renombrada \u00e1rea vitivin\u00edcola de la&nbsp;<strong>Provincia de Mendoza<\/strong>.<\/p>\n\n\n\n<figure class=\"wp-block-image size-large\"><a href=\"https:\/\/i0.wp.com\/elterritorialweb.com.ar\/web\/wp-content\/uploads\/2022\/05\/unnamed-1.jpg\"><img data-recalc-dims=\"1\" decoding=\"async\" width=\"640\" height=\"360\" data-src=\"https:\/\/i0.wp.com\/elterritorialweb.com.ar\/web\/wp-content\/uploads\/2022\/05\/unnamed-1.jpg?resize=640%2C360\" alt=\"\" class=\"wp-image-40162 lazyload\" data-srcset=\"https:\/\/i0.wp.com\/elterritorialweb.com.ar\/web\/wp-content\/uploads\/2022\/05\/unnamed-1.jpg?resize=1024%2C576 1024w, https:\/\/i0.wp.com\/elterritorialweb.com.ar\/web\/wp-content\/uploads\/2022\/05\/unnamed-1.jpg?resize=300%2C169 300w, https:\/\/i0.wp.com\/elterritorialweb.com.ar\/web\/wp-content\/uploads\/2022\/05\/unnamed-1.jpg?resize=768%2C432 768w, https:\/\/i0.wp.com\/elterritorialweb.com.ar\/web\/wp-content\/uploads\/2022\/05\/unnamed-1.jpg?w=1152 1152w\" data-sizes=\"(max-width: 640px) 100vw, 640px\" src=\"data:image\/svg+xml;base64,PHN2ZyB3aWR0aD0iMSIgaGVpZ2h0PSIxIiB4bWxucz0iaHR0cDovL3d3dy53My5vcmcvMjAwMC9zdmciPjwvc3ZnPg==\" style=\"--smush-placeholder-width: 640px; --smush-placeholder-aspect-ratio: 640\/360;\" \/><\/a><\/figure>\n\n\n\n<p>En tierra mendocinas tuvieron la posibilidad, entre diversas actividades, de conocer la\u00a0<strong>bodega Zuccardi, que en 2021 fue galardonada por tercera vez consecutiva como la mejor del mundo<\/strong>. Adem\u00e1s, tuvieron la posibilidad de conocer al\u00a0<strong>en\u00f3logo Alejandro Vigil, uno de los m\u00e1s importantes del pa\u00eds<\/strong>. M\u00e1s adelante, continuar\u00e1n el viaje por la\u00a0<strong>Provincia de San Juan<\/strong>, para conocer a\u00fan m\u00e1s sobre el vino argentino y para interiorizarse sobre la vida astron\u00f3mica en el\u00a0<strong>Parque Nacional El Leoncito<\/strong>.<\/p>\n\n\n\n<p>Por otra parte,\u00a0<strong>Luciana Taddeo (corresponsal de UOL, sitio de noticias l\u00edder de Brasil), Rodrigo Lopes (redactor de Zero Hora, diario m\u00e1s influyente de Porto Alegre y del sur brasile\u00f1o), Darcianne Diogo (redactora de Correio Braziliense, diario m\u00e1s grande de Brasilia) y Ana Paula Ehlert (Na Esquina do Mundo, blog de Turismo y Placer del diario Bem Paran\u00e1, el mayor de Curitiba)<\/strong>\u00a0hoy llegaron a<strong>\u00a0Tucum\u00e1n<\/strong>\u00a0para iniciar una cobertura del\u00a0<strong>Norte<\/strong>, con visitas tambi\u00e9n a\u00a0<strong>Salta y Jujuy<\/strong>. All\u00ed conocer\u00e1n a fondo Taf\u00ed del Valle, las Ruinas de Quilmes, la excelencia de los vinos de Cafayate, el Tren a las Nubes y la legendaria Quebrada de Humahuaca, entre otros sitios de inter\u00e9s.<br>\u00a0<\/p>\n","protected":false},"excerpt":{"rendered":"<p>De esta manera, INPROTUR reinicia los viajes para la prensa internacional con el objetivo de visibilizar la oferta tur\u00edstica argentina en los principales medios de comunicaci\u00f3n del exterior.<\/p>\n","protected":false},"author":2,"featured_media":40161,"comment_status":"open","ping_status":"open","sticky":false,"template":"","format":"standard","meta":{"om_disable_all_campaigns":false,"_monsterinsights_skip_tracking":false,"_monsterinsights_sitenote_active":false,"_monsterinsights_sitenote_note":"","_monsterinsights_sitenote_category":0,"_uf_show_specific_survey":0,"_uf_disable_surveys":false,"jetpack_post_was_ever_published":false,"_jetpack_newsletter_access":"","_jetpack_dont_email_post_to_subs":false,"_jetpack_newsletter_tier_id":0,"_jetpack_memberships_contains_paywalled_content":false,"_jetpack_memberships_contains_paid_content":false,"footnotes":"","jetpack_publicize_message":"","jetpack_publicize_feature_enabled":true,"jetpack_social_post_already_shared":false,"jetpack_social_options":{"image_generator_settings":{"template":"highway","default_image_id":0,"font":"","enabled":false},"version":2}},"categories":[29],"tags":[],"class_list":["post-40160","post","type-post","status-publish","format-standard","has-post-thumbnail","hentry","category-turismo"],"aioseo_notices":[],"views":5,"jetpack_publicize_connections":[],"jetpack_featured_media_url":"https:\/\/i0.wp.com\/elterritorialweb.com.ar\/web\/wp-content\/uploads\/2022\/05\/unnamed.jpg?fit=1600%2C1200","jetpack_sharing_enabled":true,"_links":{"self":[{"href":"http:\/\/elterritorialweb.com.ar\/web\/wp-json\/wp\/v2\/posts\/40160","targetHints":{"allow":["GET"]}}],"collection":[{"href":"http:\/\/elterritorialweb.com.ar\/web\/wp-json\/wp\/v2\/posts"}],"about":[{"href":"http:\/\/elterritorialweb.com.ar\/web\/wp-json\/wp\/v2\/types\/post"}],"author":[{"embeddable":true,"href":"http:\/\/elterritorialweb.com.ar\/web\/wp-json\/wp\/v2\/users\/2"}],"replies":[{"embeddable":true,"href":"http:\/\/elterritorialweb.com.ar\/web\/wp-json\/wp\/v2\/comments?post=40160"}],"version-history":[{"count":1,"href":"http:\/\/elterritorialweb.com.ar\/web\/wp-json\/wp\/v2\/posts\/40160\/revisions"}],"predecessor-version":[{"id":40163,"href":"http:\/\/elterritorialweb.com.ar\/web\/wp-json\/wp\/v2\/posts\/40160\/revisions\/40163"}],"wp:featuredmedia":[{"embeddable":true,"href":"http:\/\/elterritorialweb.com.ar\/web\/wp-json\/wp\/v2\/media\/40161"}],"wp:attachment":[{"href":"http:\/\/elterritorialweb.com.ar\/web\/wp-json\/wp\/v2\/media?parent=40160"}],"wp:term":[{"taxonomy":"category","embeddable":true,"href":"http:\/\/elterritorialweb.com.ar\/web\/wp-json\/wp\/v2\/categories?post=40160"},{"taxonomy":"post_tag","embeddable":true,"href":"http:\/\/elterritorialweb.com.ar\/web\/wp-json\/wp\/v2\/tags?post=40160"}],"curies":[{"name":"wp","href":"https:\/\/api.w.org\/{rel}","templated":true}]}}