{"id":404,"date":"2020-02-22T23:02:58","date_gmt":"2020-02-22T23:02:58","guid":{"rendered":"http:\/\/elterritorialweb.com.ar\/web\/?p=404"},"modified":"2020-03-04T17:53:51","modified_gmt":"2020-03-04T17:53:51","slug":"puntos-de-ventas-de-entradas-para-el-festival-de-la-salamanca","status":"publish","type":"post","link":"http:\/\/elterritorialweb.com.ar\/web\/puntos-de-ventas-de-entradas-para-el-festival-de-la-salamanca\/","title":{"rendered":"PUNTOS DE VENTAS DE ENTRADAS PARA EL FESTIVAL DE LA SALAMANCA"},"content":{"rendered":"\n<p>La Comisi\u00f3n Organizadora del Festival Nacional de La Salamanca 2020 record\u00f3 los horarios de atenci\u00f3n en los puntos de venta f\u00edsicos y on line para los interesados en adquirir entradas para concurrir a este evento que se desarrollar\u00e1 del 27 de febrero al 1 de marzo con artistas locales y nacionales, entre los que sobresalen Jorge Rojas, Sergio Galleguillo, N\u00e9stor Garnica, Los Tekis, Chaque\u00f1o Palavecino, Los Manseros, entre otros.<\/p>\n\n\n\n<p>Los puntos de venta f\u00edsicos y sus horarios de atenci\u00f3n son la Direcci\u00f3n de Rentas de la Municipalidad de La Banda, ubicada en 25 de Mayo y Chacabuco, hasta el s\u00e1bado 22, de 9 a 14 y de 17 a 20.30, para retomar el martes 25 en los mismos horarios.<\/p>\n\n\n\n<p>Tambi\u00e9n se habilitar\u00e1 el local de la productora \u201cPago Donde Nac\u00ed\u201d, en d\u00edas y horarios comerciales, ubicado en calle Independencia N\u00ba 253 (Local 3 \u2013 Galer\u00eda Gigli); Hipermercado Libertad, de 9 a 13 y de 17 a 22 de lunes a domingo.<\/p>\n\n\n\n<p>El precio de las entradas es de $ 600 por noche y el abono $ 2000.<\/p>\n\n\n\n<p>En cuanto a la venta on line, se puede ingresar a la p\u00e1gina web del festival&nbsp;<a href=\"http:\/\/www.festivallasalamanca.gob.ar\/\" target=\"_blank\" rel=\"noreferrer noopener\">www.festivallasalamanca.gob.ar<\/a>&nbsp;en el apartado \u201cventa on line\u201d y a trav\u00e9s del link:&nbsp;<a href=\"http:\/\/salamanca.santiagoacreditaciones.com\/formscreateonline\" target=\"_blank\" rel=\"noreferrer noopener\">http:\/\/salamanca.santiagoacreditaciones.com\/formscreateonline<\/a>.<\/p>\n","protected":false},"excerpt":{"rendered":"<p>La Comisi\u00f3n Organizadora del Festival Nacional de La Salamanca 2020 record\u00f3 los horarios de atenci\u00f3n&#8230;<\/p>\n","protected":false},"author":2,"featured_media":405,"comment_status":"open","ping_status":"open","sticky":false,"template":"","format":"standard","meta":{"om_disable_all_campaigns":false,"_monsterinsights_skip_tracking":false,"_monsterinsights_sitenote_active":false,"_monsterinsights_sitenote_note":"","_monsterinsights_sitenote_category":0,"_uf_show_specific_survey":0,"_uf_disable_surveys":false,"jetpack_post_was_ever_published":false,"_jetpack_newsletter_access":"","_jetpack_dont_email_post_to_subs":false,"_jetpack_newsletter_tier_id":0,"_jetpack_memberships_contains_paywalled_content":false,"_jetpack_memberships_contains_paid_content":false,"footnotes":"","jetpack_publicize_message":"","jetpack_publicize_feature_enabled":true,"jetpack_social_post_already_shared":false,"jetpack_social_options":{"image_generator_settings":{"template":"highway","default_image_id":0,"font":"","enabled":false},"version":2}},"categories":[21],"tags":[],"class_list":["post-404","post","type-post","status-publish","format-standard","has-post-thumbnail","hentry","category-locales"],"aioseo_notices":[],"views":6,"jetpack_publicize_connections":[],"jetpack_featured_media_url":"https:\/\/i0.wp.com\/elterritorialweb.com.ar\/web\/wp-content\/uploads\/2020\/02\/ENTRADA-SALAMANCA.jpeg?fit=1210%2C423","jetpack_sharing_enabled":true,"_links":{"self":[{"href":"http:\/\/elterritorialweb.com.ar\/web\/wp-json\/wp\/v2\/posts\/404","targetHints":{"allow":["GET"]}}],"collection":[{"href":"http:\/\/elterritorialweb.com.ar\/web\/wp-json\/wp\/v2\/posts"}],"about":[{"href":"http:\/\/elterritorialweb.com.ar\/web\/wp-json\/wp\/v2\/types\/post"}],"author":[{"embeddable":true,"href":"http:\/\/elterritorialweb.com.ar\/web\/wp-json\/wp\/v2\/users\/2"}],"replies":[{"embeddable":true,"href":"http:\/\/elterritorialweb.com.ar\/web\/wp-json\/wp\/v2\/comments?post=404"}],"version-history":[{"count":1,"href":"http:\/\/elterritorialweb.com.ar\/web\/wp-json\/wp\/v2\/posts\/404\/revisions"}],"predecessor-version":[{"id":406,"href":"http:\/\/elterritorialweb.com.ar\/web\/wp-json\/wp\/v2\/posts\/404\/revisions\/406"}],"wp:featuredmedia":[{"embeddable":true,"href":"http:\/\/elterritorialweb.com.ar\/web\/wp-json\/wp\/v2\/media\/405"}],"wp:attachment":[{"href":"http:\/\/elterritorialweb.com.ar\/web\/wp-json\/wp\/v2\/media?parent=404"}],"wp:term":[{"taxonomy":"category","embeddable":true,"href":"http:\/\/elterritorialweb.com.ar\/web\/wp-json\/wp\/v2\/categories?post=404"},{"taxonomy":"post_tag","embeddable":true,"href":"http:\/\/elterritorialweb.com.ar\/web\/wp-json\/wp\/v2\/tags?post=404"}],"curies":[{"name":"wp","href":"https:\/\/api.w.org\/{rel}","templated":true}]}}