{"id":40433,"date":"2022-05-25T02:12:22","date_gmt":"2022-05-25T02:12:22","guid":{"rendered":"http:\/\/elterritorialweb.com.ar\/web\/?p=40433"},"modified":"2022-05-25T02:12:50","modified_gmt":"2022-05-25T02:12:50","slug":"nediani-acompano-las-actividades-previas-al-dia-de-la-revolucion-de-mayo","status":"publish","type":"post","link":"http:\/\/elterritorialweb.com.ar\/web\/nediani-acompano-las-actividades-previas-al-dia-de-la-revolucion-de-mayo\/","title":{"rendered":"NEDIANI ACOMPA\u00d1\u00d3 LAS ACTIVIDADES PREVIAS AL D\u00cdA DE LA REVOLUCI\u00d3N DE MAYO"},"content":{"rendered":"\n<p>En este sentido, el mandatario asisti\u00f3 al microcentro de la ciudad, donde se llev\u00f3 a cabo una puesta en escena con diferentes n\u00fameros art\u00edsticos, shows, exposiciones, puestos de emprendedores y artesanos y un desayuno patrio.<br>Para ello, las \u00e1reas como la Direcci\u00f3n de Turismo, Nutrici\u00f3n Comunitaria, Subsecretar\u00eda de Educaci\u00f3n y Cultura, la Secretar\u00eda de Desarrollo Humano, Tr\u00e1nsito, Alerta Banda y con la colaboraci\u00f3n del Centro de Comercio e Industria, lograron el desarrollo de una jornada llena de tradici\u00f3n, donde los alumnos de los jardines municipales como el N\u00b0 3 Pimpollito, N\u00b04 Haydee Herrera, N\u00b05 Julia Valdivia, N\u00b06 Luis Pecci, N\u00b012 Albergue de Sue\u00f1os, N\u00b017 Ada Corghi, con vestimenta tradicional recorrieron las calles del centro bande\u00f1o repartiendo escarapelas y realizando cuadros art\u00edsticos.<\/p>\n\n\n\n<figure class=\"wp-block-image size-large\"><a href=\"https:\/\/i0.wp.com\/elterritorialweb.com.ar\/web\/wp-content\/uploads\/2022\/05\/NEDIANI-PREVIA-REVOLUCION-DE-MAYO-1.jpeg\"><img data-recalc-dims=\"1\" decoding=\"async\" width=\"640\" height=\"427\" data-src=\"https:\/\/i0.wp.com\/elterritorialweb.com.ar\/web\/wp-content\/uploads\/2022\/05\/NEDIANI-PREVIA-REVOLUCION-DE-MAYO-1.jpeg?resize=640%2C427\" alt=\"\" class=\"wp-image-40435 lazyload\" data-srcset=\"https:\/\/i0.wp.com\/elterritorialweb.com.ar\/web\/wp-content\/uploads\/2022\/05\/NEDIANI-PREVIA-REVOLUCION-DE-MAYO-1.jpeg?resize=1024%2C683 1024w, https:\/\/i0.wp.com\/elterritorialweb.com.ar\/web\/wp-content\/uploads\/2022\/05\/NEDIANI-PREVIA-REVOLUCION-DE-MAYO-1.jpeg?resize=300%2C200 300w, https:\/\/i0.wp.com\/elterritorialweb.com.ar\/web\/wp-content\/uploads\/2022\/05\/NEDIANI-PREVIA-REVOLUCION-DE-MAYO-1.jpeg?resize=768%2C512 768w, https:\/\/i0.wp.com\/elterritorialweb.com.ar\/web\/wp-content\/uploads\/2022\/05\/NEDIANI-PREVIA-REVOLUCION-DE-MAYO-1.jpeg?w=1280 1280w\" data-sizes=\"(max-width: 640px) 100vw, 640px\" src=\"data:image\/svg+xml;base64,PHN2ZyB3aWR0aD0iMSIgaGVpZ2h0PSIxIiB4bWxucz0iaHR0cDovL3d3dy53My5vcmcvMjAwMC9zdmciPjwvc3ZnPg==\" style=\"--smush-placeholder-width: 640px; --smush-placeholder-aspect-ratio: 640\/427;\" \/><\/a><\/figure>\n\n\n\n<p>Adem\u00e1s, la academia municipal de danzas \u2018La Telesita\u2019, deleit\u00f3 a los presentes con bailes tradicionales, como as\u00ed tambi\u00e9n, el D\u00fao Arias C\u00e1ceres, hizo bailar a todos los presentes, llenando de ritmo y tradici\u00f3n la ma\u00f1ana del martes, con la actuaci\u00f3n final de la murga Los Gloriosos de La Banda.<br>Asimismo, quienes pasaban por el lugar, pod\u00edan compartir a una chocolatada, masas dulces y apreciar las obras de arte expuestas en el lugar, donde tambi\u00e9n, se encontraban los emprendedores ofreciendo sus productos como manualidades, artesan\u00edas, comida y dem\u00e1s.<br>Por su parte, Nediani agradeci\u00f3 el esfuerzo de todas las \u00e1reas que hicieron posible este evento, como tambi\u00e9n la colaboraci\u00f3n del centro de comercio y dijo: \u201cEstas actividades fueron planeadas con la idea de que los m\u00e1s peque\u00f1os tengan una jornada recreativa y educativa y, al mismo tiempo, llenar de tradici\u00f3n, cultura y patria a todos nuestros vecinos que pasan por el lugar, pudiendo acceder a los productos de los feriantes, y realizar sus compras y actividades en el microcentro de la ciudad\u201d.<\/p>\n","protected":false},"excerpt":{"rendered":"<p>El intendente de la ciudad de La Banda, Roger Nediani acompa\u00f1\u00f3 la intervenci\u00f3n urbana, planificada por diferentes \u00e1reas municipales, en el marco al d\u00eda previo a la conmemoraci\u00f3n de la Revoluci\u00f3n de Mayo, las cuales se desarrollaron en calle Alem.<\/p>\n","protected":false},"author":2,"featured_media":40434,"comment_status":"open","ping_status":"open","sticky":false,"template":"","format":"standard","meta":{"om_disable_all_campaigns":false,"_monsterinsights_skip_tracking":false,"_monsterinsights_sitenote_active":false,"_monsterinsights_sitenote_note":"","_monsterinsights_sitenote_category":0,"_uf_show_specific_survey":0,"_uf_disable_surveys":false,"jetpack_post_was_ever_published":false,"_jetpack_newsletter_access":"","_jetpack_dont_email_post_to_subs":false,"_jetpack_newsletter_tier_id":0,"_jetpack_memberships_contains_paywalled_content":false,"_jetpack_memberships_contains_paid_content":false,"footnotes":"","jetpack_publicize_message":"","jetpack_publicize_feature_enabled":true,"jetpack_social_post_already_shared":false,"jetpack_social_options":{"image_generator_settings":{"template":"highway","default_image_id":0,"font":"","enabled":false},"version":2}},"categories":[21],"tags":[],"class_list":["post-40433","post","type-post","status-publish","format-standard","has-post-thumbnail","hentry","category-locales"],"aioseo_notices":[],"views":9,"jetpack_publicize_connections":[],"jetpack_featured_media_url":"https:\/\/i0.wp.com\/elterritorialweb.com.ar\/web\/wp-content\/uploads\/2022\/05\/NEDIANI-PREVIA-REVOLUCION-DE-MAYO.jpeg?fit=1280%2C854","jetpack_sharing_enabled":true,"_links":{"self":[{"href":"http:\/\/elterritorialweb.com.ar\/web\/wp-json\/wp\/v2\/posts\/40433","targetHints":{"allow":["GET"]}}],"collection":[{"href":"http:\/\/elterritorialweb.com.ar\/web\/wp-json\/wp\/v2\/posts"}],"about":[{"href":"http:\/\/elterritorialweb.com.ar\/web\/wp-json\/wp\/v2\/types\/post"}],"author":[{"embeddable":true,"href":"http:\/\/elterritorialweb.com.ar\/web\/wp-json\/wp\/v2\/users\/2"}],"replies":[{"embeddable":true,"href":"http:\/\/elterritorialweb.com.ar\/web\/wp-json\/wp\/v2\/comments?post=40433"}],"version-history":[{"count":1,"href":"http:\/\/elterritorialweb.com.ar\/web\/wp-json\/wp\/v2\/posts\/40433\/revisions"}],"predecessor-version":[{"id":40436,"href":"http:\/\/elterritorialweb.com.ar\/web\/wp-json\/wp\/v2\/posts\/40433\/revisions\/40436"}],"wp:featuredmedia":[{"embeddable":true,"href":"http:\/\/elterritorialweb.com.ar\/web\/wp-json\/wp\/v2\/media\/40434"}],"wp:attachment":[{"href":"http:\/\/elterritorialweb.com.ar\/web\/wp-json\/wp\/v2\/media?parent=40433"}],"wp:term":[{"taxonomy":"category","embeddable":true,"href":"http:\/\/elterritorialweb.com.ar\/web\/wp-json\/wp\/v2\/categories?post=40433"},{"taxonomy":"post_tag","embeddable":true,"href":"http:\/\/elterritorialweb.com.ar\/web\/wp-json\/wp\/v2\/tags?post=40433"}],"curies":[{"name":"wp","href":"https:\/\/api.w.org\/{rel}","templated":true}]}}