{"id":40437,"date":"2022-05-25T02:16:01","date_gmt":"2022-05-25T02:16:01","guid":{"rendered":"http:\/\/elterritorialweb.com.ar\/web\/?p=40437"},"modified":"2022-05-25T02:16:01","modified_gmt":"2022-05-25T02:16:01","slug":"la-municipalidad-anuncio-la-preinscripcion-para-la-feria-artesanal-de-julio","status":"publish","type":"post","link":"http:\/\/elterritorialweb.com.ar\/web\/la-municipalidad-anuncio-la-preinscripcion-para-la-feria-artesanal-de-julio\/","title":{"rendered":"LA MUNICIPALIDAD ANUNCI\u00d3 LA PREINSCRIPCI\u00d3N PARA LA FERIA ARTESANAL DE JULIO"},"content":{"rendered":"\n<p>El secretario de Gobierno de la Capital, N\u00e9stor Machado, junto el subsecretario de Cultura, Rodolfo Legname y el director de Cultura, Francisco Avenda\u00f1o, explicaron c\u00f3mo ser\u00e1 el procedimiento para la participaci\u00f3n del encuentro. \u201cConvocamos a todos los artesanos y emprendedores de la provincia y el pa\u00eds a preinscribirse en esta tradicional feria que, despu\u00e9s de dos a\u00f1os de ausencia, este 2022 volver\u00e1 a congregar a gran cantidad de vecinos y turistas en el predio de Changolandia\u00bb, afirm\u00f3 Machado.<\/p>\n\n\n\n<p>Por su parte, Legname se\u00f1al\u00f3 que \u00abse est\u00e1 redise\u00f1ando el lugar que ocupar\u00e1n las carpas y los stands, procurando brindar mayores espacios de aire y circulaci\u00f3n entre ellas, a los fines de tener en cuenta el cuidado de la salud\u201d.<\/p>\n\n\n\n<p>A su turno, Avenda\u00f1o detall\u00f3 que \u00abla preinscripci\u00f3n se realizar\u00e1 a los efectos de que una Comisi\u00f3n Evaluadora defina, en funci\u00f3n de los espacios disponibles, qui\u00e9nes ser\u00e1n los artesanos que podr\u00e1n participar en la tradicional feria\u00bb.<\/p>\n\n\n\n<p>\u00abA tal fin, los interesados deber\u00e1n llenar un formulario en el que detallar\u00e1n, adem\u00e1s de sus datos personales y de contacto, las t\u00e9cnicas y materiales que emplean en la elaboraci\u00f3n de sus productos, como tambi\u00e9n im\u00e1genes de los mismos y toda otra documentaci\u00f3n que acredite su condici\u00f3n artesanal y la calidad de su producci\u00f3n\u00bb, agreg\u00f3.<\/p>\n\n\n\n<p>Los formularios se retiran en la Direcci\u00f3n de Cultura, ubicada en calle Pringles N\u00ba 14 (primer piso) de lunes a viernes, en el horario de 9 a 12&nbsp; y de 17 a 20. Por m\u00e1s informaci\u00f3n, tambi\u00e9n se pueden comunicar al tel\u00e9fono al n\u00famero 422-2829 o al correo culturamuncipalsgo@gmail.com.<\/p>\n","protected":false},"excerpt":{"rendered":"<p>La Municipalidad de la Capital anunci\u00f3 el comienzo de las preinscripciones para los interesados en participar de la Feria Artesanal que se realizar\u00e1 el mes de julio, en el marco del 469\u00b0 aniversario de la \u00abMadre de Ciudades\u00bb.<\/p>\n","protected":false},"author":2,"featured_media":40438,"comment_status":"open","ping_status":"open","sticky":false,"template":"","format":"standard","meta":{"om_disable_all_campaigns":false,"_monsterinsights_skip_tracking":false,"_monsterinsights_sitenote_active":false,"_monsterinsights_sitenote_note":"","_monsterinsights_sitenote_category":0,"_uf_show_specific_survey":0,"_uf_disable_surveys":false,"jetpack_post_was_ever_published":false,"_jetpack_newsletter_access":"","_jetpack_dont_email_post_to_subs":false,"_jetpack_newsletter_tier_id":0,"_jetpack_memberships_contains_paywalled_content":false,"_jetpack_memberships_contains_paid_content":false,"footnotes":"","jetpack_publicize_message":"","jetpack_publicize_feature_enabled":true,"jetpack_social_post_already_shared":false,"jetpack_social_options":{"image_generator_settings":{"template":"highway","default_image_id":0,"font":"","enabled":false},"version":2}},"categories":[21],"tags":[],"class_list":["post-40437","post","type-post","status-publish","format-standard","has-post-thumbnail","hentry","category-locales"],"aioseo_notices":[],"views":10,"jetpack_publicize_connections":[],"jetpack_featured_media_url":"https:\/\/i0.wp.com\/elterritorialweb.com.ar\/web\/wp-content\/uploads\/2022\/05\/pre-inscripcion-feria.jpeg?fit=1124%2C750","jetpack_sharing_enabled":true,"_links":{"self":[{"href":"http:\/\/elterritorialweb.com.ar\/web\/wp-json\/wp\/v2\/posts\/40437","targetHints":{"allow":["GET"]}}],"collection":[{"href":"http:\/\/elterritorialweb.com.ar\/web\/wp-json\/wp\/v2\/posts"}],"about":[{"href":"http:\/\/elterritorialweb.com.ar\/web\/wp-json\/wp\/v2\/types\/post"}],"author":[{"embeddable":true,"href":"http:\/\/elterritorialweb.com.ar\/web\/wp-json\/wp\/v2\/users\/2"}],"replies":[{"embeddable":true,"href":"http:\/\/elterritorialweb.com.ar\/web\/wp-json\/wp\/v2\/comments?post=40437"}],"version-history":[{"count":1,"href":"http:\/\/elterritorialweb.com.ar\/web\/wp-json\/wp\/v2\/posts\/40437\/revisions"}],"predecessor-version":[{"id":40439,"href":"http:\/\/elterritorialweb.com.ar\/web\/wp-json\/wp\/v2\/posts\/40437\/revisions\/40439"}],"wp:featuredmedia":[{"embeddable":true,"href":"http:\/\/elterritorialweb.com.ar\/web\/wp-json\/wp\/v2\/media\/40438"}],"wp:attachment":[{"href":"http:\/\/elterritorialweb.com.ar\/web\/wp-json\/wp\/v2\/media?parent=40437"}],"wp:term":[{"taxonomy":"category","embeddable":true,"href":"http:\/\/elterritorialweb.com.ar\/web\/wp-json\/wp\/v2\/categories?post=40437"},{"taxonomy":"post_tag","embeddable":true,"href":"http:\/\/elterritorialweb.com.ar\/web\/wp-json\/wp\/v2\/tags?post=40437"}],"curies":[{"name":"wp","href":"https:\/\/api.w.org\/{rel}","templated":true}]}}