{"id":40440,"date":"2022-05-25T02:22:37","date_gmt":"2022-05-25T02:22:37","guid":{"rendered":"http:\/\/elterritorialweb.com.ar\/web\/?p=40440"},"modified":"2022-05-25T02:26:02","modified_gmt":"2022-05-25T02:26:02","slug":"la-municipalidad-llamo-a-cubrir-en-sus-jardines-de-infantes","status":"publish","type":"post","link":"http:\/\/elterritorialweb.com.ar\/web\/la-municipalidad-llamo-a-cubrir-en-sus-jardines-de-infantes\/","title":{"rendered":"LA MUNICIPALIDAD LLAM\u00d3 A CUBRIR EN SUS JARDINES DE INFANTES"},"content":{"rendered":"\n<p>La convocatoria es para maestra de secci\u00f3n interina en el Jard\u00edn N\u00b013 \u201cHormiguita Viajera\u201d (un cargo, turno Ma\u00f1ana); maestra de secci\u00f3n suplente para el Jard\u00edn N\u00b06 \u201cPulgarcito\u201d (un cargo, turno tarde) y maestra de secci\u00f3n interina para el Jard\u00edn N\u00b022 \u201cVirgen del Carmen\u201d (un cargo, turno ma\u00f1ana).<\/p>\n\n\n\n<p>El acto se llevar\u00e1 a cabo el d\u00eda viernes 27 a las 8:30 horas en la Casa del Bicentenario, ubicada en Olaechea y Catamarca (Parque Aguirre). Las docentes interesadas, en el momento de la opci\u00f3n, deber\u00e1n presentar declaraci\u00f3n jurada de cargos, formulario que debe ser retirado en Supervisi\u00f3n General, sito en C\u00f3rdoba 254. Asimismo, se informa que dicho acto se encuentra en la reglamentaci\u00f3n vigente, Art\u00edculos 10 inc.), 11,16,17 y otros de la Ordenanza N\u00b0 547.<\/p>\n","protected":false},"excerpt":{"rendered":"<p>La Subsecretar\u00eda de Educaci\u00f3n de la Municipalidad de la Capital llama a cubrir cargos en jardines de infantes de acuerdo a los Listados de Orden de M\u00e9rito vigentes, tanto ordinario como extraordinario.<\/p>\n","protected":false},"author":2,"featured_media":40441,"comment_status":"open","ping_status":"open","sticky":false,"template":"","format":"standard","meta":{"om_disable_all_campaigns":false,"_monsterinsights_skip_tracking":false,"_monsterinsights_sitenote_active":false,"_monsterinsights_sitenote_note":"","_monsterinsights_sitenote_category":0,"_uf_show_specific_survey":0,"_uf_disable_surveys":false,"jetpack_post_was_ever_published":false,"_jetpack_newsletter_access":"","_jetpack_dont_email_post_to_subs":false,"_jetpack_newsletter_tier_id":0,"_jetpack_memberships_contains_paywalled_content":false,"_jetpack_memberships_contains_paid_content":false,"footnotes":"","jetpack_publicize_message":"","jetpack_publicize_feature_enabled":true,"jetpack_social_post_already_shared":false,"jetpack_social_options":{"image_generator_settings":{"template":"highway","default_image_id":0,"font":"","enabled":false},"version":2}},"categories":[19],"tags":[],"class_list":["post-40440","post","type-post","status-publish","format-standard","has-post-thumbnail","hentry","category-educacion"],"aioseo_notices":[],"views":7,"jetpack_publicize_connections":[],"jetpack_featured_media_url":"https:\/\/i0.wp.com\/elterritorialweb.com.ar\/web\/wp-content\/uploads\/2022\/05\/jardines-municipales.jpeg?fit=1600%2C1067","jetpack_sharing_enabled":true,"_links":{"self":[{"href":"http:\/\/elterritorialweb.com.ar\/web\/wp-json\/wp\/v2\/posts\/40440","targetHints":{"allow":["GET"]}}],"collection":[{"href":"http:\/\/elterritorialweb.com.ar\/web\/wp-json\/wp\/v2\/posts"}],"about":[{"href":"http:\/\/elterritorialweb.com.ar\/web\/wp-json\/wp\/v2\/types\/post"}],"author":[{"embeddable":true,"href":"http:\/\/elterritorialweb.com.ar\/web\/wp-json\/wp\/v2\/users\/2"}],"replies":[{"embeddable":true,"href":"http:\/\/elterritorialweb.com.ar\/web\/wp-json\/wp\/v2\/comments?post=40440"}],"version-history":[{"count":1,"href":"http:\/\/elterritorialweb.com.ar\/web\/wp-json\/wp\/v2\/posts\/40440\/revisions"}],"predecessor-version":[{"id":40442,"href":"http:\/\/elterritorialweb.com.ar\/web\/wp-json\/wp\/v2\/posts\/40440\/revisions\/40442"}],"wp:featuredmedia":[{"embeddable":true,"href":"http:\/\/elterritorialweb.com.ar\/web\/wp-json\/wp\/v2\/media\/40441"}],"wp:attachment":[{"href":"http:\/\/elterritorialweb.com.ar\/web\/wp-json\/wp\/v2\/media?parent=40440"}],"wp:term":[{"taxonomy":"category","embeddable":true,"href":"http:\/\/elterritorialweb.com.ar\/web\/wp-json\/wp\/v2\/categories?post=40440"},{"taxonomy":"post_tag","embeddable":true,"href":"http:\/\/elterritorialweb.com.ar\/web\/wp-json\/wp\/v2\/tags?post=40440"}],"curies":[{"name":"wp","href":"https:\/\/api.w.org\/{rel}","templated":true}]}}