{"id":40448,"date":"2022-05-25T03:30:02","date_gmt":"2022-05-25T03:30:02","guid":{"rendered":"http:\/\/elterritorialweb.com.ar\/web\/?p=40448"},"modified":"2022-05-27T18:16:05","modified_gmt":"2022-05-27T18:16:05","slug":"morena-cumbia-presenta-un-video-clip-en-homenaje-a-koly-arce-en-un-nuevo-aniversario-de-su-muerte","status":"publish","type":"post","link":"http:\/\/elterritorialweb.com.ar\/web\/morena-cumbia-presenta-un-video-clip-en-homenaje-a-koly-arce-en-un-nuevo-aniversario-de-su-muerte\/","title":{"rendered":"MORENA CUMBIA PRESENTA UN VIDEO CLIP EN HOMENAJE A \u00abKOLI\u00bb ARCE EN UN NUEVO ANIVERSARIO DE SU MUERTE"},"content":{"rendered":"\n<p>Video Clip Estreno \u00bb Canci\u00f3n Homenaje al Rey Koli Arce en su Aniversario (popurr\u00ed : Siento fr\u00edo en el vac\u00edo de mi pieza- Doble vida)\u00bb<br>Morena; estrena un enganchado (\u00abSiento fr\u00edo en el vacio de mi pieza\u00bb y \u00abDoble vida\u00bb), con un video clip que hace revivir a los seguidores del Rey \u00abKoli\u00bb Arce, cumpli\u00e9ndose este 29 de mayo, un aniversario m\u00e1s de su desaparici\u00f3n f\u00edsica.<\/p>\n\n\n\n<p>Cabe destacar que esta versi\u00f3n esta interpretada por primera vez, por una voz femenina, y no pod\u00eda ser de otro modo, ya que Morena nos tiene acostumbrados a romper paradigmas en la m\u00fasica de santiago, como cuando lanz\u00f3 su \u00e1lbum completo \u00abSoy Santiague\u00f1a\u00bb en estilo Guarachero.<\/p>\n\n\n\n<figure class=\"wp-block-image size-full is-resized\"><a href=\"https:\/\/i0.wp.com\/elterritorialweb.com.ar\/web\/wp-content\/uploads\/2022\/05\/morena-cumbia-1.jpeg\"><img data-recalc-dims=\"1\" decoding=\"async\" data-src=\"https:\/\/i0.wp.com\/elterritorialweb.com.ar\/web\/wp-content\/uploads\/2022\/05\/morena-cumbia-1.jpeg?resize=640%2C381\" alt=\"\" class=\"wp-image-40450 lazyload\" width=\"640\" height=\"381\" data-srcset=\"https:\/\/i0.wp.com\/elterritorialweb.com.ar\/web\/wp-content\/uploads\/2022\/05\/morena-cumbia-1.jpeg?w=713 713w, https:\/\/i0.wp.com\/elterritorialweb.com.ar\/web\/wp-content\/uploads\/2022\/05\/morena-cumbia-1.jpeg?resize=300%2C178 300w\" data-sizes=\"(max-width: 640px) 100vw, 640px\" src=\"data:image\/svg+xml;base64,PHN2ZyB3aWR0aD0iMSIgaGVpZ2h0PSIxIiB4bWxucz0iaHR0cDovL3d3dy53My5vcmcvMjAwMC9zdmciPjwvc3ZnPg==\" style=\"--smush-placeholder-width: 640px; --smush-placeholder-aspect-ratio: 640\/381;\" \/><\/a><\/figure>\n\n\n\n<p>La artista, pionera en la voz femenina, con el objetivo trazado de abrir camino a la mujer en este rubro tal como lo hizo en sus comienzos en la m\u00fasica en el a\u00f1o 2008, al lanzarse como como Cantante Solista femenina de m\u00fasica Tropical, siendo la m\u00fasica Santiague\u00f1a en su momento estaba liderada solo por voces masculinas de la guaracha y el folclore.<\/p>\n\n\n\n<p>La Cantante, Autora, Conductora de televisi\u00f3n y Productora de teatro, abre su a\u00f1o musical con este adelanto del video clip enganchado. Versi\u00f3n del disco que qued\u00f3 pendiente de lanzar por la pandemia, titulado \u00abyo soy morena\u00bb, editado por la empresa Magenta Discos, acompa\u00f1ada por una producci\u00f3n audiovisual.<\/p>\n\n\n\n<figure class=\"wp-block-image size-full\"><a href=\"https:\/\/i0.wp.com\/elterritorialweb.com.ar\/web\/wp-content\/uploads\/2022\/05\/morena-cumbia-2.jpeg\"><img data-recalc-dims=\"1\" decoding=\"async\" width=\"640\" height=\"662\" data-src=\"https:\/\/i0.wp.com\/elterritorialweb.com.ar\/web\/wp-content\/uploads\/2022\/05\/morena-cumbia-2.jpeg?resize=640%2C662\" alt=\"\" class=\"wp-image-40451 lazyload\" data-srcset=\"https:\/\/i0.wp.com\/elterritorialweb.com.ar\/web\/wp-content\/uploads\/2022\/05\/morena-cumbia-2.jpeg?w=770 770w, https:\/\/i0.wp.com\/elterritorialweb.com.ar\/web\/wp-content\/uploads\/2022\/05\/morena-cumbia-2.jpeg?resize=290%2C300 290w, https:\/\/i0.wp.com\/elterritorialweb.com.ar\/web\/wp-content\/uploads\/2022\/05\/morena-cumbia-2.jpeg?resize=768%2C795 768w\" data-sizes=\"(max-width: 640px) 100vw, 640px\" src=\"data:image\/svg+xml;base64,PHN2ZyB3aWR0aD0iMSIgaGVpZ2h0PSIxIiB4bWxucz0iaHR0cDovL3d3dy53My5vcmcvMjAwMC9zdmciPjwvc3ZnPg==\" style=\"--smush-placeholder-width: 640px; --smush-placeholder-aspect-ratio: 640\/662;\" \/><\/a><\/figure>\n\n\n\n<p>D\u00eda a d\u00eda, Alejandra Cejas Arga\u00f1araz \u00abMorena\u00bb, transmite un notable compromiso con su profesi\u00f3n en cada propuesta que va difundiendo en sus 14 a\u00f1os de trayectoria musical, es su segundo video clip (el primero fue \u00abSoy Santiague\u00f1a\u00bb) que conquista a sus seguidores en su programa televisivo Morena TV, redes sociales y las plataformas digitales y sus variados exitosos y proyectos art\u00edsticos como la \u00faltima propuesta de comedia musical \u00abYo soy Morena con m\u00fasica y humor\u00bb, junto al humorista Pochy Chavez. <\/p>\n\n\n\n<p>De esta manera anuncia oficialmente, el estreno de este videoclip, que ser\u00e1 publicado en los distintos medios audiovisuales, sus redes sociales, como tambi\u00e9n en su programa de tv, este s\u00e1bado 28 de Mayo.<\/p>\n\n\n\n<figure class=\"wp-block-embed is-type-video is-provider-youtube wp-block-embed-youtube wp-embed-aspect-16-9 wp-has-aspect-ratio\"><div class=\"wp-block-embed__wrapper\">\n<iframe title=\"Backstage #VideoClip  - Enganchado  ( Siento fr\u00edo en el vacio de mi pieza \/ Doble vida)#koliarce\" width=\"640\" height=\"360\" data-src=\"https:\/\/www.youtube.com\/embed\/GQsGMaVlu6U?feature=oembed\" frameborder=\"0\" allow=\"accelerometer; autoplay; clipboard-write; encrypted-media; gyroscope; picture-in-picture; web-share\" referrerpolicy=\"strict-origin-when-cross-origin\" allowfullscreen src=\"data:image\/svg+xml;base64,PHN2ZyB3aWR0aD0iMSIgaGVpZ2h0PSIxIiB4bWxucz0iaHR0cDovL3d3dy53My5vcmcvMjAwMC9zdmciPjwvc3ZnPg==\" class=\"lazyload\" data-load-mode=\"1\"><\/iframe>\n<\/div><\/figure>\n","protected":false},"excerpt":{"rendered":"<p>Tras cumplirse un nuevo aniversario de la desaparici\u00f3n f\u00edsica del Rey \u00abKoli\u00bb Arce, la artista santiague\u00f1a lo homenajeara con un video clip.<\/p>\n","protected":false},"author":2,"featured_media":40454,"comment_status":"open","ping_status":"open","sticky":false,"template":"","format":"standard","meta":{"om_disable_all_campaigns":false,"_monsterinsights_skip_tracking":false,"_monsterinsights_sitenote_active":false,"_monsterinsights_sitenote_note":"","_monsterinsights_sitenote_category":0,"_uf_show_specific_survey":0,"_uf_disable_surveys":false,"jetpack_post_was_ever_published":false,"_jetpack_newsletter_access":"","_jetpack_dont_email_post_to_subs":false,"_jetpack_newsletter_tier_id":0,"_jetpack_memberships_contains_paywalled_content":false,"_jetpack_memberships_contains_paid_content":false,"footnotes":"","jetpack_publicize_message":"","jetpack_publicize_feature_enabled":true,"jetpack_social_post_already_shared":false,"jetpack_social_options":{"image_generator_settings":{"template":"highway","default_image_id":0,"font":"","enabled":false},"version":2}},"categories":[20],"tags":[],"class_list":["post-40448","post","type-post","status-publish","format-standard","has-post-thumbnail","hentry","category-especysociales"],"aioseo_notices":[],"views":15,"jetpack_publicize_connections":[],"jetpack_featured_media_url":"https:\/\/i0.wp.com\/elterritorialweb.com.ar\/web\/wp-content\/uploads\/2022\/05\/morena-cumbia-2-1.jpeg?fit=1496%2C992","jetpack_sharing_enabled":true,"_links":{"self":[{"href":"http:\/\/elterritorialweb.com.ar\/web\/wp-json\/wp\/v2\/posts\/40448","targetHints":{"allow":["GET"]}}],"collection":[{"href":"http:\/\/elterritorialweb.com.ar\/web\/wp-json\/wp\/v2\/posts"}],"about":[{"href":"http:\/\/elterritorialweb.com.ar\/web\/wp-json\/wp\/v2\/types\/post"}],"author":[{"embeddable":true,"href":"http:\/\/elterritorialweb.com.ar\/web\/wp-json\/wp\/v2\/users\/2"}],"replies":[{"embeddable":true,"href":"http:\/\/elterritorialweb.com.ar\/web\/wp-json\/wp\/v2\/comments?post=40448"}],"version-history":[{"count":3,"href":"http:\/\/elterritorialweb.com.ar\/web\/wp-json\/wp\/v2\/posts\/40448\/revisions"}],"predecessor-version":[{"id":40583,"href":"http:\/\/elterritorialweb.com.ar\/web\/wp-json\/wp\/v2\/posts\/40448\/revisions\/40583"}],"wp:featuredmedia":[{"embeddable":true,"href":"http:\/\/elterritorialweb.com.ar\/web\/wp-json\/wp\/v2\/media\/40454"}],"wp:attachment":[{"href":"http:\/\/elterritorialweb.com.ar\/web\/wp-json\/wp\/v2\/media?parent=40448"}],"wp:term":[{"taxonomy":"category","embeddable":true,"href":"http:\/\/elterritorialweb.com.ar\/web\/wp-json\/wp\/v2\/categories?post=40448"},{"taxonomy":"post_tag","embeddable":true,"href":"http:\/\/elterritorialweb.com.ar\/web\/wp-json\/wp\/v2\/tags?post=40448"}],"curies":[{"name":"wp","href":"https:\/\/api.w.org\/{rel}","templated":true}]}}