{"id":40457,"date":"2022-05-25T03:45:29","date_gmt":"2022-05-25T03:45:29","guid":{"rendered":"http:\/\/elterritorialweb.com.ar\/web\/?p=40457"},"modified":"2022-05-25T03:45:29","modified_gmt":"2022-05-25T03:45:29","slug":"despues-de-dos-anos-de-pandemia-se-realizo-la-velada-de-gala-del-aniversario-de-la-revolucion-de-mayo","status":"publish","type":"post","link":"http:\/\/elterritorialweb.com.ar\/web\/despues-de-dos-anos-de-pandemia-se-realizo-la-velada-de-gala-del-aniversario-de-la-revolucion-de-mayo\/","title":{"rendered":"DESPU\u00c9S DE DOS A\u00d1OS DE PANDEMIA, SE REALIZ\u00d3 LA VELADA DE GALA DEL ANIVERSARIO DE LA REVOLUCI\u00d3N DE MAYO"},"content":{"rendered":"\n<p>Tambi\u00e9n estuvieron presentes la intendenta de la Capital, Norma Fuentes; el senador Jos\u00e9 Neder; los ministros de Gobierno, Marcelo Barbur; de Justicia, Matilde O&#8217;Mill; de Producci\u00f3n, Miguel Mandrille y de Educaci\u00f3n, Mariela Nassif, entre otras autoridades de la provincia.<\/p>\n\n\n\n<figure class=\"wp-block-image size-large\"><a href=\"https:\/\/i0.wp.com\/elterritorialweb.com.ar\/web\/wp-content\/uploads\/2022\/05\/VELADA-DE-GALA-1.jpeg\"><img data-recalc-dims=\"1\" decoding=\"async\" width=\"640\" height=\"426\" data-src=\"https:\/\/i0.wp.com\/elterritorialweb.com.ar\/web\/wp-content\/uploads\/2022\/05\/VELADA-DE-GALA-1.jpeg?resize=640%2C426\" alt=\"\" class=\"wp-image-40459 lazyload\" data-srcset=\"https:\/\/i0.wp.com\/elterritorialweb.com.ar\/web\/wp-content\/uploads\/2022\/05\/VELADA-DE-GALA-1.jpeg?resize=1024%2C682 1024w, https:\/\/i0.wp.com\/elterritorialweb.com.ar\/web\/wp-content\/uploads\/2022\/05\/VELADA-DE-GALA-1.jpeg?resize=300%2C200 300w, https:\/\/i0.wp.com\/elterritorialweb.com.ar\/web\/wp-content\/uploads\/2022\/05\/VELADA-DE-GALA-1.jpeg?resize=768%2C512 768w, https:\/\/i0.wp.com\/elterritorialweb.com.ar\/web\/wp-content\/uploads\/2022\/05\/VELADA-DE-GALA-1.jpeg?w=1280 1280w\" data-sizes=\"(max-width: 640px) 100vw, 640px\" src=\"data:image\/svg+xml;base64,PHN2ZyB3aWR0aD0iMSIgaGVpZ2h0PSIxIiB4bWxucz0iaHR0cDovL3d3dy53My5vcmcvMjAwMC9zdmciPjwvc3ZnPg==\" style=\"--smush-placeholder-width: 640px; --smush-placeholder-aspect-ratio: 640\/426;\" \/><\/a><\/figure>\n\n\n\n<p><br>En esta ocasi\u00f3n se presentaron en el coliseo mayor de Santiago del Estero, los artistas Marcelo Toledo, Soles y Lunas, el grupo\u00a0Salitral y el Ballet Latinoamericano.<br>A la cero hora del 25 de mayo se present\u00f3 la Banda de M\u00fasica de la Polic\u00eda de la provincia que interpret\u00f3 el Himno Nacional Argentino.<\/p>\n\n\n\n<figure class=\"wp-block-image size-large is-resized\"><a href=\"https:\/\/i0.wp.com\/elterritorialweb.com.ar\/web\/wp-content\/uploads\/2022\/05\/VELADA-DE-GALA-2.jpeg\"><img data-recalc-dims=\"1\" decoding=\"async\" data-src=\"https:\/\/i0.wp.com\/elterritorialweb.com.ar\/web\/wp-content\/uploads\/2022\/05\/VELADA-DE-GALA-2.jpeg?resize=640%2C961\" alt=\"\" class=\"wp-image-40460 lazyload\" width=\"640\" height=\"961\" data-srcset=\"https:\/\/i0.wp.com\/elterritorialweb.com.ar\/web\/wp-content\/uploads\/2022\/05\/VELADA-DE-GALA-2.jpeg?resize=682%2C1024 682w, https:\/\/i0.wp.com\/elterritorialweb.com.ar\/web\/wp-content\/uploads\/2022\/05\/VELADA-DE-GALA-2.jpeg?resize=200%2C300 200w, https:\/\/i0.wp.com\/elterritorialweb.com.ar\/web\/wp-content\/uploads\/2022\/05\/VELADA-DE-GALA-2.jpeg?resize=768%2C1152 768w, https:\/\/i0.wp.com\/elterritorialweb.com.ar\/web\/wp-content\/uploads\/2022\/05\/VELADA-DE-GALA-2.jpeg?w=853 853w\" data-sizes=\"(max-width: 640px) 100vw, 640px\" src=\"data:image\/svg+xml;base64,PHN2ZyB3aWR0aD0iMSIgaGVpZ2h0PSIxIiB4bWxucz0iaHR0cDovL3d3dy53My5vcmcvMjAwMC9zdmciPjwvc3ZnPg==\" style=\"--smush-placeholder-width: 640px; --smush-placeholder-aspect-ratio: 640\/961;\" \/><\/a><\/figure>\n\n\n\n<p>Se trat\u00f3 de una velada amena que se realiz\u00f3 de manera presencial despu\u00e9s de dos a\u00f1os, debido a la pandemia de covid y que convoc\u00f3 a una importante cantidad de p\u00fablico.<\/p>\n","protected":false},"excerpt":{"rendered":"<p>El vicegobernador, Carlos Silva Neder, acompa\u00f1ado del jefe de Gabinete, El\u00edas Su\u00e1rez, encabez\u00f3 este martes por la noche la tradicional velada de gala en el Teatro 25 de Mayo, en v\u00edsperas a la celebraci\u00f3n por el 212\u00b0 Aniversario de la Revoluci\u00f3n de Mayo.<\/p>\n","protected":false},"author":2,"featured_media":40458,"comment_status":"open","ping_status":"open","sticky":false,"template":"","format":"standard","meta":{"om_disable_all_campaigns":false,"_monsterinsights_skip_tracking":false,"_monsterinsights_sitenote_active":false,"_monsterinsights_sitenote_note":"","_monsterinsights_sitenote_category":0,"_uf_show_specific_survey":0,"_uf_disable_surveys":false,"jetpack_post_was_ever_published":false,"_jetpack_newsletter_access":"","_jetpack_dont_email_post_to_subs":false,"_jetpack_newsletter_tier_id":0,"_jetpack_memberships_contains_paywalled_content":false,"_jetpack_memberships_contains_paid_content":false,"footnotes":"","jetpack_publicize_message":"","jetpack_publicize_feature_enabled":true,"jetpack_social_post_already_shared":false,"jetpack_social_options":{"image_generator_settings":{"template":"highway","default_image_id":0,"font":"","enabled":false},"version":2}},"categories":[21],"tags":[],"class_list":["post-40457","post","type-post","status-publish","format-standard","has-post-thumbnail","hentry","category-locales"],"aioseo_notices":[],"views":10,"jetpack_publicize_connections":[],"jetpack_featured_media_url":"https:\/\/i0.wp.com\/elterritorialweb.com.ar\/web\/wp-content\/uploads\/2022\/05\/VELADA-DE-GALA.jpeg?fit=1280%2C853","jetpack_sharing_enabled":true,"_links":{"self":[{"href":"http:\/\/elterritorialweb.com.ar\/web\/wp-json\/wp\/v2\/posts\/40457","targetHints":{"allow":["GET"]}}],"collection":[{"href":"http:\/\/elterritorialweb.com.ar\/web\/wp-json\/wp\/v2\/posts"}],"about":[{"href":"http:\/\/elterritorialweb.com.ar\/web\/wp-json\/wp\/v2\/types\/post"}],"author":[{"embeddable":true,"href":"http:\/\/elterritorialweb.com.ar\/web\/wp-json\/wp\/v2\/users\/2"}],"replies":[{"embeddable":true,"href":"http:\/\/elterritorialweb.com.ar\/web\/wp-json\/wp\/v2\/comments?post=40457"}],"version-history":[{"count":1,"href":"http:\/\/elterritorialweb.com.ar\/web\/wp-json\/wp\/v2\/posts\/40457\/revisions"}],"predecessor-version":[{"id":40461,"href":"http:\/\/elterritorialweb.com.ar\/web\/wp-json\/wp\/v2\/posts\/40457\/revisions\/40461"}],"wp:featuredmedia":[{"embeddable":true,"href":"http:\/\/elterritorialweb.com.ar\/web\/wp-json\/wp\/v2\/media\/40458"}],"wp:attachment":[{"href":"http:\/\/elterritorialweb.com.ar\/web\/wp-json\/wp\/v2\/media?parent=40457"}],"wp:term":[{"taxonomy":"category","embeddable":true,"href":"http:\/\/elterritorialweb.com.ar\/web\/wp-json\/wp\/v2\/categories?post=40457"},{"taxonomy":"post_tag","embeddable":true,"href":"http:\/\/elterritorialweb.com.ar\/web\/wp-json\/wp\/v2\/tags?post=40457"}],"curies":[{"name":"wp","href":"https:\/\/api.w.org\/{rel}","templated":true}]}}