{"id":40472,"date":"2022-05-26T00:43:43","date_gmt":"2022-05-26T00:43:43","guid":{"rendered":"http:\/\/elterritorialweb.com.ar\/web\/?p=40472"},"modified":"2022-05-26T00:43:43","modified_gmt":"2022-05-26T00:43:43","slug":"el-mundo-celebra-la-revolucion-de-mayo-de-argentina","status":"publish","type":"post","link":"http:\/\/elterritorialweb.com.ar\/web\/el-mundo-celebra-la-revolucion-de-mayo-de-argentina\/","title":{"rendered":"EL MUNDO CELEBRA LA REVOLUCI\u00d3N DE MAYO DE ARGENTINA"},"content":{"rendered":"\n<p>Im\u00e1genes ic\u00f3nicas de tango y de la bandera argentina en el edificio de la\u00a0<strong>Federaci\u00f3n de Industrias del Estado de San Pablo en pleno centro de la ciudad de San Pablo, Brasil<\/strong>, brillan entre los rascacielos y el ritmo incesante de la vecina metr\u00f3poli.<br>\u00a0<br>Los festejos por un nuevo aniversario de la\u00a0<strong>Revoluci\u00f3n de Mayo<\/strong>\u00a0resuenan no s\u00f3lo dentro de Argentina, sino que se sienten y se viven en diferentes destinos internacionales. El\u00a0<strong>25 de mayo de 1810 marc\u00f3 el nacimiento de la Naci\u00f3n Argentina<\/strong>\u00a0y a su vez gener\u00f3 y contin\u00faa generando repercusiones alrededor del mundo.<br>\u00a0<br><em>\u201cLa marca argentina, su cultura y su historia, entre una larga serie de razones, cautivan a las comunidades internacionales y alimentan el deseo de visitar nuestros destinos. Por eso, celebramos un nuevo 25 de mayo con la plena recuperaci\u00f3n de nuestra actividad tur\u00edstica y agradeciendo a cada uno de los destinos del mundo por los saludos\u201d<\/em>, destac\u00f3 el\u00a0<strong>Secretario Ejecutivo del INPROTUR, Ricardo Sosa<\/strong>.<br>\u00a0<br>Celebraciones en la\u00a0<strong>residencia del Embajador de Argentina en Colombia, Gustavo Dzugala,<\/strong>\u00a0ante autoridades, empresas y personas de la cultura colombiana, agasajos para figuras del arte y la cultura de\u00a0<strong>Per\u00fa en la Embajada Argentina en Lima, festejos en la plaza del Complejo SC Square con m\u00fasicos de tango y folleter\u00eda en Florian\u00f3polis<\/strong>\u2026 Los eventos en Brasil se multiplicaron en\u00a0<strong>Recife, Curitiba, Salvador, R\u00edo de Janeiro, Foz de Iguaz\u00fa, Belo Horizonte y Uruguayana<\/strong>. Lo mismo sucedi\u00f3 en\u00a0<strong>Madrid, Londres, Par\u00eds, Roma y Mil\u00e1n<\/strong>, entre numerosas ciudades.<\/p>\n\n\n\n<figure class=\"wp-block-embed is-type-video is-provider-youtube wp-block-embed-youtube wp-embed-aspect-16-9 wp-has-aspect-ratio\"><div class=\"wp-block-embed__wrapper\">\n<iframe title=\"Local Stories - 25 de Mayo\" width=\"640\" height=\"360\" data-src=\"https:\/\/www.youtube.com\/embed\/EUt_9YbikUc?feature=oembed\" frameborder=\"0\" allow=\"accelerometer; autoplay; clipboard-write; encrypted-media; gyroscope; picture-in-picture; web-share\" referrerpolicy=\"strict-origin-when-cross-origin\" allowfullscreen src=\"data:image\/svg+xml;base64,PHN2ZyB3aWR0aD0iMSIgaGVpZ2h0PSIxIiB4bWxucz0iaHR0cDovL3d3dy53My5vcmcvMjAwMC9zdmciPjwvc3ZnPg==\" class=\"lazyload\" data-load-mode=\"1\"><\/iframe>\n<\/div><\/figure>\n","protected":false},"excerpt":{"rendered":"<p>En el marco de un nuevo aniversario de la fecha patria del 25 de mayo de 1810, diferentes destinos realizaron festejos que marcan el posicionamiento de la marca argentina alrededor del planeta.<\/p>\n","protected":false},"author":2,"featured_media":40473,"comment_status":"open","ping_status":"open","sticky":false,"template":"","format":"standard","meta":{"om_disable_all_campaigns":false,"_monsterinsights_skip_tracking":false,"_monsterinsights_sitenote_active":false,"_monsterinsights_sitenote_note":"","_monsterinsights_sitenote_category":0,"_uf_show_specific_survey":0,"_uf_disable_surveys":false,"jetpack_post_was_ever_published":false,"_jetpack_newsletter_access":"","_jetpack_dont_email_post_to_subs":false,"_jetpack_newsletter_tier_id":0,"_jetpack_memberships_contains_paywalled_content":false,"_jetpack_memberships_contains_paid_content":false,"footnotes":"","jetpack_publicize_message":"","jetpack_publicize_feature_enabled":true,"jetpack_social_post_already_shared":false,"jetpack_social_options":{"image_generator_settings":{"template":"highway","default_image_id":0,"font":"","enabled":false},"version":2}},"categories":[29],"tags":[],"class_list":["post-40472","post","type-post","status-publish","format-standard","has-post-thumbnail","hentry","category-turismo"],"aioseo_notices":[],"views":7,"jetpack_publicize_connections":[],"jetpack_featured_media_url":"https:\/\/i0.wp.com\/elterritorialweb.com.ar\/web\/wp-content\/uploads\/2022\/05\/unnamed-3.jpg?fit=1600%2C720","jetpack_sharing_enabled":true,"_links":{"self":[{"href":"http:\/\/elterritorialweb.com.ar\/web\/wp-json\/wp\/v2\/posts\/40472","targetHints":{"allow":["GET"]}}],"collection":[{"href":"http:\/\/elterritorialweb.com.ar\/web\/wp-json\/wp\/v2\/posts"}],"about":[{"href":"http:\/\/elterritorialweb.com.ar\/web\/wp-json\/wp\/v2\/types\/post"}],"author":[{"embeddable":true,"href":"http:\/\/elterritorialweb.com.ar\/web\/wp-json\/wp\/v2\/users\/2"}],"replies":[{"embeddable":true,"href":"http:\/\/elterritorialweb.com.ar\/web\/wp-json\/wp\/v2\/comments?post=40472"}],"version-history":[{"count":1,"href":"http:\/\/elterritorialweb.com.ar\/web\/wp-json\/wp\/v2\/posts\/40472\/revisions"}],"predecessor-version":[{"id":40474,"href":"http:\/\/elterritorialweb.com.ar\/web\/wp-json\/wp\/v2\/posts\/40472\/revisions\/40474"}],"wp:featuredmedia":[{"embeddable":true,"href":"http:\/\/elterritorialweb.com.ar\/web\/wp-json\/wp\/v2\/media\/40473"}],"wp:attachment":[{"href":"http:\/\/elterritorialweb.com.ar\/web\/wp-json\/wp\/v2\/media?parent=40472"}],"wp:term":[{"taxonomy":"category","embeddable":true,"href":"http:\/\/elterritorialweb.com.ar\/web\/wp-json\/wp\/v2\/categories?post=40472"},{"taxonomy":"post_tag","embeddable":true,"href":"http:\/\/elterritorialweb.com.ar\/web\/wp-json\/wp\/v2\/tags?post=40472"}],"curies":[{"name":"wp","href":"https:\/\/api.w.org\/{rel}","templated":true}]}}