{"id":40565,"date":"2022-05-27T22:22:04","date_gmt":"2022-05-27T22:22:04","guid":{"rendered":"http:\/\/elterritorialweb.com.ar\/web\/?p=40565"},"modified":"2022-05-27T22:22:05","modified_gmt":"2022-05-27T22:22:05","slug":"reunion-de-las-capitales-del-norte-argentino-en-santiago-del-estero","status":"publish","type":"post","link":"http:\/\/elterritorialweb.com.ar\/web\/reunion-de-las-capitales-del-norte-argentino-en-santiago-del-estero\/","title":{"rendered":"REUNI\u00d3N DE LAS CAPITALES DEL NORTE ARGENTINO EN SANTIAGO DEL ESTERO"},"content":{"rendered":"\n<p>En la misma particip\u00f3 el Subsecretario de Turismo de la provincia, Profesor Nelson Bravo acompa\u00f1\u00f3 a la Intendente capitalina Ingeniera, Norma Fuentes, el Secretario del Inprotur se\u00f1or Ricardo Sosa, el Secretario de Gobierno de la municipalidad N\u00e9stor Machado, y el Presidente de la C\u00e1mara de Turismo de la provincia, Sr. Miguel Figueroa , adem\u00e1s estuvo presente el Subsecretario de Turismo y Cultura de la Municipalidad de la capital arquitecto Rodolfo Legname.<\/p>\n\n\n\n<figure class=\"wp-block-image size-full\"><a href=\"https:\/\/i0.wp.com\/elterritorialweb.com.ar\/web\/wp-content\/uploads\/2022\/05\/FB_IMG_1653685713081.jpg\"><img data-recalc-dims=\"1\" decoding=\"async\" width=\"640\" height=\"428\" data-src=\"https:\/\/i0.wp.com\/elterritorialweb.com.ar\/web\/wp-content\/uploads\/2022\/05\/FB_IMG_1653685713081.jpg?resize=640%2C428\" alt=\"\" class=\"wp-image-40595 lazyload\" data-srcset=\"https:\/\/i0.wp.com\/elterritorialweb.com.ar\/web\/wp-content\/uploads\/2022\/05\/FB_IMG_1653685713081.jpg?w=720 720w, https:\/\/i0.wp.com\/elterritorialweb.com.ar\/web\/wp-content\/uploads\/2022\/05\/FB_IMG_1653685713081.jpg?resize=300%2C201 300w\" data-sizes=\"(max-width: 640px) 100vw, 640px\" src=\"data:image\/svg+xml;base64,PHN2ZyB3aWR0aD0iMSIgaGVpZ2h0PSIxIiB4bWxucz0iaHR0cDovL3d3dy53My5vcmcvMjAwMC9zdmciPjwvc3ZnPg==\" style=\"--smush-placeholder-width: 640px; --smush-placeholder-aspect-ratio: 640\/428;\" \/><\/a><\/figure>\n\n\n\n<p>El motivo de esta reuni\u00f3n es promover el desarrollo tur\u00edstico de las capitales del Norte Argentino, a saber, la cuidad anfitriona adem\u00e1s de Jujuy, Salta, Tucum\u00e1n, La Rioja y Catamarca.<\/p>\n\n\n\n<figure class=\"wp-block-image size-full\"><a href=\"https:\/\/i0.wp.com\/elterritorialweb.com.ar\/web\/wp-content\/uploads\/2022\/05\/FB_IMG_1653685723901.jpg\"><img data-recalc-dims=\"1\" decoding=\"async\" width=\"640\" height=\"326\" data-src=\"https:\/\/i0.wp.com\/elterritorialweb.com.ar\/web\/wp-content\/uploads\/2022\/05\/FB_IMG_1653685723901.jpg?resize=640%2C326\" alt=\"\" class=\"wp-image-40596 lazyload\" data-srcset=\"https:\/\/i0.wp.com\/elterritorialweb.com.ar\/web\/wp-content\/uploads\/2022\/05\/FB_IMG_1653685723901.jpg?w=720 720w, https:\/\/i0.wp.com\/elterritorialweb.com.ar\/web\/wp-content\/uploads\/2022\/05\/FB_IMG_1653685723901.jpg?resize=300%2C153 300w\" data-sizes=\"(max-width: 640px) 100vw, 640px\" src=\"data:image\/svg+xml;base64,PHN2ZyB3aWR0aD0iMSIgaGVpZ2h0PSIxIiB4bWxucz0iaHR0cDovL3d3dy53My5vcmcvMjAwMC9zdmciPjwvc3ZnPg==\" style=\"--smush-placeholder-width: 640px; --smush-placeholder-aspect-ratio: 640\/326;\" \/><\/a><\/figure>\n\n\n\n<p>En su alocuci\u00f3n el Subsecretario de Turismo de la provincia ante todo manifest\u00f3 el saludo del gobernador Dr. Gerardo Zamora de quien destac\u00f3 su gran trabajo como promotor de la actividad tur\u00edstica afirmando: \u201clos resultados est\u00e1n a la vista\u201d. <\/p>\n\n\n\n<figure class=\"wp-block-image size-full\"><a href=\"https:\/\/i0.wp.com\/elterritorialweb.com.ar\/web\/wp-content\/uploads\/2022\/05\/FB_IMG_1653685732527.jpg\"><img data-recalc-dims=\"1\" decoding=\"async\" width=\"640\" height=\"602\" data-src=\"https:\/\/i0.wp.com\/elterritorialweb.com.ar\/web\/wp-content\/uploads\/2022\/05\/FB_IMG_1653685732527.jpg?resize=640%2C602\" alt=\"\" class=\"wp-image-40597 lazyload\" data-srcset=\"https:\/\/i0.wp.com\/elterritorialweb.com.ar\/web\/wp-content\/uploads\/2022\/05\/FB_IMG_1653685732527.jpg?w=720 720w, https:\/\/i0.wp.com\/elterritorialweb.com.ar\/web\/wp-content\/uploads\/2022\/05\/FB_IMG_1653685732527.jpg?resize=300%2C282 300w\" data-sizes=\"(max-width: 640px) 100vw, 640px\" src=\"data:image\/svg+xml;base64,PHN2ZyB3aWR0aD0iMSIgaGVpZ2h0PSIxIiB4bWxucz0iaHR0cDovL3d3dy53My5vcmcvMjAwMC9zdmciPjwvc3ZnPg==\" style=\"--smush-placeholder-width: 640px; --smush-placeholder-aspect-ratio: 640\/602;\" \/><\/a><\/figure>\n\n\n\n<p>Tambi\u00e9n destac\u00f3 el acercamiento de los municipios a esta tarea, con el \u00e9nfasis puesto en su aporte en materia de infraestructura. Ponder\u00f3 las bondades de la ciudad capital, especialmente de sus espacios verdes.<\/p>\n\n\n\n<figure class=\"wp-block-image size-full\"><a href=\"https:\/\/i0.wp.com\/elterritorialweb.com.ar\/web\/wp-content\/uploads\/2022\/05\/FB_IMG_1653685726824.jpg\"><img data-recalc-dims=\"1\" decoding=\"async\" width=\"640\" height=\"428\" data-src=\"https:\/\/i0.wp.com\/elterritorialweb.com.ar\/web\/wp-content\/uploads\/2022\/05\/FB_IMG_1653685726824.jpg?resize=640%2C428\" alt=\"\" class=\"wp-image-40598 lazyload\" data-srcset=\"https:\/\/i0.wp.com\/elterritorialweb.com.ar\/web\/wp-content\/uploads\/2022\/05\/FB_IMG_1653685726824.jpg?w=720 720w, https:\/\/i0.wp.com\/elterritorialweb.com.ar\/web\/wp-content\/uploads\/2022\/05\/FB_IMG_1653685726824.jpg?resize=300%2C201 300w\" data-sizes=\"(max-width: 640px) 100vw, 640px\" src=\"data:image\/svg+xml;base64,PHN2ZyB3aWR0aD0iMSIgaGVpZ2h0PSIxIiB4bWxucz0iaHR0cDovL3d3dy53My5vcmcvMjAwMC9zdmciPjwvc3ZnPg==\" style=\"--smush-placeholder-width: 640px; --smush-placeholder-aspect-ratio: 640\/428;\" \/><\/a><\/figure>\n\n\n\n<p>\u201cEl gobernador est\u00e1 haciendo lo mismo que nosotros en Tucum\u00e1n, dijo, defendiendo el federalismo, que nos lleva a trabajar como pares a fin de posicionar nuestros lugares, no s\u00f3lo a nivel pa\u00eds sino a nivel internacional\u201d, afirm\u00f3 el Subsecretario Bravo.<\/p>\n\n\n\n<figure class=\"wp-block-image size-full\"><a href=\"https:\/\/i0.wp.com\/elterritorialweb.com.ar\/web\/wp-content\/uploads\/2022\/05\/FB_IMG_1653685736765.jpg\"><img data-recalc-dims=\"1\" decoding=\"async\" width=\"640\" height=\"461\" data-src=\"https:\/\/i0.wp.com\/elterritorialweb.com.ar\/web\/wp-content\/uploads\/2022\/05\/FB_IMG_1653685736765.jpg?resize=640%2C461\" alt=\"\" class=\"wp-image-40599 lazyload\" data-srcset=\"https:\/\/i0.wp.com\/elterritorialweb.com.ar\/web\/wp-content\/uploads\/2022\/05\/FB_IMG_1653685736765.jpg?w=720 720w, https:\/\/i0.wp.com\/elterritorialweb.com.ar\/web\/wp-content\/uploads\/2022\/05\/FB_IMG_1653685736765.jpg?resize=300%2C216 300w\" data-sizes=\"(max-width: 640px) 100vw, 640px\" src=\"data:image\/svg+xml;base64,PHN2ZyB3aWR0aD0iMSIgaGVpZ2h0PSIxIiB4bWxucz0iaHR0cDovL3d3dy53My5vcmcvMjAwMC9zdmciPjwvc3ZnPg==\" style=\"--smush-placeholder-width: 640px; --smush-placeholder-aspect-ratio: 640\/461;\" \/><\/a><\/figure>\n\n\n\n<p>Tambi\u00e9n destac\u00f3 el trabajo del sector privado en este proyecto y record\u00f3 el slogan de la ciudad: \u201cDonde todo empez\u00f3\u201d, como una gran definici\u00f3n de lugar estrat\u00e9gico que le cabe a la Madre de Ciudades a la vez que agradeci\u00f3 la invitaci\u00f3n y concluy\u00f3 diciendo que cuentan con \u00e9l \u201ccomo un am\u00edgo m\u00e1s\u201d.<\/p>\n","protected":false},"excerpt":{"rendered":"<p>Organizada por la Subsecretar\u00eda de Turismo y Cultura de la municipalidad de la Capital, se llev\u00f3 a cabo en las instalaciones del hotel Hilton de esta ciudad, el acto de apertura de la Reuni\u00f3n de las capitales del Norte Argentino. <\/p>\n","protected":false},"author":2,"featured_media":40594,"comment_status":"open","ping_status":"open","sticky":false,"template":"","format":"standard","meta":{"om_disable_all_campaigns":false,"_monsterinsights_skip_tracking":false,"_monsterinsights_sitenote_active":false,"_monsterinsights_sitenote_note":"","_monsterinsights_sitenote_category":0,"_uf_show_specific_survey":0,"_uf_disable_surveys":false,"jetpack_post_was_ever_published":false,"_jetpack_newsletter_access":"","_jetpack_dont_email_post_to_subs":false,"_jetpack_newsletter_tier_id":0,"_jetpack_memberships_contains_paywalled_content":false,"_jetpack_memberships_contains_paid_content":false,"footnotes":"","jetpack_publicize_message":"","jetpack_publicize_feature_enabled":true,"jetpack_social_post_already_shared":false,"jetpack_social_options":{"image_generator_settings":{"template":"highway","default_image_id":0,"font":"","enabled":false},"version":2}},"categories":[29],"tags":[],"class_list":["post-40565","post","type-post","status-publish","format-standard","has-post-thumbnail","hentry","category-turismo"],"aioseo_notices":[],"views":13,"jetpack_publicize_connections":[],"jetpack_featured_media_url":"https:\/\/i0.wp.com\/elterritorialweb.com.ar\/web\/wp-content\/uploads\/2022\/05\/FB_IMG_1653685710084.jpg?fit=720%2C482","jetpack_sharing_enabled":true,"_links":{"self":[{"href":"http:\/\/elterritorialweb.com.ar\/web\/wp-json\/wp\/v2\/posts\/40565","targetHints":{"allow":["GET"]}}],"collection":[{"href":"http:\/\/elterritorialweb.com.ar\/web\/wp-json\/wp\/v2\/posts"}],"about":[{"href":"http:\/\/elterritorialweb.com.ar\/web\/wp-json\/wp\/v2\/types\/post"}],"author":[{"embeddable":true,"href":"http:\/\/elterritorialweb.com.ar\/web\/wp-json\/wp\/v2\/users\/2"}],"replies":[{"embeddable":true,"href":"http:\/\/elterritorialweb.com.ar\/web\/wp-json\/wp\/v2\/comments?post=40565"}],"version-history":[{"count":1,"href":"http:\/\/elterritorialweb.com.ar\/web\/wp-json\/wp\/v2\/posts\/40565\/revisions"}],"predecessor-version":[{"id":40600,"href":"http:\/\/elterritorialweb.com.ar\/web\/wp-json\/wp\/v2\/posts\/40565\/revisions\/40600"}],"wp:featuredmedia":[{"embeddable":true,"href":"http:\/\/elterritorialweb.com.ar\/web\/wp-json\/wp\/v2\/media\/40594"}],"wp:attachment":[{"href":"http:\/\/elterritorialweb.com.ar\/web\/wp-json\/wp\/v2\/media?parent=40565"}],"wp:term":[{"taxonomy":"category","embeddable":true,"href":"http:\/\/elterritorialweb.com.ar\/web\/wp-json\/wp\/v2\/categories?post=40565"},{"taxonomy":"post_tag","embeddable":true,"href":"http:\/\/elterritorialweb.com.ar\/web\/wp-json\/wp\/v2\/tags?post=40565"}],"curies":[{"name":"wp","href":"https:\/\/api.w.org\/{rel}","templated":true}]}}