{"id":40575,"date":"2022-05-27T17:30:57","date_gmt":"2022-05-27T17:30:57","guid":{"rendered":"http:\/\/elterritorialweb.com.ar\/web\/?p=40575"},"modified":"2022-05-27T17:33:20","modified_gmt":"2022-05-27T17:33:20","slug":"claro-invertira-us-400-millones-este-ano-en-argentina","status":"publish","type":"post","link":"http:\/\/elterritorialweb.com.ar\/web\/claro-invertira-us-400-millones-este-ano-en-argentina\/","title":{"rendered":"CLARO INVERTIR\u00c1 US$ 400 MILLONES ESTE A\u00d1O EN ARGENTINA"},"content":{"rendered":"\n<p>La empresa&nbsp;<strong>Claro anunci\u00f3 que invertir\u00e1 este a\u00f1o en la Argentina US$ 400 millones<\/strong>&nbsp;en el marco de una&nbsp;<strong>reuni\u00f3n que el canciller Santiago Cafiero<\/strong>, durante la visita que realiza a ese pa\u00eds, mantuvo con el titular de la compa\u00f1\u00eda, Carlos Slim.<\/p>\n\n\n\n<p>\u00abEste a\u00f1o la empresa Claro invertir\u00e1 400 millones de d\u00f3lares en la Argentina. En M\u00e9xico<strong>\u00a0con Carlos Slim evaluamos el plan de inversiones y las oportunidades en tecnolog\u00eda 5G<\/strong>. Terminar\u00e1n 2022 con un mill\u00f3n de clientes de fibra \u00f3ptica y 22 millones de l\u00edneas de telefon\u00eda m\u00f3vil\u00bb, consign\u00f3 el propio ministro de Relaciones Exteriores, Comercio Internacional y Culto a trav\u00e9s de la red social Twitter.<\/p>\n\n\n\n<p>El&nbsp;<strong>grupo liderado por Slim es uno de los tres operadores de telefon\u00eda m\u00f3vil en la Argentina<\/strong>&nbsp;y el \u00fanico de los tres grandes que no judicializ\u00f3 el decreto 690 que categoriz\u00f3 como servicios p\u00fablicos a la telefon\u00eda m\u00f3vil y fija, internet, m\u00f3vil y fija y a la televisi\u00f3n paga.<\/p>\n\n\n\n<p>Cafiero se encuentra realizando una visita oficial en M\u00e9xico junto a la secretaria de Relaciones Econ\u00f3micas Internacionales, Cecilia Todesca Bocco.<\/p>\n\n\n\n<p>En ese marco, este jueves mantuvo una reuni\u00f3n de trabajo con su par el secretario de Relaciones Exteriores Marcelo Ebrard y otra con el secretario de Hacienda de M\u00e9xico, Rogelio Ram\u00edrez de la O, \u00abcon el objetivo de profundizar la relaci\u00f3n bilateral y la apertura del mercado de ese pa\u00eds para los productos argentinos\u00bb.<\/p>\n\n\n\n<p>Este viernes a la ma\u00f1ana, el canciller y la secretaria de Relaciones Econ\u00f3micas Internacionales encabezaron un desayuno con importantes empresarios mexicanos.<\/p>\n\n\n\n<p>Tambi\u00e9n tienen en agenda una reuni\u00f3n con la jefa de Gobierno de la Ciudad de M\u00e9xico, Claudia Sheinbaum, seg\u00fan se inform\u00f3.<\/p>\n","protected":false},"excerpt":{"rendered":"<p>El anuncio se dio en el marco de una reuni\u00f3n que Santiago Cafiero, durante la visita que realiza a ese pa\u00eds, mantuvo con el titular de la compa\u00f1\u00eda, Carlos Slim. \u00abTerminar\u00e1n 2022 con un mill\u00f3n de clientes de fibra \u00f3ptica y 22 millones de l\u00edneas de telefon\u00eda m\u00f3vil\u00bb,  dijo el canciller a trav\u00e9s de Twitter.<\/p>\n","protected":false},"author":2,"featured_media":40577,"comment_status":"open","ping_status":"open","sticky":false,"template":"","format":"standard","meta":{"om_disable_all_campaigns":false,"_monsterinsights_skip_tracking":false,"_monsterinsights_sitenote_active":false,"_monsterinsights_sitenote_note":"","_monsterinsights_sitenote_category":0,"_uf_show_specific_survey":0,"_uf_disable_surveys":false,"jetpack_post_was_ever_published":false,"_jetpack_newsletter_access":"","_jetpack_dont_email_post_to_subs":false,"_jetpack_newsletter_tier_id":0,"_jetpack_memberships_contains_paywalled_content":false,"_jetpack_memberships_contains_paid_content":false,"footnotes":"","jetpack_publicize_message":"","jetpack_publicize_feature_enabled":true,"jetpack_social_post_already_shared":false,"jetpack_social_options":{"image_generator_settings":{"template":"highway","default_image_id":0,"font":"","enabled":false},"version":2}},"categories":[2],"tags":[],"class_list":["post-40575","post","type-post","status-publish","format-standard","has-post-thumbnail","hentry","category-economia"],"aioseo_notices":[],"views":7,"jetpack_publicize_connections":[],"jetpack_featured_media_url":"https:\/\/i0.wp.com\/elterritorialweb.com.ar\/web\/wp-content\/uploads\/2022\/05\/claro.jpg?fit=742%2C410","jetpack_sharing_enabled":true,"_links":{"self":[{"href":"http:\/\/elterritorialweb.com.ar\/web\/wp-json\/wp\/v2\/posts\/40575","targetHints":{"allow":["GET"]}}],"collection":[{"href":"http:\/\/elterritorialweb.com.ar\/web\/wp-json\/wp\/v2\/posts"}],"about":[{"href":"http:\/\/elterritorialweb.com.ar\/web\/wp-json\/wp\/v2\/types\/post"}],"author":[{"embeddable":true,"href":"http:\/\/elterritorialweb.com.ar\/web\/wp-json\/wp\/v2\/users\/2"}],"replies":[{"embeddable":true,"href":"http:\/\/elterritorialweb.com.ar\/web\/wp-json\/wp\/v2\/comments?post=40575"}],"version-history":[{"count":1,"href":"http:\/\/elterritorialweb.com.ar\/web\/wp-json\/wp\/v2\/posts\/40575\/revisions"}],"predecessor-version":[{"id":40576,"href":"http:\/\/elterritorialweb.com.ar\/web\/wp-json\/wp\/v2\/posts\/40575\/revisions\/40576"}],"wp:featuredmedia":[{"embeddable":true,"href":"http:\/\/elterritorialweb.com.ar\/web\/wp-json\/wp\/v2\/media\/40577"}],"wp:attachment":[{"href":"http:\/\/elterritorialweb.com.ar\/web\/wp-json\/wp\/v2\/media?parent=40575"}],"wp:term":[{"taxonomy":"category","embeddable":true,"href":"http:\/\/elterritorialweb.com.ar\/web\/wp-json\/wp\/v2\/categories?post=40575"},{"taxonomy":"post_tag","embeddable":true,"href":"http:\/\/elterritorialweb.com.ar\/web\/wp-json\/wp\/v2\/tags?post=40575"}],"curies":[{"name":"wp","href":"https:\/\/api.w.org\/{rel}","templated":true}]}}