{"id":40578,"date":"2022-05-27T17:58:58","date_gmt":"2022-05-27T17:58:58","guid":{"rendered":"http:\/\/elterritorialweb.com.ar\/web\/?p=40578"},"modified":"2022-05-27T18:40:31","modified_gmt":"2022-05-27T18:40:31","slug":"a-partir-de-junio-el-minimo-no-imponible-del-impuesto-a-las-ganancias-sera-280-792","status":"publish","type":"post","link":"http:\/\/elterritorialweb.com.ar\/web\/a-partir-de-junio-el-minimo-no-imponible-del-impuesto-a-las-ganancias-sera-280-792\/","title":{"rendered":"A PARTIR DE JUNIO, EL M\u00cdNIMO NO IMPONIBLE DEL IMPUESTO A LAS GANANCIAS SER\u00c1 $ 280.792"},"content":{"rendered":"\n<p>El Gobierno anunci\u00f3 la actualizaci\u00f3n del m\u00ednimo no imponible del Impuesto a las Ganancias, que,&nbsp;<strong>a partir del 1 de junio ser\u00e1 de $ 280.792<\/strong>&nbsp;-frente a los $ 225.000 actuales- y anticip\u00f3 que el medio aguinaldo que trabajadores y trabajadoras perciban junto al sueldo de junio pr\u00f3ximo no estar\u00e1 alcanzando por el tributo.<\/p>\n\n\n\n<p>El ministro de Econom\u00eda, Mart\u00edn Guzm\u00e1n, formul\u00f3 el anuncio este viernes en la explanada de la Casa de Gobierno, acompa\u00f1ado por el titular de la C\u00e1mara baja, Sergio Massa, y el cosecretario de la CGT, Hector Daer, tras una reuni\u00f3n encabezada por el presidente Alberto Fern\u00e1ndez.<\/p>\n\n\n\n<figure class=\"wp-block-image size-full is-resized\"><a href=\"https:\/\/i0.wp.com\/elterritorialweb.com.ar\/web\/wp-content\/uploads\/2022\/05\/MASSA-Y-GUZMAN.jpg\"><img data-recalc-dims=\"1\" decoding=\"async\" data-src=\"https:\/\/i0.wp.com\/elterritorialweb.com.ar\/web\/wp-content\/uploads\/2022\/05\/MASSA-Y-GUZMAN.jpg?resize=640%2C358\" alt=\"\" class=\"wp-image-40580 lazyload\" width=\"640\" height=\"358\" data-srcset=\"https:\/\/i0.wp.com\/elterritorialweb.com.ar\/web\/wp-content\/uploads\/2022\/05\/MASSA-Y-GUZMAN.jpg?w=767 767w, https:\/\/i0.wp.com\/elterritorialweb.com.ar\/web\/wp-content\/uploads\/2022\/05\/MASSA-Y-GUZMAN.jpg?resize=300%2C168 300w\" data-sizes=\"(max-width: 640px) 100vw, 640px\" src=\"data:image\/svg+xml;base64,PHN2ZyB3aWR0aD0iMSIgaGVpZ2h0PSIxIiB4bWxucz0iaHR0cDovL3d3dy53My5vcmcvMjAwMC9zdmciPjwvc3ZnPg==\" style=\"--smush-placeholder-width: 640px; --smush-placeholder-aspect-ratio: 640\/358;\" \/><\/a><\/figure>\n\n\n\n<p>A su turno,<strong>&nbsp;Massa dijo que la medida apunta a \u00abdefender el poder de compra de los salarios\u00bb<\/strong>&nbsp;y remarc\u00f3 que el salario \u00abes una remuneraci\u00f3n, no una ganancia\u00bb.<\/p>\n\n\n\n<p>Asimismo, afirm\u00f3 que la medida regir\u00e1 desde el 1 de junio pr\u00f3ximo y anticip\u00f3 que&nbsp;<strong>el medio aguinaldo quedar\u00e1 excluido del pago<\/strong>&nbsp;de Ganancias.<\/p>\n\n\n\n<p>\u00abLa decisi\u00f3n del Presidente es que la semana que viene terminan de cerrar dos paritarias que faltan, ah\u00ed queda consolidado lo que se llama Ripte y, una vez que est\u00e1 consolidado el Ripte, sale el decreto que incluye la exclusi\u00f3n del aguinaldo respecto del pago de Ganancias\u00bb, detall\u00f3 el titular de la C\u00e1mara de Diputados.<\/p>\n\n\n\n<p>Por su parte, Daer se\u00f1al\u00f3 que \u00abla recuperaci\u00f3n del salario tiene que ser el objetivo que se mantenga para tener un circulo virtuoso que genere mayor trabajo, mayor consumo y mejor calidad de vida de los argentinos\u00bb.<\/p>\n\n\n\n<figure class=\"wp-block-image is-resized\"><img data-recalc-dims=\"1\" decoding=\"async\" data-src=\"https:\/\/i0.wp.com\/www.infobae.com\/new-resizer\/CBgufBFfF2971PqUKpKK778J23Q%3D\/1200x900\/filters%3Aformat%28webp%29%3Aquality%2885%29\/\/cloudfront-us-east-1.images.arcpublishing.com\/infobae\/S4YBCWH5TNFWVBJOYBPNOJ7USQ.jpg?resize=640%2C480&#038;ssl=1\" alt=\"Cambios en el Impuesto a las Ganancias: c\u00f3mo se aplicar\u00e1 el nuevo piso de  $175.000 - Infobae\" width=\"640\" height=\"480\" src=\"data:image\/svg+xml;base64,PHN2ZyB3aWR0aD0iMSIgaGVpZ2h0PSIxIiB4bWxucz0iaHR0cDovL3d3dy53My5vcmcvMjAwMC9zdmciPjwvc3ZnPg==\" class=\"lazyload\" style=\"--smush-placeholder-width: 640px; --smush-placeholder-aspect-ratio: 640\/480;\" \/><\/figure>\n\n\n\n<p>\u00abQue este paso que damos nos permita a los trabajadores que, con el incremento de paritarias, no se termine tributando al Estado ese aumento de salario\u00bb, remarc\u00f3 el dirigente cegetista, quien particip\u00f3 de la reuni\u00f3n en la Casa de Gobierno junto a sus pares Pablo Moyano y Carlos Acu\u00f1a.<\/p>\n\n\n\n<p>En tanto, Guzman record\u00f3 que, en el a\u00f1o 2019, bajo la gesti\u00f3n de Mauricio Macri \u00ab2,1 millones de personas tributaron el impuesto a las Ganancias\u00bb y que el a\u00f1o pasado se reform\u00f3 el tope de Ganancias y&nbsp;<strong>\u00abse logr\u00f3 reducir en 1,2 millones de personas, trabajadores y trabajadoras, que tributaban este impuesto\u00bb.<\/strong><\/p>\n\n\n\n<p>\u00abEste Gobierno dispone pol\u00edticas para defender los intereses de los y las trabajadores\u00bb, remarc\u00f3 Guzm\u00e1n al realizar los anuncios en las escalinatas de acceso a la Casa Rosada, donde previamente se hab\u00eda desarrollado una reuni\u00f3n encabezada por el presidente Alberto Fern\u00e1ndez.<\/p>\n","protected":false},"excerpt":{"rendered":"<p>El anuncio lo hicieron Mart\u00edn Guzm\u00e1n, Sergio Massa y referentes de la CGT, tras una reuni\u00f3n con el Presidente. La medida entrar\u00e1 en vigencia en el mes de junio y, con la actualizaci\u00f3n, pagar\u00e1n el tributo \u00ab1,2 millones menos trabajadores que en 2019\u00bb.<\/p>\n","protected":false},"author":2,"featured_media":40579,"comment_status":"open","ping_status":"open","sticky":false,"template":"","format":"standard","meta":{"om_disable_all_campaigns":false,"_monsterinsights_skip_tracking":false,"_monsterinsights_sitenote_active":false,"_monsterinsights_sitenote_note":"","_monsterinsights_sitenote_category":0,"_uf_show_specific_survey":0,"_uf_disable_surveys":false,"jetpack_post_was_ever_published":false,"_jetpack_newsletter_access":"","_jetpack_dont_email_post_to_subs":false,"_jetpack_newsletter_tier_id":0,"_jetpack_memberships_contains_paywalled_content":false,"_jetpack_memberships_contains_paid_content":false,"footnotes":"","jetpack_publicize_message":"","jetpack_publicize_feature_enabled":true,"jetpack_social_post_already_shared":false,"jetpack_social_options":{"image_generator_settings":{"template":"highway","default_image_id":0,"font":"","enabled":false},"version":2}},"categories":[4,2],"tags":[],"class_list":["post-40578","post","type-post","status-publish","format-standard","has-post-thumbnail","hentry","category-destacadas","category-economia"],"aioseo_notices":[],"views":8,"jetpack_publicize_connections":[],"jetpack_featured_media_url":"https:\/\/i0.wp.com\/elterritorialweb.com.ar\/web\/wp-content\/uploads\/2022\/05\/ANUNCIO-GUZMAN.jpg?fit=800%2C450","jetpack_sharing_enabled":true,"_links":{"self":[{"href":"http:\/\/elterritorialweb.com.ar\/web\/wp-json\/wp\/v2\/posts\/40578","targetHints":{"allow":["GET"]}}],"collection":[{"href":"http:\/\/elterritorialweb.com.ar\/web\/wp-json\/wp\/v2\/posts"}],"about":[{"href":"http:\/\/elterritorialweb.com.ar\/web\/wp-json\/wp\/v2\/types\/post"}],"author":[{"embeddable":true,"href":"http:\/\/elterritorialweb.com.ar\/web\/wp-json\/wp\/v2\/users\/2"}],"replies":[{"embeddable":true,"href":"http:\/\/elterritorialweb.com.ar\/web\/wp-json\/wp\/v2\/comments?post=40578"}],"version-history":[{"count":1,"href":"http:\/\/elterritorialweb.com.ar\/web\/wp-json\/wp\/v2\/posts\/40578\/revisions"}],"predecessor-version":[{"id":40581,"href":"http:\/\/elterritorialweb.com.ar\/web\/wp-json\/wp\/v2\/posts\/40578\/revisions\/40581"}],"wp:featuredmedia":[{"embeddable":true,"href":"http:\/\/elterritorialweb.com.ar\/web\/wp-json\/wp\/v2\/media\/40579"}],"wp:attachment":[{"href":"http:\/\/elterritorialweb.com.ar\/web\/wp-json\/wp\/v2\/media?parent=40578"}],"wp:term":[{"taxonomy":"category","embeddable":true,"href":"http:\/\/elterritorialweb.com.ar\/web\/wp-json\/wp\/v2\/categories?post=40578"},{"taxonomy":"post_tag","embeddable":true,"href":"http:\/\/elterritorialweb.com.ar\/web\/wp-json\/wp\/v2\/tags?post=40578"}],"curies":[{"name":"wp","href":"https:\/\/api.w.org\/{rel}","templated":true}]}}