{"id":40582,"date":"2022-05-27T18:17:35","date_gmt":"2022-05-27T18:17:35","guid":{"rendered":"http:\/\/elterritorialweb.com.ar\/web\/?p=40582"},"modified":"2022-05-27T18:26:14","modified_gmt":"2022-05-27T18:26:14","slug":"la-cantante-morena-rinde-homenaje-a-koli-arce-el-29-de-mayo","status":"publish","type":"post","link":"http:\/\/elterritorialweb.com.ar\/web\/la-cantante-morena-rinde-homenaje-a-koli-arce-el-29-de-mayo\/","title":{"rendered":"LA CANTANTE MORENA RINDE HOMENAJE A \u00abKOLI\u00bb ARCE EL 29 DE MAYO"},"content":{"rendered":"\n<p>Cabe recordar que no es la primera ocasi\u00f3n que Morena se lanza a cantar guaracha, en su disco \u00abSoy Santiague\u00f1a\u00bb editado en 2008, muestra el amor por el ritmo con varias interpretaciones.&nbsp;&nbsp;<\/p>\n\n\n\n<p>Cantante,&nbsp; autora,&nbsp; conductora de televisi\u00f3n y&nbsp;productora de teatro, abre su a\u00f1o musical con este adelanto. Canci\u00f3n del disco que qued\u00f3 pendiente de lanzar por la pandemia, titulado \u00abYo soy morena \u00bb y editado por la empresa Magenta Discos.<\/p>\n\n\n\n<p>Su \u00faltima presentaci\u00f3n en vivo la realiz\u00f3 con canciones y tambi\u00e9n humor, con el espect\u00e1culo \u00abSoy Morena con m\u00fasica y humor\u00bb, junto el artista Pochi Chavez.<\/p>\n\n\n\n<p>En todas las plataformas se podr\u00e1 encontrar la nueva producci\u00f3n de la artista santiague\u00f1a.<\/p>\n","protected":false},"excerpt":{"rendered":"<p>Se trata de un enganchado de las canciones \u00abSiento Frio en el vacio de mi pieza\u00bb y \u00abDoble Vida\u00bb. Cumpliendo un nuevo aniversario de su fallecimiento, el 29 de mayo, la cantante Alejandra Cejas -nombre real-, le rinde homenaje con esta nueva producci\u00f3n.<\/p>\n","protected":false},"author":2,"featured_media":40454,"comment_status":"open","ping_status":"open","sticky":false,"template":"","format":"standard","meta":{"om_disable_all_campaigns":false,"_monsterinsights_skip_tracking":false,"_monsterinsights_sitenote_active":false,"_monsterinsights_sitenote_note":"","_monsterinsights_sitenote_category":0,"_uf_show_specific_survey":0,"_uf_disable_surveys":false,"jetpack_post_was_ever_published":false,"_jetpack_newsletter_access":"","_jetpack_dont_email_post_to_subs":false,"_jetpack_newsletter_tier_id":0,"_jetpack_memberships_contains_paywalled_content":false,"_jetpack_memberships_contains_paid_content":false,"footnotes":"","jetpack_publicize_message":"","jetpack_publicize_feature_enabled":true,"jetpack_social_post_already_shared":false,"jetpack_social_options":{"image_generator_settings":{"template":"highway","default_image_id":0,"font":"","enabled":false},"version":2}},"categories":[20],"tags":[],"class_list":["post-40582","post","type-post","status-publish","format-standard","has-post-thumbnail","hentry","category-especysociales"],"aioseo_notices":[],"views":12,"jetpack_publicize_connections":[],"jetpack_featured_media_url":"https:\/\/i0.wp.com\/elterritorialweb.com.ar\/web\/wp-content\/uploads\/2022\/05\/morena-cumbia-2-1.jpeg?fit=1496%2C992","jetpack_sharing_enabled":true,"_links":{"self":[{"href":"http:\/\/elterritorialweb.com.ar\/web\/wp-json\/wp\/v2\/posts\/40582","targetHints":{"allow":["GET"]}}],"collection":[{"href":"http:\/\/elterritorialweb.com.ar\/web\/wp-json\/wp\/v2\/posts"}],"about":[{"href":"http:\/\/elterritorialweb.com.ar\/web\/wp-json\/wp\/v2\/types\/post"}],"author":[{"embeddable":true,"href":"http:\/\/elterritorialweb.com.ar\/web\/wp-json\/wp\/v2\/users\/2"}],"replies":[{"embeddable":true,"href":"http:\/\/elterritorialweb.com.ar\/web\/wp-json\/wp\/v2\/comments?post=40582"}],"version-history":[{"count":2,"href":"http:\/\/elterritorialweb.com.ar\/web\/wp-json\/wp\/v2\/posts\/40582\/revisions"}],"predecessor-version":[{"id":40585,"href":"http:\/\/elterritorialweb.com.ar\/web\/wp-json\/wp\/v2\/posts\/40582\/revisions\/40585"}],"wp:featuredmedia":[{"embeddable":true,"href":"http:\/\/elterritorialweb.com.ar\/web\/wp-json\/wp\/v2\/media\/40454"}],"wp:attachment":[{"href":"http:\/\/elterritorialweb.com.ar\/web\/wp-json\/wp\/v2\/media?parent=40582"}],"wp:term":[{"taxonomy":"category","embeddable":true,"href":"http:\/\/elterritorialweb.com.ar\/web\/wp-json\/wp\/v2\/categories?post=40582"},{"taxonomy":"post_tag","embeddable":true,"href":"http:\/\/elterritorialweb.com.ar\/web\/wp-json\/wp\/v2\/tags?post=40582"}],"curies":[{"name":"wp","href":"https:\/\/api.w.org\/{rel}","templated":true}]}}