{"id":40601,"date":"2022-05-28T01:24:02","date_gmt":"2022-05-28T01:24:02","guid":{"rendered":"http:\/\/elterritorialweb.com.ar\/web\/?p=40601"},"modified":"2022-05-28T01:24:03","modified_gmt":"2022-05-28T01:24:03","slug":"la-intendente-fuentes-participo-del-acto-oficial-por-los-212-anos-del-ejercito-argentino","status":"publish","type":"post","link":"http:\/\/elterritorialweb.com.ar\/web\/la-intendente-fuentes-participo-del-acto-oficial-por-los-212-anos-del-ejercito-argentino\/","title":{"rendered":"LA INTENDENTE FUENTES PARTICIP\u00d3 DEL ACTO OFICIAL POR LOS 212 A\u00d1OS DEL EJ\u00c9RCITO ARGENTINO"},"content":{"rendered":"\n<p>En esta oportunidad, la jefa comunal estuvo acompa\u00f1ada por la secretaria de Coordinaci\u00f3n de Gabinete, Alejandra Yoshitake y el subsecretario de Desarrollo Comunitario, Mauro Kalinski.<\/p>\n\n\n\n<p>Durante el acto, y luego de entonar las estrofas del Himno Nacional Argentino y del Himno del Ej\u00e9rcito Argentino, el delegado del Estado Mayor General del Ej\u00e9rcito, Hugo Peralta; junto a las autoridades de la plana mayor de dicho organismo agradecieron la presencia y el acompa\u00f1amiento de la Municipalidad de la Capital en los festejos por el nuevo aniversario de su instituci\u00f3n.<\/p>\n","protected":false},"excerpt":{"rendered":"<p>En el marco de los festejos por el 212\u00b0 aniversario de la creaci\u00f3n del Ej\u00e9rcito Argentino, la intendente de la Capital, Ing. Norma Fuentes, acompa\u00f1\u00f3 a la fuerza de seguridad nacional en el acto institucional que se llev\u00f3 a cabo en sus instalaciones.<\/p>\n","protected":false},"author":2,"featured_media":40602,"comment_status":"open","ping_status":"open","sticky":false,"template":"","format":"standard","meta":{"om_disable_all_campaigns":false,"_monsterinsights_skip_tracking":false,"_monsterinsights_sitenote_active":false,"_monsterinsights_sitenote_note":"","_monsterinsights_sitenote_category":0,"_uf_show_specific_survey":0,"_uf_disable_surveys":false,"jetpack_post_was_ever_published":false,"_jetpack_newsletter_access":"","_jetpack_dont_email_post_to_subs":false,"_jetpack_newsletter_tier_id":0,"_jetpack_memberships_contains_paywalled_content":false,"_jetpack_memberships_contains_paid_content":false,"footnotes":"","jetpack_publicize_message":"","jetpack_publicize_feature_enabled":true,"jetpack_social_post_already_shared":false,"jetpack_social_options":{"image_generator_settings":{"template":"highway","default_image_id":0,"font":"","enabled":false},"version":2}},"categories":[21],"tags":[],"class_list":["post-40601","post","type-post","status-publish","format-standard","has-post-thumbnail","hentry","category-locales"],"aioseo_notices":[],"views":7,"jetpack_publicize_connections":[],"jetpack_featured_media_url":"https:\/\/i0.wp.com\/elterritorialweb.com.ar\/web\/wp-content\/uploads\/2022\/05\/acto-ejercito.jpg?fit=1280%2C983","jetpack_sharing_enabled":true,"_links":{"self":[{"href":"http:\/\/elterritorialweb.com.ar\/web\/wp-json\/wp\/v2\/posts\/40601","targetHints":{"allow":["GET"]}}],"collection":[{"href":"http:\/\/elterritorialweb.com.ar\/web\/wp-json\/wp\/v2\/posts"}],"about":[{"href":"http:\/\/elterritorialweb.com.ar\/web\/wp-json\/wp\/v2\/types\/post"}],"author":[{"embeddable":true,"href":"http:\/\/elterritorialweb.com.ar\/web\/wp-json\/wp\/v2\/users\/2"}],"replies":[{"embeddable":true,"href":"http:\/\/elterritorialweb.com.ar\/web\/wp-json\/wp\/v2\/comments?post=40601"}],"version-history":[{"count":1,"href":"http:\/\/elterritorialweb.com.ar\/web\/wp-json\/wp\/v2\/posts\/40601\/revisions"}],"predecessor-version":[{"id":40603,"href":"http:\/\/elterritorialweb.com.ar\/web\/wp-json\/wp\/v2\/posts\/40601\/revisions\/40603"}],"wp:featuredmedia":[{"embeddable":true,"href":"http:\/\/elterritorialweb.com.ar\/web\/wp-json\/wp\/v2\/media\/40602"}],"wp:attachment":[{"href":"http:\/\/elterritorialweb.com.ar\/web\/wp-json\/wp\/v2\/media?parent=40601"}],"wp:term":[{"taxonomy":"category","embeddable":true,"href":"http:\/\/elterritorialweb.com.ar\/web\/wp-json\/wp\/v2\/categories?post=40601"},{"taxonomy":"post_tag","embeddable":true,"href":"http:\/\/elterritorialweb.com.ar\/web\/wp-json\/wp\/v2\/tags?post=40601"}],"curies":[{"name":"wp","href":"https:\/\/api.w.org\/{rel}","templated":true}]}}