{"id":40604,"date":"2022-05-28T01:36:23","date_gmt":"2022-05-28T01:36:23","guid":{"rendered":"http:\/\/elterritorialweb.com.ar\/web\/?p=40604"},"modified":"2022-05-28T01:36:24","modified_gmt":"2022-05-28T01:36:24","slug":"la-municipalidad-realizara-un-homenaje-a-koly-arce-a-17-anos-de-su-fallecimiento","status":"publish","type":"post","link":"http:\/\/elterritorialweb.com.ar\/web\/la-municipalidad-realizara-un-homenaje-a-koly-arce-a-17-anos-de-su-fallecimiento\/","title":{"rendered":"LA MUNICIPALIDAD REALIZAR\u00c1 UN HOMENAJE A \u00abKOLY\u00bb ARCE A 17 A\u00d1OS DE SU FALLECIMIENTO"},"content":{"rendered":"\n<p>El encuentro libre y gratuito se realizar\u00e1 en la Plazoleta que lleva su nombre, ubicada en la esquina de 12 de Octubre y Alsina. Al respecto, el director de Cultura, Francisco Avenda\u00f1o, invit\u00f3 a los vecinos de la ciudad a participar del evento musical recordatorio \u201ca un referente muy importante de la m\u00fasica tropical de nuestra provincia\u00bb.<\/p>\n\n\n\n<p>\u00abEs encuentro cuenta con la organizaci\u00f3n del Municipio capitalino y la Asociaci\u00f3n de fomento vecinal Los J\u00f3venes somos el presente y el futuro; y por el m\u00fasico de \u00abKoly\u00bb Arce El Puma Coronel\u00bb, indic\u00f3.<\/p>\n\n\n\n<p>Precisamente, Coronel destac\u00f3 el respaldo de la intendente, Ing. Norma Fuentes, \u201cpor todo lo brindado para el evento del d\u00eda domingo y por la participaci\u00f3n de numerosos m\u00fasicos que estar\u00e1n presente para recorrer la obra art\u00edstica y musical de \u00abKoly\u00bb Arce\u201d.<\/p>\n","protected":false},"excerpt":{"rendered":"<p>La Municipalidad de la Capital, a trav\u00e9s de la Direcci\u00f3n de Cultura, organizar\u00e1 este domingo un homenaje a la figura del recordado cantante \u00abKoly\u00bb Arce, al cumplirse 17 a\u00f1os de su fallecimiento.<\/p>\n","protected":false},"author":2,"featured_media":40605,"comment_status":"open","ping_status":"open","sticky":false,"template":"","format":"standard","meta":{"om_disable_all_campaigns":false,"_monsterinsights_skip_tracking":false,"_monsterinsights_sitenote_active":false,"_monsterinsights_sitenote_note":"","_monsterinsights_sitenote_category":0,"_uf_show_specific_survey":0,"_uf_disable_surveys":false,"jetpack_post_was_ever_published":false,"_jetpack_newsletter_access":"","_jetpack_dont_email_post_to_subs":false,"_jetpack_newsletter_tier_id":0,"_jetpack_memberships_contains_paywalled_content":false,"_jetpack_memberships_contains_paid_content":false,"footnotes":"","jetpack_publicize_message":"","jetpack_publicize_feature_enabled":true,"jetpack_social_post_already_shared":false,"jetpack_social_options":{"image_generator_settings":{"template":"highway","default_image_id":0,"font":"","enabled":false},"version":2}},"categories":[21],"tags":[],"class_list":["post-40604","post","type-post","status-publish","format-standard","has-post-thumbnail","hentry","category-locales"],"aioseo_notices":[],"views":16,"jetpack_publicize_connections":[],"jetpack_featured_media_url":"https:\/\/i0.wp.com\/elterritorialweb.com.ar\/web\/wp-content\/uploads\/2022\/05\/koly-arce.jpg?fit=1024%2C683","jetpack_sharing_enabled":true,"_links":{"self":[{"href":"http:\/\/elterritorialweb.com.ar\/web\/wp-json\/wp\/v2\/posts\/40604","targetHints":{"allow":["GET"]}}],"collection":[{"href":"http:\/\/elterritorialweb.com.ar\/web\/wp-json\/wp\/v2\/posts"}],"about":[{"href":"http:\/\/elterritorialweb.com.ar\/web\/wp-json\/wp\/v2\/types\/post"}],"author":[{"embeddable":true,"href":"http:\/\/elterritorialweb.com.ar\/web\/wp-json\/wp\/v2\/users\/2"}],"replies":[{"embeddable":true,"href":"http:\/\/elterritorialweb.com.ar\/web\/wp-json\/wp\/v2\/comments?post=40604"}],"version-history":[{"count":1,"href":"http:\/\/elterritorialweb.com.ar\/web\/wp-json\/wp\/v2\/posts\/40604\/revisions"}],"predecessor-version":[{"id":40606,"href":"http:\/\/elterritorialweb.com.ar\/web\/wp-json\/wp\/v2\/posts\/40604\/revisions\/40606"}],"wp:featuredmedia":[{"embeddable":true,"href":"http:\/\/elterritorialweb.com.ar\/web\/wp-json\/wp\/v2\/media\/40605"}],"wp:attachment":[{"href":"http:\/\/elterritorialweb.com.ar\/web\/wp-json\/wp\/v2\/media?parent=40604"}],"wp:term":[{"taxonomy":"category","embeddable":true,"href":"http:\/\/elterritorialweb.com.ar\/web\/wp-json\/wp\/v2\/categories?post=40604"},{"taxonomy":"post_tag","embeddable":true,"href":"http:\/\/elterritorialweb.com.ar\/web\/wp-json\/wp\/v2\/tags?post=40604"}],"curies":[{"name":"wp","href":"https:\/\/api.w.org\/{rel}","templated":true}]}}