{"id":40607,"date":"2022-05-28T01:44:19","date_gmt":"2022-05-28T01:44:19","guid":{"rendered":"http:\/\/elterritorialweb.com.ar\/web\/?p=40607"},"modified":"2022-05-28T01:44:54","modified_gmt":"2022-05-28T01:44:54","slug":"la-cantante-liliana-herrerose-presentara-en-el-patio-de-la-municipalidad-este-domingo","status":"publish","type":"post","link":"http:\/\/elterritorialweb.com.ar\/web\/la-cantante-liliana-herrerose-presentara-en-el-patio-de-la-municipalidad-este-domingo\/","title":{"rendered":"LA CANTANTE LILIANA HERRERO SE PRESENTAR\u00c1 EN EL PATIO DE LA MUNICIPALIDAD ESTE DOMINGO"},"content":{"rendered":"\n<p>El evento se desarrollar\u00e1 con motivo de celebrarse el D\u00eda del Folclorista, el 29 de Mayo, en el cual la artista desplegar\u00e1 las canciones de su extensa carrera que lleva editados catorce discos como solista y numerosas colaboraciones con otros m\u00fasicos de diversos estilos.<\/p>\n\n\n\n<p>Los Hermanos Luna ser\u00e1 el grupo folcl\u00f3rico soporte para esta oportunidad.<\/p>\n","protected":false},"excerpt":{"rendered":"<p>La reconocida cantante argentina, Liliana Herrero, ofrecer\u00e1 un recital libre y gratuito este domingo en el patio central de la Municipalidad de la Capital a partir de las 17 horas.<\/p>\n","protected":false},"author":2,"featured_media":40608,"comment_status":"open","ping_status":"open","sticky":false,"template":"","format":"standard","meta":{"om_disable_all_campaigns":false,"_monsterinsights_skip_tracking":false,"_monsterinsights_sitenote_active":false,"_monsterinsights_sitenote_note":"","_monsterinsights_sitenote_category":0,"_uf_show_specific_survey":0,"_uf_disable_surveys":false,"jetpack_post_was_ever_published":false,"_jetpack_newsletter_access":"","_jetpack_dont_email_post_to_subs":false,"_jetpack_newsletter_tier_id":0,"_jetpack_memberships_contains_paywalled_content":false,"_jetpack_memberships_contains_paid_content":false,"footnotes":"","jetpack_publicize_message":"","jetpack_publicize_feature_enabled":true,"jetpack_social_post_already_shared":false,"jetpack_social_options":{"image_generator_settings":{"template":"highway","default_image_id":0,"font":"","enabled":false},"version":2}},"categories":[20],"tags":[],"class_list":["post-40607","post","type-post","status-publish","format-standard","has-post-thumbnail","hentry","category-especysociales"],"aioseo_notices":[],"views":10,"jetpack_publicize_connections":[],"jetpack_featured_media_url":"https:\/\/i0.wp.com\/elterritorialweb.com.ar\/web\/wp-content\/uploads\/2022\/05\/LILIANA-HERRERO.jpg?fit=900%2C600","jetpack_sharing_enabled":true,"_links":{"self":[{"href":"http:\/\/elterritorialweb.com.ar\/web\/wp-json\/wp\/v2\/posts\/40607","targetHints":{"allow":["GET"]}}],"collection":[{"href":"http:\/\/elterritorialweb.com.ar\/web\/wp-json\/wp\/v2\/posts"}],"about":[{"href":"http:\/\/elterritorialweb.com.ar\/web\/wp-json\/wp\/v2\/types\/post"}],"author":[{"embeddable":true,"href":"http:\/\/elterritorialweb.com.ar\/web\/wp-json\/wp\/v2\/users\/2"}],"replies":[{"embeddable":true,"href":"http:\/\/elterritorialweb.com.ar\/web\/wp-json\/wp\/v2\/comments?post=40607"}],"version-history":[{"count":2,"href":"http:\/\/elterritorialweb.com.ar\/web\/wp-json\/wp\/v2\/posts\/40607\/revisions"}],"predecessor-version":[{"id":40610,"href":"http:\/\/elterritorialweb.com.ar\/web\/wp-json\/wp\/v2\/posts\/40607\/revisions\/40610"}],"wp:featuredmedia":[{"embeddable":true,"href":"http:\/\/elterritorialweb.com.ar\/web\/wp-json\/wp\/v2\/media\/40608"}],"wp:attachment":[{"href":"http:\/\/elterritorialweb.com.ar\/web\/wp-json\/wp\/v2\/media?parent=40607"}],"wp:term":[{"taxonomy":"category","embeddable":true,"href":"http:\/\/elterritorialweb.com.ar\/web\/wp-json\/wp\/v2\/categories?post=40607"},{"taxonomy":"post_tag","embeddable":true,"href":"http:\/\/elterritorialweb.com.ar\/web\/wp-json\/wp\/v2\/tags?post=40607"}],"curies":[{"name":"wp","href":"https:\/\/api.w.org\/{rel}","templated":true}]}}