{"id":40629,"date":"2022-05-28T13:35:34","date_gmt":"2022-05-28T13:35:34","guid":{"rendered":"http:\/\/elterritorialweb.com.ar\/web\/?p=40629"},"modified":"2022-05-28T13:35:35","modified_gmt":"2022-05-28T13:35:35","slug":"natalia-neme-participo-de-la-convencion-nacional-de-la-union-civica-radical","status":"publish","type":"post","link":"http:\/\/elterritorialweb.com.ar\/web\/natalia-neme-participo-de-la-convencion-nacional-de-la-union-civica-radical\/","title":{"rendered":"NATALIA NEME PARTICIP\u00d3 DE LA CONVENCI\u00d3N NACIONAL DE LA UNI\u00d3N C\u00cdVICA RADICAL"},"content":{"rendered":"\n<p>De esta manera, Natalia Neme acompa\u00f1\u00f3 al nuevo presidente electo de la Convenci\u00f3n Nacional, Gast\u00f3n Manes, hermano del diputado nacional, Facundo Manes.<\/p>\n\n\n\n<p>La Convenci\u00f3n Nacional es un \u00f3rgano clave de la UCR cuyo rol es definir la estrategia electoral del partido, las alianzas electorales y los candidatos presidenciales para 2023.<\/p>\n\n\n\n<p>Durante la Convenci\u00f3n Nacional en el Coliseo Podest\u00e1 de La Plata, Natalia Neme acompa\u00f1\u00f3 a las principales figuras de la UCR nacional como el gobernador de Jujuy y presidente del Comit\u00e9 Nacional, Gerardo Morales, el gobernador de Corrientes, Gustavo Valdez, el jefe de bloque de diputados de la UCR, Mario Negri, el jefe del Interbloque de Senadores de Juntos por el Cambio, Luis Naidenoff, el interventor de la UCR de Santiago del Estero, Jos\u00e9 Cano, y la presidenta del Foro de Intendentes Radicales, Mar\u00eda In\u00e9s Brizuela y Doria, entre muchos otros.<\/p>\n\n\n\n<p>\u201cHoy nos toca volver a juntarnos desde todos los rincones del pa\u00eds y dar testimonio de vida democr\u00e1tica. Estamos orgullosos de nuestra Convenci\u00f3n y de poder dar una discusi\u00f3n plural, indispensable para encontrar los caminos y las herramientas que nuestro pa\u00eds necesita para su destino de bienestar y desarrollo\u201d, expres\u00f3 Neme.<\/p>\n\n\n\n<figure class=\"wp-block-image size-large\"><a href=\"https:\/\/i0.wp.com\/elterritorialweb.com.ar\/web\/wp-content\/uploads\/2022\/05\/IMG-20220528-WA0000.jpg\"><img data-recalc-dims=\"1\" decoding=\"async\" width=\"640\" height=\"893\" data-src=\"https:\/\/i0.wp.com\/elterritorialweb.com.ar\/web\/wp-content\/uploads\/2022\/05\/IMG-20220528-WA0000.jpg?resize=640%2C893\" alt=\"\" class=\"wp-image-40631 lazyload\" data-srcset=\"https:\/\/i0.wp.com\/elterritorialweb.com.ar\/web\/wp-content\/uploads\/2022\/05\/IMG-20220528-WA0000.jpg?resize=734%2C1024 734w, https:\/\/i0.wp.com\/elterritorialweb.com.ar\/web\/wp-content\/uploads\/2022\/05\/IMG-20220528-WA0000.jpg?resize=215%2C300 215w, https:\/\/i0.wp.com\/elterritorialweb.com.ar\/web\/wp-content\/uploads\/2022\/05\/IMG-20220528-WA0000.jpg?resize=768%2C1071 768w, https:\/\/i0.wp.com\/elterritorialweb.com.ar\/web\/wp-content\/uploads\/2022\/05\/IMG-20220528-WA0000.jpg?resize=1101%2C1536 1101w, https:\/\/i0.wp.com\/elterritorialweb.com.ar\/web\/wp-content\/uploads\/2022\/05\/IMG-20220528-WA0000.jpg?resize=1024%2C1428 1024w, https:\/\/i0.wp.com\/elterritorialweb.com.ar\/web\/wp-content\/uploads\/2022\/05\/IMG-20220528-WA0000.jpg?w=1125 1125w\" data-sizes=\"(max-width: 640px) 100vw, 640px\" src=\"data:image\/svg+xml;base64,PHN2ZyB3aWR0aD0iMSIgaGVpZ2h0PSIxIiB4bWxucz0iaHR0cDovL3d3dy53My5vcmcvMjAwMC9zdmciPjwvc3ZnPg==\" style=\"--smush-placeholder-width: 640px; --smush-placeholder-aspect-ratio: 640\/893;\" \/><\/a><\/figure>\n\n\n\n<p>Durante la Convenci\u00f3n, se enfatiz\u00f3 sobre la necesidad de fortalecer el federalismo y la igualdad de oportunidades en cada provincia. Tambi\u00e9n se discuti\u00f3 la importancia de trabajar con los argentinos para aumentar la productividad, tener un esp\u00edritu emprendedor y un orden macroecon\u00f3mico que fortalezca y promueva la actividad.<\/p>\n\n\n\n<p>Se puso de manifiesto el compromiso con los pilares integrales de la democracia y las condiciones para su realizaci\u00f3n: Libertad, Rep\u00fablica y Derechos Humanos, adem\u00e1s de c\u00f3mo revertir la preocupante situaci\u00f3n en la que cada vez m\u00e1s argentinos optan por salir del pa\u00eds.<\/p>\n\n\n\n<p>La UCR ratific\u00f3 su compromiso de unidad, para mejorar y ampliar la coalici\u00f3n de Juntos por el Cambio. Se dej\u00f3 en claro que el pr\u00f3ximo presidente ser\u00e1 radical, al igual que se dar\u00e1 pelea desde la UCR en cada gobernaci\u00f3n e intendencia de pa\u00eds.<\/p>\n\n\n\n<p>Desde la Convenci\u00f3n Nacional se conden\u00f3 las conductas corruptas del populismo, impresicindible para preservar y fortalecer la democracia legada por Ra\u00fal Alfons\u00edn.<\/p>\n\n\n\n<p>\u201cHoy la Uni\u00f3n C\u00edvica Radical vuelve a dar cuenta de su historia y su vocaci\u00f3n democr\u00e1tica. Reunimos a representantes de todo el pa\u00eds en nuestra Convenci\u00f3n para discutir y definir los rumbos del partido que es el s\u00edmbolo de los valores republicanos en Argentina\u201d, expres\u00f3 Natalia Neme.<\/p>\n","protected":false},"excerpt":{"rendered":"<p>Con presencia de la referente de la Uni\u00f3n C\u00edvica Radical por Santiago del Estero, Natalia Neme, el viernes 27 de mayo se desarroll\u00f3 en la ciudad de La Plata la Convenci\u00f3n Nacional de la Uni\u00f3n C\u00edvica Radical.<\/p>\n","protected":false},"author":2,"featured_media":40630,"comment_status":"open","ping_status":"open","sticky":false,"template":"","format":"standard","meta":{"om_disable_all_campaigns":false,"_monsterinsights_skip_tracking":false,"_monsterinsights_sitenote_active":false,"_monsterinsights_sitenote_note":"","_monsterinsights_sitenote_category":0,"_uf_show_specific_survey":0,"_uf_disable_surveys":false,"jetpack_post_was_ever_published":false,"_jetpack_newsletter_access":"","_jetpack_dont_email_post_to_subs":false,"_jetpack_newsletter_tier_id":0,"_jetpack_memberships_contains_paywalled_content":false,"_jetpack_memberships_contains_paid_content":false,"footnotes":"","jetpack_publicize_message":"","jetpack_publicize_feature_enabled":true,"jetpack_social_post_already_shared":false,"jetpack_social_options":{"image_generator_settings":{"template":"highway","default_image_id":0,"font":"","enabled":false},"version":2}},"categories":[18],"tags":[],"class_list":["post-40629","post","type-post","status-publish","format-standard","has-post-thumbnail","hentry","category-politica"],"aioseo_notices":[],"views":9,"jetpack_publicize_connections":[],"jetpack_featured_media_url":"https:\/\/i0.wp.com\/elterritorialweb.com.ar\/web\/wp-content\/uploads\/2022\/05\/IMG-20220528-WA0001.jpg?fit=1064%2C962","jetpack_sharing_enabled":true,"_links":{"self":[{"href":"http:\/\/elterritorialweb.com.ar\/web\/wp-json\/wp\/v2\/posts\/40629","targetHints":{"allow":["GET"]}}],"collection":[{"href":"http:\/\/elterritorialweb.com.ar\/web\/wp-json\/wp\/v2\/posts"}],"about":[{"href":"http:\/\/elterritorialweb.com.ar\/web\/wp-json\/wp\/v2\/types\/post"}],"author":[{"embeddable":true,"href":"http:\/\/elterritorialweb.com.ar\/web\/wp-json\/wp\/v2\/users\/2"}],"replies":[{"embeddable":true,"href":"http:\/\/elterritorialweb.com.ar\/web\/wp-json\/wp\/v2\/comments?post=40629"}],"version-history":[{"count":1,"href":"http:\/\/elterritorialweb.com.ar\/web\/wp-json\/wp\/v2\/posts\/40629\/revisions"}],"predecessor-version":[{"id":40632,"href":"http:\/\/elterritorialweb.com.ar\/web\/wp-json\/wp\/v2\/posts\/40629\/revisions\/40632"}],"wp:featuredmedia":[{"embeddable":true,"href":"http:\/\/elterritorialweb.com.ar\/web\/wp-json\/wp\/v2\/media\/40630"}],"wp:attachment":[{"href":"http:\/\/elterritorialweb.com.ar\/web\/wp-json\/wp\/v2\/media?parent=40629"}],"wp:term":[{"taxonomy":"category","embeddable":true,"href":"http:\/\/elterritorialweb.com.ar\/web\/wp-json\/wp\/v2\/categories?post=40629"},{"taxonomy":"post_tag","embeddable":true,"href":"http:\/\/elterritorialweb.com.ar\/web\/wp-json\/wp\/v2\/tags?post=40629"}],"curies":[{"name":"wp","href":"https:\/\/api.w.org\/{rel}","templated":true}]}}