{"id":40638,"date":"2022-05-29T00:22:51","date_gmt":"2022-05-29T00:22:51","guid":{"rendered":"http:\/\/elterritorialweb.com.ar\/web\/?p=40638"},"modified":"2022-05-29T00:22:51","modified_gmt":"2022-05-29T00:22:51","slug":"el-cordoba-pista-marca-un-nuevo-record-con-156-pilotos","status":"publish","type":"post","link":"http:\/\/elterritorialweb.com.ar\/web\/el-cordoba-pista-marca-un-nuevo-record-con-156-pilotos\/","title":{"rendered":"EL C\u00d3RDOBA PISTA MARCA UN NUEVO R\u00c9CORD CON 156 PILOTOS"},"content":{"rendered":"\n<p>En su regreso al <strong>Aut\u00f3dromo Termas de R\u00edo Hondo<\/strong> despu\u00e9s de dos a\u00f1os de pandemia, la prueba automovil\u00edstica C\u00f3rdoba Pista marca un nuevo r\u00e9cord, con 156 pilotos inscriptos para competir en las diferentes categor\u00edas que este domingo tendr\u00e1n las finales, a partir del mediod\u00eda y hasta las primeras horas de la tarde.<\/p>\n\n\n\n<figure class=\"wp-block-image size-large\"><a href=\"https:\/\/i0.wp.com\/elterritorialweb.com.ar\/web\/wp-content\/uploads\/2022\/05\/cordoba-pista.jpg\"><img data-recalc-dims=\"1\" decoding=\"async\" width=\"640\" height=\"426\" data-src=\"https:\/\/i0.wp.com\/elterritorialweb.com.ar\/web\/wp-content\/uploads\/2022\/05\/cordoba-pista.jpg?resize=640%2C426\" alt=\"\" class=\"wp-image-40640 lazyload\" data-srcset=\"https:\/\/i0.wp.com\/elterritorialweb.com.ar\/web\/wp-content\/uploads\/2022\/05\/cordoba-pista.jpg?resize=1024%2C682 1024w, https:\/\/i0.wp.com\/elterritorialweb.com.ar\/web\/wp-content\/uploads\/2022\/05\/cordoba-pista.jpg?resize=300%2C200 300w, https:\/\/i0.wp.com\/elterritorialweb.com.ar\/web\/wp-content\/uploads\/2022\/05\/cordoba-pista.jpg?resize=768%2C512 768w, https:\/\/i0.wp.com\/elterritorialweb.com.ar\/web\/wp-content\/uploads\/2022\/05\/cordoba-pista.jpg?w=1066 1066w\" data-sizes=\"(max-width: 640px) 100vw, 640px\" src=\"data:image\/svg+xml;base64,PHN2ZyB3aWR0aD0iMSIgaGVpZ2h0PSIxIiB4bWxucz0iaHR0cDovL3d3dy53My5vcmcvMjAwMC9zdmciPjwvc3ZnPg==\" style=\"--smush-placeholder-width: 640px; --smush-placeholder-aspect-ratio: 640\/426;\" \/><\/a><\/figure>\n\n\n\n<p>El <strong>C\u00f3rdoba Pista <\/strong>se posiciona como la competencia motor m\u00e1s federal de la Argentina, ya que tiene la mayor cantidad de provincias representadas, con 17 jurisdicciones que cuentan con al menos un abanderado y a ello se suma la presencia de un piloto proveniente de Chile.<\/p>\n\n\n\n<figure class=\"wp-block-image size-full\"><a href=\"https:\/\/i0.wp.com\/elterritorialweb.com.ar\/web\/wp-content\/uploads\/2022\/05\/cordoba-pista-2.jpg\"><img data-recalc-dims=\"1\" decoding=\"async\" width=\"640\" height=\"426\" data-src=\"https:\/\/i0.wp.com\/elterritorialweb.com.ar\/web\/wp-content\/uploads\/2022\/05\/cordoba-pista-2.jpg?resize=640%2C426\" alt=\"\" class=\"wp-image-40641 lazyload\" data-srcset=\"https:\/\/i0.wp.com\/elterritorialweb.com.ar\/web\/wp-content\/uploads\/2022\/05\/cordoba-pista-2.jpg?w=853 853w, https:\/\/i0.wp.com\/elterritorialweb.com.ar\/web\/wp-content\/uploads\/2022\/05\/cordoba-pista-2.jpg?resize=300%2C200 300w, https:\/\/i0.wp.com\/elterritorialweb.com.ar\/web\/wp-content\/uploads\/2022\/05\/cordoba-pista-2.jpg?resize=768%2C511 768w\" data-sizes=\"(max-width: 640px) 100vw, 640px\" src=\"data:image\/svg+xml;base64,PHN2ZyB3aWR0aD0iMSIgaGVpZ2h0PSIxIiB4bWxucz0iaHR0cDovL3d3dy53My5vcmcvMjAwMC9zdmciPjwvc3ZnPg==\" style=\"--smush-placeholder-width: 640px; --smush-placeholder-aspect-ratio: 640\/426;\" \/><\/a><\/figure>\n\n\n\n<p>Est\u00e1n presentes en las diferentes pruebas pilotos de Tierra del Fuego, Santa Cruz, La Pampa, Buenos Aires, Santa Fe, Entre R\u00edos, Misiones, Chaco, Formosa, Santiago del Estero, Tucum\u00e1n, Salta, Jujuy, Catamarca, La Rioja, San Luis y C\u00f3rdoba.<\/p>\n\n\n\n<figure class=\"wp-block-image size-full\"><a href=\"https:\/\/i0.wp.com\/elterritorialweb.com.ar\/web\/wp-content\/uploads\/2022\/05\/cordoba-pista-3.jpg\"><img data-recalc-dims=\"1\" decoding=\"async\" width=\"640\" height=\"426\" data-src=\"https:\/\/i0.wp.com\/elterritorialweb.com.ar\/web\/wp-content\/uploads\/2022\/05\/cordoba-pista-3.jpg?resize=640%2C426\" alt=\"\" class=\"wp-image-40642 lazyload\" data-srcset=\"https:\/\/i0.wp.com\/elterritorialweb.com.ar\/web\/wp-content\/uploads\/2022\/05\/cordoba-pista-3.jpg?w=853 853w, https:\/\/i0.wp.com\/elterritorialweb.com.ar\/web\/wp-content\/uploads\/2022\/05\/cordoba-pista-3.jpg?resize=300%2C200 300w, https:\/\/i0.wp.com\/elterritorialweb.com.ar\/web\/wp-content\/uploads\/2022\/05\/cordoba-pista-3.jpg?resize=768%2C511 768w\" data-sizes=\"(max-width: 640px) 100vw, 640px\" src=\"data:image\/svg+xml;base64,PHN2ZyB3aWR0aD0iMSIgaGVpZ2h0PSIxIiB4bWxucz0iaHR0cDovL3d3dy53My5vcmcvMjAwMC9zdmciPjwvc3ZnPg==\" style=\"--smush-placeholder-width: 640px; --smush-placeholder-aspect-ratio: 640\/426;\" \/><\/a><\/figure>\n\n\n\n<p>En ese marco est\u00e1 todo dado para que este domingo Las Termas viva una vez m\u00e1s una verdadera fiesta del automovilismo en un trazado de nivel internacional que es aclamado en toda Sudam\u00e9rica y en el mundo.<\/p>\n","protected":false},"excerpt":{"rendered":"<p>La gran convocatoria que reuni\u00f3 el C\u00f3rdoba Pista para la cuarta presentaci\u00f3n del a\u00f1o en el Circuito Internacional Termas de R\u00edo Hondo muestra la mayor representaci\u00f3n provincial e internacional en m\u00e1s de 20 a\u00f1os de historia para el certamen organizado por APICER<\/p>\n","protected":false},"author":2,"featured_media":40639,"comment_status":"open","ping_status":"open","sticky":false,"template":"","format":"standard","meta":{"om_disable_all_campaigns":false,"_monsterinsights_skip_tracking":false,"_monsterinsights_sitenote_active":false,"_monsterinsights_sitenote_note":"","_monsterinsights_sitenote_category":0,"_uf_show_specific_survey":0,"_uf_disable_surveys":false,"jetpack_post_was_ever_published":false,"_jetpack_newsletter_access":"","_jetpack_dont_email_post_to_subs":false,"_jetpack_newsletter_tier_id":0,"_jetpack_memberships_contains_paywalled_content":false,"_jetpack_memberships_contains_paid_content":false,"footnotes":"","jetpack_publicize_message":"","jetpack_publicize_feature_enabled":true,"jetpack_social_post_already_shared":false,"jetpack_social_options":{"image_generator_settings":{"template":"highway","default_image_id":0,"font":"","enabled":false},"version":2}},"categories":[6],"tags":[],"class_list":["post-40638","post","type-post","status-publish","format-standard","has-post-thumbnail","hentry","category-deportes"],"aioseo_notices":[],"views":14,"jetpack_publicize_connections":[],"jetpack_featured_media_url":"https:\/\/i0.wp.com\/elterritorialweb.com.ar\/web\/wp-content\/uploads\/2022\/05\/cordoba-pista-4.jpg?fit=750%2C498","jetpack_sharing_enabled":true,"_links":{"self":[{"href":"http:\/\/elterritorialweb.com.ar\/web\/wp-json\/wp\/v2\/posts\/40638","targetHints":{"allow":["GET"]}}],"collection":[{"href":"http:\/\/elterritorialweb.com.ar\/web\/wp-json\/wp\/v2\/posts"}],"about":[{"href":"http:\/\/elterritorialweb.com.ar\/web\/wp-json\/wp\/v2\/types\/post"}],"author":[{"embeddable":true,"href":"http:\/\/elterritorialweb.com.ar\/web\/wp-json\/wp\/v2\/users\/2"}],"replies":[{"embeddable":true,"href":"http:\/\/elterritorialweb.com.ar\/web\/wp-json\/wp\/v2\/comments?post=40638"}],"version-history":[{"count":1,"href":"http:\/\/elterritorialweb.com.ar\/web\/wp-json\/wp\/v2\/posts\/40638\/revisions"}],"predecessor-version":[{"id":40643,"href":"http:\/\/elterritorialweb.com.ar\/web\/wp-json\/wp\/v2\/posts\/40638\/revisions\/40643"}],"wp:featuredmedia":[{"embeddable":true,"href":"http:\/\/elterritorialweb.com.ar\/web\/wp-json\/wp\/v2\/media\/40639"}],"wp:attachment":[{"href":"http:\/\/elterritorialweb.com.ar\/web\/wp-json\/wp\/v2\/media?parent=40638"}],"wp:term":[{"taxonomy":"category","embeddable":true,"href":"http:\/\/elterritorialweb.com.ar\/web\/wp-json\/wp\/v2\/categories?post=40638"},{"taxonomy":"post_tag","embeddable":true,"href":"http:\/\/elterritorialweb.com.ar\/web\/wp-json\/wp\/v2\/tags?post=40638"}],"curies":[{"name":"wp","href":"https:\/\/api.w.org\/{rel}","templated":true}]}}