{"id":40644,"date":"2022-05-29T00:33:50","date_gmt":"2022-05-29T00:33:50","guid":{"rendered":"http:\/\/elterritorialweb.com.ar\/web\/?p=40644"},"modified":"2022-05-29T00:33:50","modified_gmt":"2022-05-29T00:33:50","slug":"fernandez-no-dejen-que-nos-dividan-porque-cuando-nos-dividimos-gano-macri","status":"publish","type":"post","link":"http:\/\/elterritorialweb.com.ar\/web\/fernandez-no-dejen-que-nos-dividan-porque-cuando-nos-dividimos-gano-macri\/","title":{"rendered":"FERN\u00c1NDEZ: \u00abNO DEJEN QUE NOS DIVIDAN, PORQUE CUANDO NOS DIVIDIMOS GAN\u00d3 MACRI\u00bb"},"content":{"rendered":"\n<p>El presidente Alberto Fern\u00e1ndez dijo este s\u00e1bado que \u00abel enemigo nuestro no est\u00e1 en el Frente de Todos, sino en esa maldita derecha\u00bb y exhort\u00f3 a los espacios pol\u00edticos que integran la coalici\u00f3n oficialista a que \u00abnunca m\u00e1s\u00bb se dividan porque \u00abel d\u00eda que nos dividimos (Mauricio) Macri fue presidente\u00bb.<\/p>\n\n\n\n<p>El jefe de Estado se pronunci\u00f3 as\u00ed al cerrar el congreso del Frente de Todos en la provincia de Chaco, con un discurso que tuvo como eje la unidad del espacio de cara a las elecciones presidenciales del pr\u00f3ximo a\u00f1o.<\/p>\n\n\n\n<p>As\u00ed, Fern\u00e1ndez pidi\u00f3 \u00abponerle toda la fuerza que necesita el Frente de Todos, transitar juntos lo que queda de gobierno para que en el 2023 volvamos a darle a los argentinos la alegr\u00eda de tener un gobierno que se ocupa de ellos\u00bb.<\/p>\n\n\n\n<p><strong>\u00abNosotros tenemos que construir la mayor unidad posible, porque esto que digo yo no es distinto a lo que piensa cualquier dirigente del Frente de todos\u00bb<\/strong>, se\u00f1al\u00f3 en ese sentido.<\/p>\n\n\n\n<p>En el colmado auditorio del Centro de Convenciones Gala en la ciudad de Resistencia, el Presidente insisti\u00f3: \u00abYo les pido que no pierdan de vista d\u00f3nde est\u00e1 el peligro, que es esa derecha impiadosa que tuvo el mayor desastre social que la Argentina recuerda y nos endeud\u00f3 como nadie antes\u00bb.<\/p>\n\n\n\n<figure class=\"wp-block-image size-large\"><a href=\"https:\/\/i0.wp.com\/elterritorialweb.com.ar\/web\/wp-content\/uploads\/2022\/05\/ALBERTO-FERNANDEZ-1.jpg\"><img data-recalc-dims=\"1\" decoding=\"async\" width=\"640\" height=\"426\" data-src=\"https:\/\/i0.wp.com\/elterritorialweb.com.ar\/web\/wp-content\/uploads\/2022\/05\/ALBERTO-FERNANDEZ-1.jpg?resize=640%2C426\" alt=\"\" class=\"wp-image-40646 lazyload\" data-srcset=\"https:\/\/i0.wp.com\/elterritorialweb.com.ar\/web\/wp-content\/uploads\/2022\/05\/ALBERTO-FERNANDEZ-1.jpg?resize=1024%2C682 1024w, https:\/\/i0.wp.com\/elterritorialweb.com.ar\/web\/wp-content\/uploads\/2022\/05\/ALBERTO-FERNANDEZ-1.jpg?resize=300%2C200 300w, https:\/\/i0.wp.com\/elterritorialweb.com.ar\/web\/wp-content\/uploads\/2022\/05\/ALBERTO-FERNANDEZ-1.jpg?resize=768%2C512 768w, https:\/\/i0.wp.com\/elterritorialweb.com.ar\/web\/wp-content\/uploads\/2022\/05\/ALBERTO-FERNANDEZ-1.jpg?resize=1536%2C1023 1536w, https:\/\/i0.wp.com\/elterritorialweb.com.ar\/web\/wp-content\/uploads\/2022\/05\/ALBERTO-FERNANDEZ-1.jpg?w=2048 2048w, https:\/\/i0.wp.com\/elterritorialweb.com.ar\/web\/wp-content\/uploads\/2022\/05\/ALBERTO-FERNANDEZ-1.jpg?w=1280 1280w, https:\/\/i0.wp.com\/elterritorialweb.com.ar\/web\/wp-content\/uploads\/2022\/05\/ALBERTO-FERNANDEZ-1.jpg?w=1920 1920w\" data-sizes=\"(max-width: 640px) 100vw, 640px\" src=\"data:image\/svg+xml;base64,PHN2ZyB3aWR0aD0iMSIgaGVpZ2h0PSIxIiB4bWxucz0iaHR0cDovL3d3dy53My5vcmcvMjAwMC9zdmciPjwvc3ZnPg==\" style=\"--smush-placeholder-width: 640px; --smush-placeholder-aspect-ratio: 640\/426;\" \/><\/a><\/figure>\n\n\n\n<p>\u00abCompa\u00f1eros, en el Frente de Todos no hay enemigos, hay diferencias. Pero hemos aprendido a respetarnos con esas diferencias\u00bb, dijo Fern\u00e1ndez y pidi\u00f3 que: \u00abNo dejen que nos dividan\u00bb.<\/p>\n\n\n\n<p>En la misma l\u00ednea, el Presidente remarc\u00f3 que&nbsp;<strong>\u00abun compa\u00f1ero que sale y critica, el tiempo dir\u00e1 si tiene raz\u00f3n o no, pero es un compa\u00f1ero. No dejen que nos dividan\u00bb<\/strong>.<\/p>\n\n\n\n<p>\u00abNosotros tenemos un denominador com\u00fan que nos obliga a producir m\u00e1s, a generar m\u00e1s trabajo formal y a distribuir m\u00e1s correctamente la riqueza. Esos son nuestros tres pilares de fondo\u00bb, agreg\u00f3.<\/p>\n\n\n\n<p>Fern\u00e1ndez, quien adem\u00e1s es presidente del Partido Justicialista (PJ) nacional, evoc\u00f3: \u00abSomos hijos de Per\u00f3n y Evita\u00bb y sostuvo que \u00abestamos ac\u00e1 para seguir luchando por una patria libre, justa y soberana porque tenemos una responsabilidad y es que la riqueza, la ganancia de la Argentina no se quede en los bolsillos de unos pocos\u00bb.<\/p>\n\n\n\n<p>En otra parte de su discurso, expres\u00f3: \u00abA la Argentina le esperan d\u00e9cadas de crecimiento, producci\u00f3n y de desarrollo y lo \u00faltimo que quisiera yo, es que cuando ese desarrollo llegue, cuando lleguen los d\u00f3lares, gobiernen los que se apropian de la riqueza y se olvidan del pueblo\u00bb.<\/p>\n\n\n\n<p>\u00abYo les pido que nos organicemos\u00bb, dijo y asegur\u00f3 que \u00abno podemos darnos el lujo de dejar en 2023 el poder en manos de los que siguen diciendo que no hay que crear m\u00e1s universidades, porque los hijos de los pobres no llegan al nivel universitario.<\/p>\n\n\n\n<p>En esa l\u00ednea, mencion\u00f3 que siguen diciendo<strong>&nbsp;\u00abque la salud la maneja el sector privado y que un trabajador que cae en el desempleo no merece la indemnizaci\u00f3n y hablan contra el aguinaldo\u00bb<\/strong>, por lo que advirti\u00f3: \u00abCompa\u00f1eros, van contra sus derechos y lo dicen abiertamente por televisi\u00f3n\u00bb.<\/p>\n\n\n\n<p>\u00abTenemos que construir una patria que nos una y dejar de lado las diferencias que podamos tener y darnos cuenta que nos unen varios denominadores comunes y nos diferencia por qu\u00e9 camino llegar\u00bb, se\u00f1al\u00f3 el jefe de Estado.<\/p>\n\n\n\n<p>De ese modo, afirm\u00f3 que<strong>&nbsp;\u00abentre nosotros, las diferencias no est\u00e1n dadas en la cuesti\u00f3n de fondo\u00bb<\/strong>&nbsp;y apunt\u00f3 que \u00ablas diferencias asoman por las formas, los modos y el camino a tomar para alcanzar el objetivo com\u00fan que todos buscamos\u00bb.<\/p>\n\n\n\n<p>Con \u00e9nfasis, Fern\u00e1ndez sentenci\u00f3: \u00abEl enemigo nuestro no est\u00e1 en el Frente de Todos, sino est\u00e1 en esa maldita derecha que una vez m\u00e1s quiere volver a someter al pueblo argentino\u00bb.<\/p>\n\n\n\n<p>Al finalizar su discurso, pidi\u00f3: \u00abPong\u00e1mosle al Frente de Todos la fuerza que necesita y transitemos juntos lo que queda de gobierno para que en el 2023 volvamos a darle a los argentinos la alegr\u00eda que merecen, de tener un gobierno que se ocupa de ellos\u00bb.<\/p>\n\n\n\n<p>Previo al discurso del Presidente, el gobernador de Chaco y titular del FdT provincial, Jorge Capitanich, destac\u00f3 que \u00abdecidimos institucionalizar el Frente de Todos en Chaco porque as\u00ed es un espacio que garantiza la unidad en la diversidad\u00bb.<\/p>\n\n\n\n<p>\u00abLas diferencias no nos tienen que dividir, sino ense\u00f1ar a construir un camino que nos permita resolver los problemas de los argentinos\u00bb, manifest\u00f3 el gobernador y afirm\u00f3:&nbsp;<strong>\u00abHay que hacer una convocatoria amplia, plural y democr\u00e1tica\u00bb<\/strong>.<\/p>\n\n\n\n<p>En medio de c\u00e1nticos de los militantes, Capitanich sostuvo que \u00abnuestro espacio implica unidad en la diversidad\u00bb y afirm\u00f3 que \u00abno todos pensamos lo mismo, pero en el Frente de Todos estamos unidos por un proyecto democr\u00e1tico, nacional y popular que garantice la soberan\u00eda y la dignidad para el pueblo argentino\u00bb.<\/p>\n\n\n\n<figure class=\"wp-block-image size-full is-resized\"><a href=\"https:\/\/i0.wp.com\/elterritorialweb.com.ar\/web\/wp-content\/uploads\/2022\/05\/ALBERTO-FERNANDEZ-2.jpg\"><img data-recalc-dims=\"1\" decoding=\"async\" data-src=\"https:\/\/i0.wp.com\/elterritorialweb.com.ar\/web\/wp-content\/uploads\/2022\/05\/ALBERTO-FERNANDEZ-2.jpg?resize=640%2C427\" alt=\"\" class=\"wp-image-40647 lazyload\" width=\"640\" height=\"427\" data-srcset=\"https:\/\/i0.wp.com\/elterritorialweb.com.ar\/web\/wp-content\/uploads\/2022\/05\/ALBERTO-FERNANDEZ-2.jpg?w=680 680w, https:\/\/i0.wp.com\/elterritorialweb.com.ar\/web\/wp-content\/uploads\/2022\/05\/ALBERTO-FERNANDEZ-2.jpg?resize=300%2C200 300w\" data-sizes=\"(max-width: 640px) 100vw, 640px\" src=\"data:image\/svg+xml;base64,PHN2ZyB3aWR0aD0iMSIgaGVpZ2h0PSIxIiB4bWxucz0iaHR0cDovL3d3dy53My5vcmcvMjAwMC9zdmciPjwvc3ZnPg==\" style=\"--smush-placeholder-width: 640px; --smush-placeholder-aspect-ratio: 640\/427;\" \/><\/a><\/figure>\n\n\n\n<p>As\u00ed, destac\u00f3 que \u00abjuntos, unidos, vamos a ser capaces de combatir la inflaci\u00f3n, cuidar el salario y el trabajo de los argentinos y salir todos juntos a destacar todo lo que se ha hecho\u00bb y \u00abpara participar abiertamente para que el pr\u00f3ximo a\u00f1o siga gobernando la Rep\u00fablica el Frente de todos, y seguir construyendo la Argentina que nos merecemos\u00bb.<\/p>\n\n\n\n<p>En el acto tambi\u00e9n participaron el secretario General de Presidencia, Julio Vitobello; la vocera presidencial Gabriela Cerruti; el secretario de Relaciones Parlamentarias Fernando &#8216;Chino&#8217; Navarro; y la vicegobernadora de Chaco Anal\u00eda Rach Quiroga.<\/p>\n\n\n\n<p>Chaco fue la primera provincia en institucionalizar e lFrente de Todos y hoy realiz\u00f3 la primera sesi\u00f3n del congreso partidario en el que participaron m\u00e1s de 3.000 personas y sesionaron en diferentes comisiones desde la ma\u00f1ana.<\/p>\n","protected":false},"excerpt":{"rendered":"<p>El Presidente cerr\u00f3 el congreso del Frente de Todos en la provincia de Chaco, en su discurso hizo hincapi\u00e9 en la necesidad de preservar la unidad del Frente de Todos  de cara a las elecciones presidenciales del pr\u00f3ximo a\u00f1o.<\/p>\n","protected":false},"author":2,"featured_media":40645,"comment_status":"open","ping_status":"open","sticky":false,"template":"","format":"standard","meta":{"om_disable_all_campaigns":false,"_monsterinsights_skip_tracking":false,"_monsterinsights_sitenote_active":false,"_monsterinsights_sitenote_note":"","_monsterinsights_sitenote_category":0,"_uf_show_specific_survey":0,"_uf_disable_surveys":false,"jetpack_post_was_ever_published":false,"_jetpack_newsletter_access":"","_jetpack_dont_email_post_to_subs":false,"_jetpack_newsletter_tier_id":0,"_jetpack_memberships_contains_paywalled_content":false,"_jetpack_memberships_contains_paid_content":false,"footnotes":"","jetpack_publicize_message":"","jetpack_publicize_feature_enabled":true,"jetpack_social_post_already_shared":false,"jetpack_social_options":{"image_generator_settings":{"template":"highway","default_image_id":0,"font":"","enabled":false},"version":2}},"categories":[18],"tags":[],"class_list":["post-40644","post","type-post","status-publish","format-standard","has-post-thumbnail","hentry","category-politica"],"aioseo_notices":[],"views":5,"jetpack_publicize_connections":[],"jetpack_featured_media_url":"https:\/\/i0.wp.com\/elterritorialweb.com.ar\/web\/wp-content\/uploads\/2022\/05\/ALBERTO-FERNANDEZ.jpg?fit=1024%2C682","jetpack_sharing_enabled":true,"_links":{"self":[{"href":"http:\/\/elterritorialweb.com.ar\/web\/wp-json\/wp\/v2\/posts\/40644","targetHints":{"allow":["GET"]}}],"collection":[{"href":"http:\/\/elterritorialweb.com.ar\/web\/wp-json\/wp\/v2\/posts"}],"about":[{"href":"http:\/\/elterritorialweb.com.ar\/web\/wp-json\/wp\/v2\/types\/post"}],"author":[{"embeddable":true,"href":"http:\/\/elterritorialweb.com.ar\/web\/wp-json\/wp\/v2\/users\/2"}],"replies":[{"embeddable":true,"href":"http:\/\/elterritorialweb.com.ar\/web\/wp-json\/wp\/v2\/comments?post=40644"}],"version-history":[{"count":1,"href":"http:\/\/elterritorialweb.com.ar\/web\/wp-json\/wp\/v2\/posts\/40644\/revisions"}],"predecessor-version":[{"id":40648,"href":"http:\/\/elterritorialweb.com.ar\/web\/wp-json\/wp\/v2\/posts\/40644\/revisions\/40648"}],"wp:featuredmedia":[{"embeddable":true,"href":"http:\/\/elterritorialweb.com.ar\/web\/wp-json\/wp\/v2\/media\/40645"}],"wp:attachment":[{"href":"http:\/\/elterritorialweb.com.ar\/web\/wp-json\/wp\/v2\/media?parent=40644"}],"wp:term":[{"taxonomy":"category","embeddable":true,"href":"http:\/\/elterritorialweb.com.ar\/web\/wp-json\/wp\/v2\/categories?post=40644"},{"taxonomy":"post_tag","embeddable":true,"href":"http:\/\/elterritorialweb.com.ar\/web\/wp-json\/wp\/v2\/tags?post=40644"}],"curies":[{"name":"wp","href":"https:\/\/api.w.org\/{rel}","templated":true}]}}