{"id":40663,"date":"2022-05-29T23:18:31","date_gmt":"2022-05-29T23:18:31","guid":{"rendered":"http:\/\/elterritorialweb.com.ar\/web\/?p=40663"},"modified":"2022-05-29T23:19:11","modified_gmt":"2022-05-29T23:19:11","slug":"mitre-sobre-el-final-rescato-un-empate-ante-atletico-rafaela","status":"publish","type":"post","link":"http:\/\/elterritorialweb.com.ar\/web\/mitre-sobre-el-final-rescato-un-empate-ante-atletico-rafaela\/","title":{"rendered":"MITRE RESCAT\u00d3 UN EMPATE SOBRE EL FINAL ANTE ATL\u00c9TICO RAFAELA"},"content":{"rendered":"\n<p><strong>Mitre<\/strong>&nbsp;no pudo cortar la racha de partidos sin ganar, pero logr\u00f3 rescatar un punto con un empate 2-2 ante&nbsp;<strong>Atl\u00e9tico de Rafaela<\/strong>&nbsp;en un encuentro correspondiente a la 17\u00aa fecha del torneo de la&nbsp;<strong>Primera Nacional<\/strong>.<\/p>\n\n\n\n<p>Los goles del conjunto Aurinegro fueron anotados por\u00a0<strong>Santiago Rosales<\/strong>, a los 13 minutos del primer tiempo y de\u00a0<strong>Guido Vadal\u00e1<\/strong>\u00a0a los 41 del complemento. En tanto que para La Crema marcaron\u00a0<strong>Claudio Bieler<\/strong>, de penal, y\u00a0<strong>Gonzalo Lencina<\/strong>, a los 20 y 23 de la primera parte, respectivamente.<\/p>\n\n\n\n<figure class=\"wp-block-image size-large\"><a href=\"https:\/\/i0.wp.com\/elterritorialweb.com.ar\/web\/wp-content\/uploads\/2022\/05\/mitre-2.jpeg\"><img data-recalc-dims=\"1\" decoding=\"async\" width=\"640\" height=\"328\" data-src=\"https:\/\/i0.wp.com\/elterritorialweb.com.ar\/web\/wp-content\/uploads\/2022\/05\/mitre-2.jpeg?resize=640%2C328\" alt=\"\" class=\"wp-image-40665 lazyload\" data-srcset=\"https:\/\/i0.wp.com\/elterritorialweb.com.ar\/web\/wp-content\/uploads\/2022\/05\/mitre-2.jpeg?resize=1024%2C525 1024w, https:\/\/i0.wp.com\/elterritorialweb.com.ar\/web\/wp-content\/uploads\/2022\/05\/mitre-2.jpeg?resize=300%2C154 300w, https:\/\/i0.wp.com\/elterritorialweb.com.ar\/web\/wp-content\/uploads\/2022\/05\/mitre-2.jpeg?resize=768%2C394 768w, https:\/\/i0.wp.com\/elterritorialweb.com.ar\/web\/wp-content\/uploads\/2022\/05\/mitre-2.jpeg?resize=1536%2C788 1536w, https:\/\/i0.wp.com\/elterritorialweb.com.ar\/web\/wp-content\/uploads\/2022\/05\/mitre-2.jpeg?w=1598 1598w, https:\/\/i0.wp.com\/elterritorialweb.com.ar\/web\/wp-content\/uploads\/2022\/05\/mitre-2.jpeg?w=1280 1280w\" data-sizes=\"(max-width: 640px) 100vw, 640px\" src=\"data:image\/svg+xml;base64,PHN2ZyB3aWR0aD0iMSIgaGVpZ2h0PSIxIiB4bWxucz0iaHR0cDovL3d3dy53My5vcmcvMjAwMC9zdmciPjwvc3ZnPg==\" style=\"--smush-placeholder-width: 640px; --smush-placeholder-aspect-ratio: 640\/328;\" \/><\/a><\/figure>\n\n\n\n<p>El partido, en el balance general, fue favorable a\u00a0<strong>Mitre<\/strong>, que gener\u00f3 situaciones e inclin\u00f3 la cancha en contra del terreno de\u00a0<strong>Atl\u00e9tico de Rafaela<\/strong>. Mereci\u00f3 m\u00e1s que el empate, pero fall\u00f3 en la definici\u00f3n.<\/p>\n\n\n\n<p>El primer gol del encuentro fue marcado por&nbsp;<strong>Santiago Rosales<\/strong>&nbsp;tras una buena combinaci\u00f3n &nbsp;por derecha, que termin\u00f3 con la definici\u00f3n del mediocampista, acostumbrado a pisar el \u00e1rea rival siempre.<\/p>\n\n\n\n<figure class=\"wp-block-image size-large\"><a href=\"https:\/\/i0.wp.com\/elterritorialweb.com.ar\/web\/wp-content\/uploads\/2022\/05\/mitre-3.jpeg\"><img data-recalc-dims=\"1\" decoding=\"async\" width=\"640\" height=\"351\" data-src=\"https:\/\/i0.wp.com\/elterritorialweb.com.ar\/web\/wp-content\/uploads\/2022\/05\/mitre-3.jpeg?resize=640%2C351\" alt=\"\" class=\"wp-image-40666 lazyload\" data-srcset=\"https:\/\/i0.wp.com\/elterritorialweb.com.ar\/web\/wp-content\/uploads\/2022\/05\/mitre-3.jpeg?resize=1024%2C562 1024w, https:\/\/i0.wp.com\/elterritorialweb.com.ar\/web\/wp-content\/uploads\/2022\/05\/mitre-3.jpeg?resize=300%2C165 300w, https:\/\/i0.wp.com\/elterritorialweb.com.ar\/web\/wp-content\/uploads\/2022\/05\/mitre-3.jpeg?resize=768%2C421 768w, https:\/\/i0.wp.com\/elterritorialweb.com.ar\/web\/wp-content\/uploads\/2022\/05\/mitre-3.jpeg?resize=1536%2C843 1536w, https:\/\/i0.wp.com\/elterritorialweb.com.ar\/web\/wp-content\/uploads\/2022\/05\/mitre-3.jpeg?w=1598 1598w, https:\/\/i0.wp.com\/elterritorialweb.com.ar\/web\/wp-content\/uploads\/2022\/05\/mitre-3.jpeg?w=1280 1280w\" data-sizes=\"(max-width: 640px) 100vw, 640px\" src=\"data:image\/svg+xml;base64,PHN2ZyB3aWR0aD0iMSIgaGVpZ2h0PSIxIiB4bWxucz0iaHR0cDovL3d3dy53My5vcmcvMjAwMC9zdmciPjwvc3ZnPg==\" style=\"--smush-placeholder-width: 640px; --smush-placeholder-aspect-ratio: 640\/351;\" \/><\/a><\/figure>\n\n\n\n<p>El gol oblig\u00f3 a&nbsp;<strong>Atl\u00e9tico de Rafaela<\/strong>&nbsp;a salir a buscar la igualdad y tuvo muy buenos minutos en donde dio vuelta el tanteador. Un penal infantil le dio la chance a&nbsp;<strong>Claudio Bieler&nbsp;<\/strong>de empatarlo desde los doce pasos y no fall\u00f3. Tres minutos despu\u00e9s lleg\u00f3 el segundo a trav\u00e9s de&nbsp;<strong>Gonzalo Lencina<\/strong>&nbsp;que defini\u00f3 tras un pase desde la derecha; su posici\u00f3n dej\u00f3 dudas porque parec\u00eda adelantado.<\/p>\n\n\n\n<p>En el inicio del complemento, a los 11 minutos, la visita se qued\u00f3 con un hombre menos por la roja que vio\u00a0<strong>Facundo Nadal\u00edn<\/strong>\u00a0tras un duro golpe sobre\u00a0<strong>Alessandroni<\/strong>. Esto favoreci\u00f3 a Mitre que adem\u00e1s estaba obligado a buscar el empate.<\/p>\n\n\n\n<figure class=\"wp-block-image size-large\"><a href=\"https:\/\/i0.wp.com\/elterritorialweb.com.ar\/web\/wp-content\/uploads\/2022\/05\/mitre-4.jpeg\"><img data-recalc-dims=\"1\" decoding=\"async\" width=\"640\" height=\"350\" data-src=\"https:\/\/i0.wp.com\/elterritorialweb.com.ar\/web\/wp-content\/uploads\/2022\/05\/mitre-4.jpeg?resize=640%2C350\" alt=\"\" class=\"wp-image-40667 lazyload\" data-srcset=\"https:\/\/i0.wp.com\/elterritorialweb.com.ar\/web\/wp-content\/uploads\/2022\/05\/mitre-4.jpeg?resize=1024%2C560 1024w, https:\/\/i0.wp.com\/elterritorialweb.com.ar\/web\/wp-content\/uploads\/2022\/05\/mitre-4.jpeg?resize=300%2C164 300w, https:\/\/i0.wp.com\/elterritorialweb.com.ar\/web\/wp-content\/uploads\/2022\/05\/mitre-4.jpeg?resize=768%2C420 768w, https:\/\/i0.wp.com\/elterritorialweb.com.ar\/web\/wp-content\/uploads\/2022\/05\/mitre-4.jpeg?resize=1536%2C840 1536w, https:\/\/i0.wp.com\/elterritorialweb.com.ar\/web\/wp-content\/uploads\/2022\/05\/mitre-4.jpeg?w=1598 1598w, https:\/\/i0.wp.com\/elterritorialweb.com.ar\/web\/wp-content\/uploads\/2022\/05\/mitre-4.jpeg?w=1280 1280w\" data-sizes=\"(max-width: 640px) 100vw, 640px\" src=\"data:image\/svg+xml;base64,PHN2ZyB3aWR0aD0iMSIgaGVpZ2h0PSIxIiB4bWxucz0iaHR0cDovL3d3dy53My5vcmcvMjAwMC9zdmciPjwvc3ZnPg==\" style=\"--smush-placeholder-width: 640px; --smush-placeholder-aspect-ratio: 640\/350;\" \/><\/a><\/figure>\n\n\n\n<p>El Aurinegro adelant\u00f3 sus l\u00edneas, se hizo due\u00f1o total del bal\u00f3n y gener\u00f3 muchas situaciones de peligro. Su premio lleg\u00f3 cerca del cierre; a los 41 minutos&nbsp;<strong>Guido Vadal\u00e1<\/strong>&nbsp;control\u00f3 por izquierda hacia su pierna h\u00e1bil y sac\u00f3 un remate preciso al segundo palo.<\/p>\n\n\n\n<p>Si bien no pudo volver a la senda ganadora,&nbsp;<strong>Mitre&nbsp;<\/strong>dej\u00f3 atr\u00e1s dos derrotas seguidas y sum\u00f3 un punto para acomodarse en la 31\u00aa posici\u00f3n con 15 puntos. Su pr\u00f3ximo compromiso ser\u00e1 el domingo a las 16.30 al visitar a&nbsp;<strong>Santamarina de Tandil<\/strong>.<\/p>\n","protected":false},"excerpt":{"rendered":"<p>El aurinegro empat\u00f3 2-2 en calidad de local ante la Crema en el Estadio \u00danico \u00abMadre de Ciudades\u00bb<\/p>\n","protected":false},"author":2,"featured_media":40664,"comment_status":"open","ping_status":"open","sticky":false,"template":"","format":"standard","meta":{"om_disable_all_campaigns":false,"_monsterinsights_skip_tracking":false,"_monsterinsights_sitenote_active":false,"_monsterinsights_sitenote_note":"","_monsterinsights_sitenote_category":0,"_uf_show_specific_survey":0,"_uf_disable_surveys":false,"jetpack_post_was_ever_published":false,"_jetpack_newsletter_access":"","_jetpack_dont_email_post_to_subs":false,"_jetpack_newsletter_tier_id":0,"_jetpack_memberships_contains_paywalled_content":false,"_jetpack_memberships_contains_paid_content":false,"footnotes":"","jetpack_publicize_message":"","jetpack_publicize_feature_enabled":true,"jetpack_social_post_already_shared":false,"jetpack_social_options":{"image_generator_settings":{"template":"highway","default_image_id":0,"font":"","enabled":false},"version":2}},"categories":[6],"tags":[],"class_list":["post-40663","post","type-post","status-publish","format-standard","has-post-thumbnail","hentry","category-deportes"],"aioseo_notices":[],"views":9,"jetpack_publicize_connections":[],"jetpack_featured_media_url":"https:\/\/i0.wp.com\/elterritorialweb.com.ar\/web\/wp-content\/uploads\/2022\/05\/mitre-1.jpeg?fit=731%2C497","jetpack_sharing_enabled":true,"_links":{"self":[{"href":"http:\/\/elterritorialweb.com.ar\/web\/wp-json\/wp\/v2\/posts\/40663","targetHints":{"allow":["GET"]}}],"collection":[{"href":"http:\/\/elterritorialweb.com.ar\/web\/wp-json\/wp\/v2\/posts"}],"about":[{"href":"http:\/\/elterritorialweb.com.ar\/web\/wp-json\/wp\/v2\/types\/post"}],"author":[{"embeddable":true,"href":"http:\/\/elterritorialweb.com.ar\/web\/wp-json\/wp\/v2\/users\/2"}],"replies":[{"embeddable":true,"href":"http:\/\/elterritorialweb.com.ar\/web\/wp-json\/wp\/v2\/comments?post=40663"}],"version-history":[{"count":2,"href":"http:\/\/elterritorialweb.com.ar\/web\/wp-json\/wp\/v2\/posts\/40663\/revisions"}],"predecessor-version":[{"id":40669,"href":"http:\/\/elterritorialweb.com.ar\/web\/wp-json\/wp\/v2\/posts\/40663\/revisions\/40669"}],"wp:featuredmedia":[{"embeddable":true,"href":"http:\/\/elterritorialweb.com.ar\/web\/wp-json\/wp\/v2\/media\/40664"}],"wp:attachment":[{"href":"http:\/\/elterritorialweb.com.ar\/web\/wp-json\/wp\/v2\/media?parent=40663"}],"wp:term":[{"taxonomy":"category","embeddable":true,"href":"http:\/\/elterritorialweb.com.ar\/web\/wp-json\/wp\/v2\/categories?post=40663"},{"taxonomy":"post_tag","embeddable":true,"href":"http:\/\/elterritorialweb.com.ar\/web\/wp-json\/wp\/v2\/tags?post=40663"}],"curies":[{"name":"wp","href":"https:\/\/api.w.org\/{rel}","templated":true}]}}