{"id":40670,"date":"2022-05-29T23:58:33","date_gmt":"2022-05-29T23:58:33","guid":{"rendered":"http:\/\/elterritorialweb.com.ar\/web\/?p=40670"},"modified":"2022-05-29T23:59:46","modified_gmt":"2022-05-29T23:59:46","slug":"se-reportaron-51-778-contagios-de-coronavirus-en-la-ultima-semana-en-argentina","status":"publish","type":"post","link":"http:\/\/elterritorialweb.com.ar\/web\/se-reportaron-51-778-contagios-de-coronavirus-en-la-ultima-semana-en-argentina\/","title":{"rendered":"SE REPORTARON 51.778 CONTAGIOS DE CORONAVIRUS EN LA \u00daLTIMA SEMANA EN ARGENTINA"},"content":{"rendered":"\n<p>El Ministerio de Salud report\u00f3<strong>&nbsp;64 muertes por coronavirus y 51.778 contagios<\/strong>&nbsp;en la \u00faltima semana en la Argentina, lo que representa un 19% m\u00e1s de casos que el domingo pasado (43.487).<\/p>\n\n\n\n<p>De esta manera,&nbsp;<strong>suman 128.889 los fallecidos&nbsp;<\/strong>registrados oficialmente a nivel nacional y&nbsp;<strong>9.230.573<\/strong>&nbsp;los contagiados desde el inicio de la pandemia.<\/p>\n\n\n\n<p>La cartera sanitaria indic\u00f3 que&nbsp;<strong>son 346 los internados con coronavirus en unidades de terapia intensiva,<\/strong>&nbsp;con un porcentaje de ocupaci\u00f3n de camas de adultos en el sector p\u00fablico y privado, para todas las patolog\u00edas, de 42,2% en el pa\u00eds.<\/p>\n\n\n\n<p>Durante la \u00faltima semana murieron 37 personas en Buenos Aires, 11 en la Ciudad de Buenos Aires, 1 en Chaco, 6 en C\u00f3rdoba, 2 en La Pampa, 1 en San Juan, 1 en San Luis, 2 en Santa Cruz, 1 en Santa Fe y 2 en Tucum\u00e1n.<\/p>\n\n\n\n<p>Seg\u00fan el Monitor P\u00fablico de Vacunaci\u00f3n,<strong>&nbsp;el total de dosis aplicadas asciende a 102.549.284,&nbsp;<\/strong>de los cuales 40.788.499 recibieron una dosis, 37.465.929 las dos, 3.039.647 una adicional y 21.255.209 una de refuerzo, mientras que las vacunas distribuidas a las jurisdicciones llegan a 109.347.590 y las donadas a 5.083.000.<\/p>\n","protected":false},"excerpt":{"rendered":"<p>Hay 346 internados con coronavirus en unidades de terapia intensiva de todo el pa\u00eds. En general, totalizan 128.889 los fallecidos registrados oficialmente a nivel nacional y 9.230.573 los contagiados desde el inicio de la pandemia.<\/p>\n","protected":false},"author":2,"featured_media":40671,"comment_status":"open","ping_status":"open","sticky":false,"template":"","format":"standard","meta":{"om_disable_all_campaigns":false,"_monsterinsights_skip_tracking":false,"_monsterinsights_sitenote_active":false,"_monsterinsights_sitenote_note":"","_monsterinsights_sitenote_category":0,"_uf_show_specific_survey":0,"_uf_disable_surveys":false,"jetpack_post_was_ever_published":false,"_jetpack_newsletter_access":"","_jetpack_dont_email_post_to_subs":false,"_jetpack_newsletter_tier_id":0,"_jetpack_memberships_contains_paywalled_content":false,"_jetpack_memberships_contains_paid_content":false,"footnotes":"","jetpack_publicize_message":"","jetpack_publicize_feature_enabled":true,"jetpack_social_post_already_shared":false,"jetpack_social_options":{"image_generator_settings":{"template":"highway","default_image_id":0,"font":"","enabled":false},"version":2}},"categories":[4,3],"tags":[],"class_list":["post-40670","post","type-post","status-publish","format-standard","has-post-thumbnail","hentry","category-destacadas","category-salud"],"aioseo_notices":[],"views":11,"jetpack_publicize_connections":[],"jetpack_featured_media_url":"https:\/\/i0.wp.com\/elterritorialweb.com.ar\/web\/wp-content\/uploads\/2022\/05\/NUEVOS-CASOS-29-DE-MAYO.jpg?fit=950%2C534","jetpack_sharing_enabled":true,"_links":{"self":[{"href":"http:\/\/elterritorialweb.com.ar\/web\/wp-json\/wp\/v2\/posts\/40670","targetHints":{"allow":["GET"]}}],"collection":[{"href":"http:\/\/elterritorialweb.com.ar\/web\/wp-json\/wp\/v2\/posts"}],"about":[{"href":"http:\/\/elterritorialweb.com.ar\/web\/wp-json\/wp\/v2\/types\/post"}],"author":[{"embeddable":true,"href":"http:\/\/elterritorialweb.com.ar\/web\/wp-json\/wp\/v2\/users\/2"}],"replies":[{"embeddable":true,"href":"http:\/\/elterritorialweb.com.ar\/web\/wp-json\/wp\/v2\/comments?post=40670"}],"version-history":[{"count":1,"href":"http:\/\/elterritorialweb.com.ar\/web\/wp-json\/wp\/v2\/posts\/40670\/revisions"}],"predecessor-version":[{"id":40672,"href":"http:\/\/elterritorialweb.com.ar\/web\/wp-json\/wp\/v2\/posts\/40670\/revisions\/40672"}],"wp:featuredmedia":[{"embeddable":true,"href":"http:\/\/elterritorialweb.com.ar\/web\/wp-json\/wp\/v2\/media\/40671"}],"wp:attachment":[{"href":"http:\/\/elterritorialweb.com.ar\/web\/wp-json\/wp\/v2\/media?parent=40670"}],"wp:term":[{"taxonomy":"category","embeddable":true,"href":"http:\/\/elterritorialweb.com.ar\/web\/wp-json\/wp\/v2\/categories?post=40670"},{"taxonomy":"post_tag","embeddable":true,"href":"http:\/\/elterritorialweb.com.ar\/web\/wp-json\/wp\/v2\/tags?post=40670"}],"curies":[{"name":"wp","href":"https:\/\/api.w.org\/{rel}","templated":true}]}}