{"id":40676,"date":"2022-05-30T00:23:15","date_gmt":"2022-05-30T00:23:15","guid":{"rendered":"http:\/\/elterritorialweb.com.ar\/web\/?p=40676"},"modified":"2022-05-30T00:23:59","modified_gmt":"2022-05-30T00:23:59","slug":"liliana-herrero-se-presento-ante-un-patio-colmado-en-la-municipalidad-de-la-capital","status":"publish","type":"post","link":"http:\/\/elterritorialweb.com.ar\/web\/liliana-herrero-se-presento-ante-un-patio-colmado-en-la-municipalidad-de-la-capital\/","title":{"rendered":"LILIANA HERRERO SE PRESENT\u00d3 ANTE UN PATIO COLMADO EN LA MUNICIPALIDAD DE LA CAPITAL"},"content":{"rendered":"\n<p>Ante un patio de la Municipalidad de la Capital colmado por la concurrencia, la cantante Liliana Herrero ofreci\u00f3 un recital en donde repas\u00f3 gran parte de su extensa trayectoria musical.<\/p>\n\n\n\n<p>En el marco de los espect\u00e1culos culturales gratuitos que ofrece el municipio a los vecinos, la artista nacida en Entre R\u00edos tambi\u00e9n present\u00f3 su \u00faltimo disco Canci\u00f3n sobre Canci\u00f3n en el cual interpreta composiciones de Fito P\u00e1ez.<\/p>\n","protected":false},"excerpt":{"rendered":"<p>La cantante se present\u00f3 ante una gran cantidad de p\u00fablico presente en el pat\u00edo de la comuna capitalina. <\/p>\n","protected":false},"author":2,"featured_media":40677,"comment_status":"open","ping_status":"open","sticky":false,"template":"","format":"standard","meta":{"om_disable_all_campaigns":false,"_monsterinsights_skip_tracking":false,"_monsterinsights_sitenote_active":false,"_monsterinsights_sitenote_note":"","_monsterinsights_sitenote_category":0,"_uf_show_specific_survey":0,"_uf_disable_surveys":false,"jetpack_post_was_ever_published":false,"_jetpack_newsletter_access":"","_jetpack_dont_email_post_to_subs":false,"_jetpack_newsletter_tier_id":0,"_jetpack_memberships_contains_paywalled_content":false,"_jetpack_memberships_contains_paid_content":false,"footnotes":"","jetpack_publicize_message":"","jetpack_publicize_feature_enabled":true,"jetpack_social_post_already_shared":false,"jetpack_social_options":{"image_generator_settings":{"template":"highway","default_image_id":0,"font":"","enabled":false},"version":2}},"categories":[20],"tags":[],"class_list":["post-40676","post","type-post","status-publish","format-standard","has-post-thumbnail","hentry","category-especysociales"],"aioseo_notices":[],"views":10,"jetpack_publicize_connections":[],"jetpack_featured_media_url":"https:\/\/i0.wp.com\/elterritorialweb.com.ar\/web\/wp-content\/uploads\/2022\/05\/liliana-herrero-muni.jpeg?fit=1124%2C750","jetpack_sharing_enabled":true,"_links":{"self":[{"href":"http:\/\/elterritorialweb.com.ar\/web\/wp-json\/wp\/v2\/posts\/40676","targetHints":{"allow":["GET"]}}],"collection":[{"href":"http:\/\/elterritorialweb.com.ar\/web\/wp-json\/wp\/v2\/posts"}],"about":[{"href":"http:\/\/elterritorialweb.com.ar\/web\/wp-json\/wp\/v2\/types\/post"}],"author":[{"embeddable":true,"href":"http:\/\/elterritorialweb.com.ar\/web\/wp-json\/wp\/v2\/users\/2"}],"replies":[{"embeddable":true,"href":"http:\/\/elterritorialweb.com.ar\/web\/wp-json\/wp\/v2\/comments?post=40676"}],"version-history":[{"count":1,"href":"http:\/\/elterritorialweb.com.ar\/web\/wp-json\/wp\/v2\/posts\/40676\/revisions"}],"predecessor-version":[{"id":40678,"href":"http:\/\/elterritorialweb.com.ar\/web\/wp-json\/wp\/v2\/posts\/40676\/revisions\/40678"}],"wp:featuredmedia":[{"embeddable":true,"href":"http:\/\/elterritorialweb.com.ar\/web\/wp-json\/wp\/v2\/media\/40677"}],"wp:attachment":[{"href":"http:\/\/elterritorialweb.com.ar\/web\/wp-json\/wp\/v2\/media?parent=40676"}],"wp:term":[{"taxonomy":"category","embeddable":true,"href":"http:\/\/elterritorialweb.com.ar\/web\/wp-json\/wp\/v2\/categories?post=40676"},{"taxonomy":"post_tag","embeddable":true,"href":"http:\/\/elterritorialweb.com.ar\/web\/wp-json\/wp\/v2\/tags?post=40676"}],"curies":[{"name":"wp","href":"https:\/\/api.w.org\/{rel}","templated":true}]}}