{"id":40679,"date":"2022-05-30T00:36:31","date_gmt":"2022-05-30T00:36:31","guid":{"rendered":"http:\/\/elterritorialweb.com.ar\/web\/?p=40679"},"modified":"2022-05-30T00:36:31","modified_gmt":"2022-05-30T00:36:31","slug":"coronavirus-en-santiago-se-confirmaron-28-casos-positivos-en-la-ultima-semana-en-la-provincia","status":"publish","type":"post","link":"http:\/\/elterritorialweb.com.ar\/web\/coronavirus-en-santiago-se-confirmaron-28-casos-positivos-en-la-ultima-semana-en-la-provincia\/","title":{"rendered":"CORONAVIRUS EN SANTIAGO: SE CONFIRMARON 28 CASOS POSITIVOS EN LA \u00daLTIMA SEMANA EN LA PROVINCIA"},"content":{"rendered":"\n<p>En los \u00faltimos siete d\u00edas, Santiago del Estero tuvo un total de 28 casos de coronavirus, seg\u00fan inform\u00f3 el Comit\u00e9 Operativo de Emergencia en el \u00faltimo informe epidemiol\u00f3gico. El promedio de casos diarios fue de cuatro y tanto las camas UTI-UCI y como leves y moderados, est\u00e1n sin ocupaci\u00f3n.<\/p>\n\n\n\n<p>El COE record\u00f3 que se encuentra en vigencia el pase sanitario en la provincia. Con el objetivo de generar condiciones seguras y cuidadas de acceso a diferentes actividades y eventos masivos tanto p\u00fablico como privados, en espacios abiertos y cerrados, se instrument\u00f3 el Pase Sanitario, que consiste en la acreditaci\u00f3n del esquema completo de vacunaci\u00f3n contra Covid-19.<\/p>\n\n\n\n<p>El horario de circulaci\u00f3n es sin restricciones y contin\u00faa siendo obligatorio el uso del barbijo en espacios cerrados, en el transporte de colectivos y radio taxis, como en cualquier lugar p\u00fablico abierto donde exista aglomeraci\u00f3n de personas, tales c\u00f3mo paradas de colectivos, colas en cajeros, etc . No siendo obligatorio &nbsp;en la v\u00eda p\u00fablica cuando alguien &nbsp;circule solo, &nbsp;o junto a personas de su grupo conviviente.<\/p>\n\n\n\n<p><strong>AISLAMIENTO<\/strong><br>&#8211; Personas con COVID-19 positivo y convivientes con esquema completo de vacunaci\u00f3n (7 d\u00edas), contacto estrecho no conviviente con esquema completo de vacunaci\u00f3n (5 d\u00edas),<br>&#8211; Personas con COVID-19 positivo, contacto estrecho conviviente\/no convivientes con esquema incompleto de vacunaci\u00f3n (10 d\u00edas)<\/p>\n\n\n\n<p><strong>POR \u00daLTIMO<\/strong>, el COE informa a toda la poblaci\u00f3n:<br>a) que se monitorean semanalmente los resultados de las muestras de hisopados, a &nbsp;los fines de realizar una vigilancia genomica del SARS-COV-2 &nbsp;para identificar las variantes que circulan en nuestra &nbsp;provincia.<br>b) es fundamental en este momento, que todos los santiague\u00f1os mayores de 18 a\u00f1os concurran a vacunarse con &nbsp;las 2\u00b0 &nbsp;y 3\u00b0 dosis seg\u00fan corresponda y los ni\u00f1os de 3 a 12 a\u00f1os, &nbsp;adolescentes y jovenes de 13 a 17 a\u00f1os las primeras o segundas dosis de las vacunas contra el Covid 19; existiendo VACUNATORIOS PERMANENTES en todas las localidades, adem\u00e1s de las convocatorias masivas a trav\u00e9s de calendarios que se vienen realizando.<\/p>\n\n\n\n<p><strong>Y QUE ANTE LA SUBA DE CASOS<\/strong>, los que han aumentado en las \u00faltimas semanas en todo el pa\u00eds, se solicita a &nbsp;todas las personas que est\u00e1n en condiciones de hacerlo, se apliquen las dosis de refuerzo; que se encuentran disponibles en los vacunatorios permanentes, para tener la suficiente inmunidad y as\u00ed evitar que se propaguen los contagios y las &nbsp;internaciones con s\u00edntomas graves.<\/p>\n","protected":false},"excerpt":{"rendered":"<p>As\u00ed lo inform\u00f3 el COE en el \u00faltimo informe epidemiol\u00f3gico.<\/p>\n","protected":false},"author":2,"featured_media":26538,"comment_status":"open","ping_status":"open","sticky":false,"template":"","format":"standard","meta":{"om_disable_all_campaigns":false,"_monsterinsights_skip_tracking":false,"_monsterinsights_sitenote_active":false,"_monsterinsights_sitenote_note":"","_monsterinsights_sitenote_category":0,"_uf_show_specific_survey":0,"_uf_disable_surveys":false,"jetpack_post_was_ever_published":false,"_jetpack_newsletter_access":"","_jetpack_dont_email_post_to_subs":false,"_jetpack_newsletter_tier_id":0,"_jetpack_memberships_contains_paywalled_content":false,"_jetpack_memberships_contains_paid_content":false,"footnotes":"","jetpack_publicize_message":"","jetpack_publicize_feature_enabled":true,"jetpack_social_post_already_shared":false,"jetpack_social_options":{"image_generator_settings":{"template":"highway","default_image_id":0,"font":"","enabled":false},"version":2}},"categories":[3],"tags":[],"class_list":["post-40679","post","type-post","status-publish","format-standard","has-post-thumbnail","hentry","category-salud"],"aioseo_notices":[],"views":11,"jetpack_publicize_connections":[],"jetpack_featured_media_url":"https:\/\/i0.wp.com\/elterritorialweb.com.ar\/web\/wp-content\/uploads\/2021\/08\/reporte-diario-24-de-agosto.jpg?fit=1200%2C628","jetpack_sharing_enabled":true,"_links":{"self":[{"href":"http:\/\/elterritorialweb.com.ar\/web\/wp-json\/wp\/v2\/posts\/40679","targetHints":{"allow":["GET"]}}],"collection":[{"href":"http:\/\/elterritorialweb.com.ar\/web\/wp-json\/wp\/v2\/posts"}],"about":[{"href":"http:\/\/elterritorialweb.com.ar\/web\/wp-json\/wp\/v2\/types\/post"}],"author":[{"embeddable":true,"href":"http:\/\/elterritorialweb.com.ar\/web\/wp-json\/wp\/v2\/users\/2"}],"replies":[{"embeddable":true,"href":"http:\/\/elterritorialweb.com.ar\/web\/wp-json\/wp\/v2\/comments?post=40679"}],"version-history":[{"count":1,"href":"http:\/\/elterritorialweb.com.ar\/web\/wp-json\/wp\/v2\/posts\/40679\/revisions"}],"predecessor-version":[{"id":40680,"href":"http:\/\/elterritorialweb.com.ar\/web\/wp-json\/wp\/v2\/posts\/40679\/revisions\/40680"}],"wp:featuredmedia":[{"embeddable":true,"href":"http:\/\/elterritorialweb.com.ar\/web\/wp-json\/wp\/v2\/media\/26538"}],"wp:attachment":[{"href":"http:\/\/elterritorialweb.com.ar\/web\/wp-json\/wp\/v2\/media?parent=40679"}],"wp:term":[{"taxonomy":"category","embeddable":true,"href":"http:\/\/elterritorialweb.com.ar\/web\/wp-json\/wp\/v2\/categories?post=40679"},{"taxonomy":"post_tag","embeddable":true,"href":"http:\/\/elterritorialweb.com.ar\/web\/wp-json\/wp\/v2\/tags?post=40679"}],"curies":[{"name":"wp","href":"https:\/\/api.w.org\/{rel}","templated":true}]}}