{"id":40688,"date":"2022-05-30T19:26:49","date_gmt":"2022-05-30T19:26:49","guid":{"rendered":"http:\/\/elterritorialweb.com.ar\/web\/?p=40688"},"modified":"2022-05-30T19:30:32","modified_gmt":"2022-05-30T19:30:32","slug":"llegan-a-santiago-dos-locas-de-remate","status":"publish","type":"post","link":"http:\/\/elterritorialweb.com.ar\/web\/llegan-a-santiago-dos-locas-de-remate\/","title":{"rendered":"LLEGA A SANTIAGO, EL \u00c9XITO TEATRAL \u00abDOS LOCAS DE REMATE\u00bb"},"content":{"rendered":"\n<p><br>Soledad Silveyra y Ver\u00f3nica Llinas juntas para hacer re\u00edr durante 80 minutos. \u00abLa familia sirve para los buenos momentos, para los regulares, para los malos, y para hacer todo aquello que nunca le har\u00edas a un desconocido, por miedo a las consecuencias\u00bb. Esta lac\u00f3nica sentencia es la que sostiene la filosof\u00eda de \u00abDos Locas de Remate\u00bb.<\/p>\n\n\n\n<figure class=\"wp-block-image size-large\"><a href=\"https:\/\/i0.wp.com\/elterritorialweb.com.ar\/web\/wp-content\/uploads\/2022\/05\/la-comedia-dos-locas-de-remate-1.jpg\"><img data-recalc-dims=\"1\" decoding=\"async\" width=\"640\" height=\"336\" data-src=\"https:\/\/i0.wp.com\/elterritorialweb.com.ar\/web\/wp-content\/uploads\/2022\/05\/la-comedia-dos-locas-de-remate-1.jpg?resize=640%2C336\" alt=\"\" class=\"wp-image-40690 lazyload\" data-srcset=\"https:\/\/i0.wp.com\/elterritorialweb.com.ar\/web\/wp-content\/uploads\/2022\/05\/la-comedia-dos-locas-de-remate-1.jpg?resize=1024%2C538 1024w, https:\/\/i0.wp.com\/elterritorialweb.com.ar\/web\/wp-content\/uploads\/2022\/05\/la-comedia-dos-locas-de-remate-1.jpg?resize=300%2C158 300w, https:\/\/i0.wp.com\/elterritorialweb.com.ar\/web\/wp-content\/uploads\/2022\/05\/la-comedia-dos-locas-de-remate-1.jpg?resize=768%2C403 768w, https:\/\/i0.wp.com\/elterritorialweb.com.ar\/web\/wp-content\/uploads\/2022\/05\/la-comedia-dos-locas-de-remate-1.jpg?w=1200 1200w\" data-sizes=\"(max-width: 640px) 100vw, 640px\" src=\"data:image\/svg+xml;base64,PHN2ZyB3aWR0aD0iMSIgaGVpZ2h0PSIxIiB4bWxucz0iaHR0cDovL3d3dy53My5vcmcvMjAwMC9zdmciPjwvc3ZnPg==\" style=\"--smush-placeholder-width: 640px; --smush-placeholder-aspect-ratio: 640\/336;\" \/><\/a><\/figure>\n\n\n\n<p>La historia narra el reencuentro de dos hermanas que se vuelven a ver las caras despu\u00e9s de 20 a\u00f1os en un duelo divertido y desopilante, donde tendr\u00e1n que superar su pasado para poder tener un futuro, dando lugar a una disparatada tragicomedia que muestra el trasfondo social de las complejas relaciones familiares.<\/p>\n\n\n\n<p>Entradas en venta en boleteria del teatro y Norteticket.com<\/p>\n\n\n\n<figure class=\"wp-block-image size-large\"><a href=\"https:\/\/i0.wp.com\/elterritorialweb.com.ar\/web\/wp-content\/uploads\/2022\/05\/la-comedia-dos-locas-de-remate.jpeg\"><img data-recalc-dims=\"1\" decoding=\"async\" width=\"640\" height=\"427\" data-src=\"https:\/\/i0.wp.com\/elterritorialweb.com.ar\/web\/wp-content\/uploads\/2022\/05\/la-comedia-dos-locas-de-remate.jpeg?resize=640%2C427\" alt=\"\" class=\"wp-image-40691 lazyload\" data-srcset=\"https:\/\/i0.wp.com\/elterritorialweb.com.ar\/web\/wp-content\/uploads\/2022\/05\/la-comedia-dos-locas-de-remate.jpeg?resize=1024%2C683 1024w, https:\/\/i0.wp.com\/elterritorialweb.com.ar\/web\/wp-content\/uploads\/2022\/05\/la-comedia-dos-locas-de-remate.jpeg?resize=300%2C200 300w, https:\/\/i0.wp.com\/elterritorialweb.com.ar\/web\/wp-content\/uploads\/2022\/05\/la-comedia-dos-locas-de-remate.jpeg?resize=768%2C512 768w, https:\/\/i0.wp.com\/elterritorialweb.com.ar\/web\/wp-content\/uploads\/2022\/05\/la-comedia-dos-locas-de-remate.jpeg?resize=1536%2C1024 1536w, https:\/\/i0.wp.com\/elterritorialweb.com.ar\/web\/wp-content\/uploads\/2022\/05\/la-comedia-dos-locas-de-remate.jpeg?w=1600 1600w, https:\/\/i0.wp.com\/elterritorialweb.com.ar\/web\/wp-content\/uploads\/2022\/05\/la-comedia-dos-locas-de-remate.jpeg?w=1280 1280w\" data-sizes=\"(max-width: 640px) 100vw, 640px\" src=\"data:image\/svg+xml;base64,PHN2ZyB3aWR0aD0iMSIgaGVpZ2h0PSIxIiB4bWxucz0iaHR0cDovL3d3dy53My5vcmcvMjAwMC9zdmciPjwvc3ZnPg==\" style=\"--smush-placeholder-width: 640px; --smush-placeholder-aspect-ratio: 640\/427;\" \/><\/a><\/figure>\n","protected":false},"excerpt":{"rendered":"<p>Se presentar\u00e1n el jueves 28 de julio a las 22 hs.,en el Teatro 25 de Mayo.<\/p>\n","protected":false},"author":2,"featured_media":40689,"comment_status":"open","ping_status":"open","sticky":false,"template":"","format":"standard","meta":{"om_disable_all_campaigns":false,"_monsterinsights_skip_tracking":false,"_monsterinsights_sitenote_active":false,"_monsterinsights_sitenote_note":"","_monsterinsights_sitenote_category":0,"_uf_show_specific_survey":0,"_uf_disable_surveys":false,"jetpack_post_was_ever_published":false,"_jetpack_newsletter_access":"","_jetpack_dont_email_post_to_subs":false,"_jetpack_newsletter_tier_id":0,"_jetpack_memberships_contains_paywalled_content":false,"_jetpack_memberships_contains_paid_content":false,"footnotes":"","jetpack_publicize_message":"","jetpack_publicize_feature_enabled":true,"jetpack_social_post_already_shared":false,"jetpack_social_options":{"image_generator_settings":{"template":"highway","default_image_id":0,"font":"","enabled":false},"version":2}},"categories":[20],"tags":[],"class_list":["post-40688","post","type-post","status-publish","format-standard","has-post-thumbnail","hentry","category-especysociales"],"aioseo_notices":[],"views":13,"jetpack_publicize_connections":[],"jetpack_featured_media_url":"https:\/\/i0.wp.com\/elterritorialweb.com.ar\/web\/wp-content\/uploads\/2022\/05\/la-comedia-dos-locas-de-remate.jpg?fit=950%2C534","jetpack_sharing_enabled":true,"_links":{"self":[{"href":"http:\/\/elterritorialweb.com.ar\/web\/wp-json\/wp\/v2\/posts\/40688","targetHints":{"allow":["GET"]}}],"collection":[{"href":"http:\/\/elterritorialweb.com.ar\/web\/wp-json\/wp\/v2\/posts"}],"about":[{"href":"http:\/\/elterritorialweb.com.ar\/web\/wp-json\/wp\/v2\/types\/post"}],"author":[{"embeddable":true,"href":"http:\/\/elterritorialweb.com.ar\/web\/wp-json\/wp\/v2\/users\/2"}],"replies":[{"embeddable":true,"href":"http:\/\/elterritorialweb.com.ar\/web\/wp-json\/wp\/v2\/comments?post=40688"}],"version-history":[{"count":2,"href":"http:\/\/elterritorialweb.com.ar\/web\/wp-json\/wp\/v2\/posts\/40688\/revisions"}],"predecessor-version":[{"id":40694,"href":"http:\/\/elterritorialweb.com.ar\/web\/wp-json\/wp\/v2\/posts\/40688\/revisions\/40694"}],"wp:featuredmedia":[{"embeddable":true,"href":"http:\/\/elterritorialweb.com.ar\/web\/wp-json\/wp\/v2\/media\/40689"}],"wp:attachment":[{"href":"http:\/\/elterritorialweb.com.ar\/web\/wp-json\/wp\/v2\/media?parent=40688"}],"wp:term":[{"taxonomy":"category","embeddable":true,"href":"http:\/\/elterritorialweb.com.ar\/web\/wp-json\/wp\/v2\/categories?post=40688"},{"taxonomy":"post_tag","embeddable":true,"href":"http:\/\/elterritorialweb.com.ar\/web\/wp-json\/wp\/v2\/tags?post=40688"}],"curies":[{"name":"wp","href":"https:\/\/api.w.org\/{rel}","templated":true}]}}