{"id":40695,"date":"2022-05-30T19:42:17","date_gmt":"2022-05-30T19:42:17","guid":{"rendered":"http:\/\/elterritorialweb.com.ar\/web\/?p=40695"},"modified":"2022-05-30T19:42:17","modified_gmt":"2022-05-30T19:42:17","slug":"el-senor-de-los-milagros-de-mailin-volvio-a-recibir-a-miles-de-fieles","status":"publish","type":"post","link":"http:\/\/elterritorialweb.com.ar\/web\/el-senor-de-los-milagros-de-mailin-volvio-a-recibir-a-miles-de-fieles\/","title":{"rendered":"EL SE\u00d1OR DE LOS MILAGROS DE MAIL\u00cdN VOLVI\u00d3 A RECIBIR A MILES DE FIELES"},"content":{"rendered":"\n<p>La misa central, comenz\u00f3 luego de la bajada de la Cruz Milagrosa desde el camar\u00edn ubicado en el templete hasta el altar mayor ubicado en la plaza principal.<\/p>\n\n\n\n<figure class=\"wp-block-image size-large\"><a href=\"https:\/\/i0.wp.com\/elterritorialweb.com.ar\/web\/wp-content\/uploads\/2022\/05\/MAILIN-4.jpg\"><img data-recalc-dims=\"1\" decoding=\"async\" width=\"640\" height=\"426\" data-src=\"https:\/\/i0.wp.com\/elterritorialweb.com.ar\/web\/wp-content\/uploads\/2022\/05\/MAILIN-4.jpg?resize=640%2C426\" alt=\"\" class=\"wp-image-40696 lazyload\" data-srcset=\"https:\/\/i0.wp.com\/elterritorialweb.com.ar\/web\/wp-content\/uploads\/2022\/05\/MAILIN-4.jpg?resize=1024%2C682 1024w, https:\/\/i0.wp.com\/elterritorialweb.com.ar\/web\/wp-content\/uploads\/2022\/05\/MAILIN-4.jpg?resize=300%2C200 300w, https:\/\/i0.wp.com\/elterritorialweb.com.ar\/web\/wp-content\/uploads\/2022\/05\/MAILIN-4.jpg?resize=768%2C512 768w, https:\/\/i0.wp.com\/elterritorialweb.com.ar\/web\/wp-content\/uploads\/2022\/05\/MAILIN-4.jpg?w=1280 1280w\" data-sizes=\"(max-width: 640px) 100vw, 640px\" src=\"data:image\/svg+xml;base64,PHN2ZyB3aWR0aD0iMSIgaGVpZ2h0PSIxIiB4bWxucz0iaHR0cDovL3d3dy53My5vcmcvMjAwMC9zdmciPjwvc3ZnPg==\" style=\"--smush-placeholder-width: 640px; --smush-placeholder-aspect-ratio: 640\/426;\" \/><\/a><\/figure>\n\n\n\n<p>El vicegobernador <strong>Carlos Silva Neder<\/strong> particip\u00f3 de la misa central en honor a El Se\u00f1or de los Milagros, en representaci\u00f3n del gobernador de la provincia, <strong>Gerardo Zamora <\/strong>.<\/p>\n\n\n\n<figure class=\"wp-block-image size-full\"><a href=\"https:\/\/i0.wp.com\/elterritorialweb.com.ar\/web\/wp-content\/uploads\/2022\/05\/MAILIN-3.jpg\"><img data-recalc-dims=\"1\" decoding=\"async\" width=\"640\" height=\"422\" data-src=\"https:\/\/i0.wp.com\/elterritorialweb.com.ar\/web\/wp-content\/uploads\/2022\/05\/MAILIN-3.jpg?resize=640%2C422\" alt=\"\" class=\"wp-image-40698 lazyload\" data-srcset=\"https:\/\/i0.wp.com\/elterritorialweb.com.ar\/web\/wp-content\/uploads\/2022\/05\/MAILIN-3.jpg?w=828 828w, https:\/\/i0.wp.com\/elterritorialweb.com.ar\/web\/wp-content\/uploads\/2022\/05\/MAILIN-3.jpg?resize=300%2C198 300w, https:\/\/i0.wp.com\/elterritorialweb.com.ar\/web\/wp-content\/uploads\/2022\/05\/MAILIN-3.jpg?resize=768%2C506 768w\" data-sizes=\"(max-width: 640px) 100vw, 640px\" src=\"data:image\/svg+xml;base64,PHN2ZyB3aWR0aD0iMSIgaGVpZ2h0PSIxIiB4bWxucz0iaHR0cDovL3d3dy53My5vcmcvMjAwMC9zdmciPjwvc3ZnPg==\" style=\"--smush-placeholder-width: 640px; --smush-placeholder-aspect-ratio: 640\/422;\" \/><\/a><\/figure>\n\n\n\n<p>La ceremonia fue oficiada por el obispo de la Di\u00f3cesis de Santiago del Estero, monse\u00f1or Vicente Bokalic quien, en su homil\u00eda, expres\u00f3 un mensaje de esperanza y resiliencia ante las adversidades vividas los a\u00f1os precedentes, invitando a reforzar la fe.Al finalizar la misa, sali\u00f3 la tradicional procesi\u00f3n por la plaza principal del pueblo, tras la cual, se deposit\u00f3 la cruz nuevamente en su camar\u00edn del Santuario.<\/p>\n\n\n\n<figure class=\"wp-block-image size-full\"><a href=\"https:\/\/i0.wp.com\/elterritorialweb.com.ar\/web\/wp-content\/uploads\/2022\/05\/MAILIN-5.jpg\"><img data-recalc-dims=\"1\" decoding=\"async\" width=\"640\" height=\"345\" data-src=\"https:\/\/i0.wp.com\/elterritorialweb.com.ar\/web\/wp-content\/uploads\/2022\/05\/MAILIN-5.jpg?resize=640%2C345\" alt=\"\" class=\"wp-image-40699 lazyload\" data-srcset=\"https:\/\/i0.wp.com\/elterritorialweb.com.ar\/web\/wp-content\/uploads\/2022\/05\/MAILIN-5.jpg?w=828 828w, https:\/\/i0.wp.com\/elterritorialweb.com.ar\/web\/wp-content\/uploads\/2022\/05\/MAILIN-5.jpg?resize=300%2C162 300w, https:\/\/i0.wp.com\/elterritorialweb.com.ar\/web\/wp-content\/uploads\/2022\/05\/MAILIN-5.jpg?resize=768%2C414 768w\" data-sizes=\"(max-width: 640px) 100vw, 640px\" src=\"data:image\/svg+xml;base64,PHN2ZyB3aWR0aD0iMSIgaGVpZ2h0PSIxIiB4bWxucz0iaHR0cDovL3d3dy53My5vcmcvMjAwMC9zdmciPjwvc3ZnPg==\" style=\"--smush-placeholder-width: 640px; --smush-placeholder-aspect-ratio: 640\/345;\" \/><\/a><\/figure>\n\n\n\n<p>De la celebraci\u00f3n central de esta festividad, tambi\u00e9n participaron: El ministro de Gobierno, Dr. Marcelo Barbur; comisario general Roger Alberto Coronel, el Obispo Auxiliar Ossola, entre otras autoridades.<\/p>\n","protected":false},"excerpt":{"rendered":"<p>Luego de 2 a\u00f1os sin poder asistir de manera presencial a la celebraci\u00f3n, miles de fieles llegaron a Villa Mail\u00edn desde diversos puntos del pa\u00eds.<\/p>\n","protected":false},"author":2,"featured_media":40697,"comment_status":"open","ping_status":"open","sticky":false,"template":"","format":"standard","meta":{"om_disable_all_campaigns":false,"_monsterinsights_skip_tracking":false,"_monsterinsights_sitenote_active":false,"_monsterinsights_sitenote_note":"","_monsterinsights_sitenote_category":0,"_uf_show_specific_survey":0,"_uf_disable_surveys":false,"jetpack_post_was_ever_published":false,"_jetpack_newsletter_access":"","_jetpack_dont_email_post_to_subs":false,"_jetpack_newsletter_tier_id":0,"_jetpack_memberships_contains_paywalled_content":false,"_jetpack_memberships_contains_paid_content":false,"footnotes":"","jetpack_publicize_message":"","jetpack_publicize_feature_enabled":true,"jetpack_social_post_already_shared":false,"jetpack_social_options":{"image_generator_settings":{"template":"highway","default_image_id":0,"font":"","enabled":false},"version":2}},"categories":[21],"tags":[],"class_list":["post-40695","post","type-post","status-publish","format-standard","has-post-thumbnail","hentry","category-locales"],"aioseo_notices":[],"views":12,"jetpack_publicize_connections":[],"jetpack_featured_media_url":"https:\/\/i0.wp.com\/elterritorialweb.com.ar\/web\/wp-content\/uploads\/2022\/05\/MAILIN-2.jpg?fit=828%2C543","jetpack_sharing_enabled":true,"_links":{"self":[{"href":"http:\/\/elterritorialweb.com.ar\/web\/wp-json\/wp\/v2\/posts\/40695","targetHints":{"allow":["GET"]}}],"collection":[{"href":"http:\/\/elterritorialweb.com.ar\/web\/wp-json\/wp\/v2\/posts"}],"about":[{"href":"http:\/\/elterritorialweb.com.ar\/web\/wp-json\/wp\/v2\/types\/post"}],"author":[{"embeddable":true,"href":"http:\/\/elterritorialweb.com.ar\/web\/wp-json\/wp\/v2\/users\/2"}],"replies":[{"embeddable":true,"href":"http:\/\/elterritorialweb.com.ar\/web\/wp-json\/wp\/v2\/comments?post=40695"}],"version-history":[{"count":1,"href":"http:\/\/elterritorialweb.com.ar\/web\/wp-json\/wp\/v2\/posts\/40695\/revisions"}],"predecessor-version":[{"id":40700,"href":"http:\/\/elterritorialweb.com.ar\/web\/wp-json\/wp\/v2\/posts\/40695\/revisions\/40700"}],"wp:featuredmedia":[{"embeddable":true,"href":"http:\/\/elterritorialweb.com.ar\/web\/wp-json\/wp\/v2\/media\/40697"}],"wp:attachment":[{"href":"http:\/\/elterritorialweb.com.ar\/web\/wp-json\/wp\/v2\/media?parent=40695"}],"wp:term":[{"taxonomy":"category","embeddable":true,"href":"http:\/\/elterritorialweb.com.ar\/web\/wp-json\/wp\/v2\/categories?post=40695"},{"taxonomy":"post_tag","embeddable":true,"href":"http:\/\/elterritorialweb.com.ar\/web\/wp-json\/wp\/v2\/tags?post=40695"}],"curies":[{"name":"wp","href":"https:\/\/api.w.org\/{rel}","templated":true}]}}