{"id":40705,"date":"2022-05-30T20:16:56","date_gmt":"2022-05-30T20:16:56","guid":{"rendered":"http:\/\/elterritorialweb.com.ar\/web\/?p=40705"},"modified":"2022-05-30T20:16:57","modified_gmt":"2022-05-30T20:16:57","slug":"nediani-concreto-el-ii-simulacro-de-sesion-ordinaria-del-honorable-consejo-deliberante-de-la-ciudad-de-la-banda","status":"publish","type":"post","link":"http:\/\/elterritorialweb.com.ar\/web\/nediani-concreto-el-ii-simulacro-de-sesion-ordinaria-del-honorable-consejo-deliberante-de-la-ciudad-de-la-banda\/","title":{"rendered":"NEDIANI CONCRET\u00d3 EL \u00abII SIMULACRO DE SESI\u00d3N ORDINARIA DEL HONORABLE CONSEJO DELIBERANTE DE LA CIUDAD DE LA BANDA\u00bb"},"content":{"rendered":"\n<p>El intendente Roger Nediani junto al presidente del deliberante Doctor Dagoberto Osvaldo D\u00edaz, Decana de la Facultad de ciencias Pol\u00edticas Sociales y Jur\u00eddicas Abogada Liliana del Valle Abdala, Director de la licenciatura de Ciencias pol\u00edticas y de la Licenciatura en relaciones internacionales Licenciado Jorge Sabasta y la concejal Ana Corradi.<br>Al respecto Nediani dijo: \u201cPrincipalmente esta iniciada comenz\u00f3 por fines del 2018 por medio de la iniciativa de la concejal Ana Corradi. Hoy concretamos por medio de este protocolo la idea principal de abrirnos como concejo as\u00ed poder crear ciudadan\u00eda y estar dispuesto a trabajar con otras instituciones.\u201d<br>Por su parte Corradi destac\u00f3: \u201cPara nosotros es una nueva instancia que ha surgido detr\u00e1s de un proyecto aprobado por medio de este concejo deliberante y que oportunamente buscaba como finalidad capacitar a los alumnos de curso superiores\u201d.<\/p>\n\n\n\n<figure class=\"wp-block-image size-large\"><a href=\"https:\/\/i0.wp.com\/elterritorialweb.com.ar\/web\/wp-content\/uploads\/2022\/05\/NEDIANI-CONSEJO-DELIBERANTE-1.jpeg\"><img data-recalc-dims=\"1\" decoding=\"async\" width=\"640\" height=\"431\" data-src=\"https:\/\/i0.wp.com\/elterritorialweb.com.ar\/web\/wp-content\/uploads\/2022\/05\/NEDIANI-CONSEJO-DELIBERANTE-1.jpeg?resize=640%2C431\" alt=\"\" class=\"wp-image-40707 lazyload\" data-srcset=\"https:\/\/i0.wp.com\/elterritorialweb.com.ar\/web\/wp-content\/uploads\/2022\/05\/NEDIANI-CONSEJO-DELIBERANTE-1.jpeg?resize=1024%2C690 1024w, https:\/\/i0.wp.com\/elterritorialweb.com.ar\/web\/wp-content\/uploads\/2022\/05\/NEDIANI-CONSEJO-DELIBERANTE-1.jpeg?resize=300%2C202 300w, https:\/\/i0.wp.com\/elterritorialweb.com.ar\/web\/wp-content\/uploads\/2022\/05\/NEDIANI-CONSEJO-DELIBERANTE-1.jpeg?resize=768%2C518 768w, https:\/\/i0.wp.com\/elterritorialweb.com.ar\/web\/wp-content\/uploads\/2022\/05\/NEDIANI-CONSEJO-DELIBERANTE-1.jpeg?w=1280 1280w\" data-sizes=\"(max-width: 640px) 100vw, 640px\" src=\"data:image\/svg+xml;base64,PHN2ZyB3aWR0aD0iMSIgaGVpZ2h0PSIxIiB4bWxucz0iaHR0cDovL3d3dy53My5vcmcvMjAwMC9zdmciPjwvc3ZnPg==\" style=\"--smush-placeholder-width: 640px; --smush-placeholder-aspect-ratio: 640\/431;\" \/><\/a><\/figure>\n\n\n\n<p>Para terminar la decana de la facultad agrego \u201ceste es un proceso enriquecedor para ambas partes que requieren nuestros alumnos para poder transferir todos sus conocimientos te\u00f3ricos que van adquiriendo en el desarrollo de sus planes de estudio.\u201d<\/p>\n","protected":false},"excerpt":{"rendered":"<p>Durante la ma\u00f1ana del lunes se llev\u00f3 a cabo la firma del protocolo espec\u00edfico para la realizaci\u00f3n del II Simulacro de Sesi\u00f3n ordinaria del Honorable Concejo Deliberante de la cuidad de La Banda junto con la Universidad Cat\u00f3lica de Santiago del Estero.<\/p>\n","protected":false},"author":2,"featured_media":40706,"comment_status":"open","ping_status":"open","sticky":false,"template":"","format":"standard","meta":{"om_disable_all_campaigns":false,"_monsterinsights_skip_tracking":false,"_monsterinsights_sitenote_active":false,"_monsterinsights_sitenote_note":"","_monsterinsights_sitenote_category":0,"_uf_show_specific_survey":0,"_uf_disable_surveys":false,"jetpack_post_was_ever_published":false,"_jetpack_newsletter_access":"","_jetpack_dont_email_post_to_subs":false,"_jetpack_newsletter_tier_id":0,"_jetpack_memberships_contains_paywalled_content":false,"_jetpack_memberships_contains_paid_content":false,"footnotes":"","jetpack_publicize_message":"","jetpack_publicize_feature_enabled":true,"jetpack_social_post_already_shared":false,"jetpack_social_options":{"image_generator_settings":{"template":"highway","default_image_id":0,"font":"","enabled":false},"version":2}},"categories":[21],"tags":[],"class_list":["post-40705","post","type-post","status-publish","format-standard","has-post-thumbnail","hentry","category-locales"],"aioseo_notices":[],"views":11,"jetpack_publicize_connections":[],"jetpack_featured_media_url":"https:\/\/i0.wp.com\/elterritorialweb.com.ar\/web\/wp-content\/uploads\/2022\/05\/NEDIANI-CONSEJO-DELIBERANTE.jpeg?fit=1280%2C854","jetpack_sharing_enabled":true,"_links":{"self":[{"href":"http:\/\/elterritorialweb.com.ar\/web\/wp-json\/wp\/v2\/posts\/40705","targetHints":{"allow":["GET"]}}],"collection":[{"href":"http:\/\/elterritorialweb.com.ar\/web\/wp-json\/wp\/v2\/posts"}],"about":[{"href":"http:\/\/elterritorialweb.com.ar\/web\/wp-json\/wp\/v2\/types\/post"}],"author":[{"embeddable":true,"href":"http:\/\/elterritorialweb.com.ar\/web\/wp-json\/wp\/v2\/users\/2"}],"replies":[{"embeddable":true,"href":"http:\/\/elterritorialweb.com.ar\/web\/wp-json\/wp\/v2\/comments?post=40705"}],"version-history":[{"count":1,"href":"http:\/\/elterritorialweb.com.ar\/web\/wp-json\/wp\/v2\/posts\/40705\/revisions"}],"predecessor-version":[{"id":40708,"href":"http:\/\/elterritorialweb.com.ar\/web\/wp-json\/wp\/v2\/posts\/40705\/revisions\/40708"}],"wp:featuredmedia":[{"embeddable":true,"href":"http:\/\/elterritorialweb.com.ar\/web\/wp-json\/wp\/v2\/media\/40706"}],"wp:attachment":[{"href":"http:\/\/elterritorialweb.com.ar\/web\/wp-json\/wp\/v2\/media?parent=40705"}],"wp:term":[{"taxonomy":"category","embeddable":true,"href":"http:\/\/elterritorialweb.com.ar\/web\/wp-json\/wp\/v2\/categories?post=40705"},{"taxonomy":"post_tag","embeddable":true,"href":"http:\/\/elterritorialweb.com.ar\/web\/wp-json\/wp\/v2\/tags?post=40705"}],"curies":[{"name":"wp","href":"https:\/\/api.w.org\/{rel}","templated":true}]}}