{"id":40711,"date":"2022-05-31T17:55:23","date_gmt":"2022-05-31T17:55:23","guid":{"rendered":"http:\/\/elterritorialweb.com.ar\/web\/?p=40711"},"modified":"2022-05-31T17:55:24","modified_gmt":"2022-05-31T17:55:24","slug":"fuentes-recorrio-la-continuidad-de-la-pavimentacion-en-el-barrio-vinalar","status":"publish","type":"post","link":"http:\/\/elterritorialweb.com.ar\/web\/fuentes-recorrio-la-continuidad-de-la-pavimentacion-en-el-barrio-vinalar\/","title":{"rendered":"FUENTES RECORRI\u00d3 LA CONTINUIDAD DE LA PAVIMENTACI\u00d3N EN EL BARRIO VINALAR"},"content":{"rendered":"\n<p>En esta oportunidad, tambi\u00e9n estuvieron presentes el secretario de Planeamiento, Obras y Servicios P\u00fablicos, Jorge Vila; el subsecretario de Obras P\u00fablicas, Luis Santill\u00e1n; la directora de Estudios y Proyectos, Rosa Allalla y el director de Electricidad, Marcelo Aguilar; entre otros funcionarios.<\/p>\n\n\n\n<p>La jefa comunal visit\u00f3 la calle Manogasta, entre Tom\u00e1s Lucio y San Jos\u00e9 de Calazans, donde convers\u00f3 con vecinos de la zona, quienes le expresaron su satisfacci\u00f3n por las tareas llevadas adelante por el municipio, que resultan fundamentales para seguir mejorando las condiciones de circulaci\u00f3n y acceso del barrio.<\/p>\n\n\n\n<p>\u201cContando este tramo, llevamos m\u00e1s de 50 cuadras asfaltadas en este sector, dando continuidad al Plan Urbano Ambiental que busca alcanzar una ciudad m\u00e1s verde y sustentable, complementando la pavimentaci\u00f3n con tareas de reforestaci\u00f3n y mejoras en los servicios de alumbrado p\u00fablico y limpieza\u00bb, indic\u00f3 la Ing. Fuentes.<\/p>\n\n\n\n<p>\u201cAdem\u00e1s, de forma simult\u00e1nea, se est\u00e1 haciendo lo propio en otros barrios, como La Cat\u00f3lica, Mariano Moreno e Islas Malvinas, previendo avanzar posteriormente en el Almirante Brown y el 8 de abril; en todos los casos mejorando las pendientes para optimizar el escurrimiento de las aguas de lluvia\u201d, a\u00f1adi\u00f3.<\/p>\n\n\n\n<p>Asimismo, la intendente Fuentes remarc\u00f3 que \u201cllevamos asfaltadas m\u00e1s de 200 cuadras en todos los barrios de la ciudad, que se suman a las m\u00e1s de 100 que realizaremos pr\u00f3ximamente, las que se encuentran en proceso de licitaci\u00f3n\u00bb.<\/p>\n","protected":false},"excerpt":{"rendered":"<p>La intendente de la Capital, Ing. Norma Fuentes, acompa\u00f1ada por el presidente del Concejo Deliberante, Humberto Santill\u00e1n, supervis\u00f3 la obra de pavimentaci\u00f3n que se ejecuta en el barrio Vinalar, donde recibi\u00f3 un informe sobre el avance de los trabajos que incluyen nuevo pavimento de hormig\u00f3n con cordones integrales.<\/p>\n","protected":false},"author":2,"featured_media":40712,"comment_status":"open","ping_status":"open","sticky":false,"template":"","format":"standard","meta":{"om_disable_all_campaigns":false,"_monsterinsights_skip_tracking":false,"_monsterinsights_sitenote_active":false,"_monsterinsights_sitenote_note":"","_monsterinsights_sitenote_category":0,"_uf_show_specific_survey":0,"_uf_disable_surveys":false,"jetpack_post_was_ever_published":false,"_jetpack_newsletter_access":"","_jetpack_dont_email_post_to_subs":false,"_jetpack_newsletter_tier_id":0,"_jetpack_memberships_contains_paywalled_content":false,"_jetpack_memberships_contains_paid_content":false,"footnotes":"","jetpack_publicize_message":"","jetpack_publicize_feature_enabled":true,"jetpack_social_post_already_shared":false,"jetpack_social_options":{"image_generator_settings":{"template":"highway","default_image_id":0,"font":"","enabled":false},"version":2}},"categories":[21],"tags":[],"class_list":["post-40711","post","type-post","status-publish","format-standard","has-post-thumbnail","hentry","category-locales"],"aioseo_notices":[],"views":8,"jetpack_publicize_connections":[],"jetpack_featured_media_url":"https:\/\/i0.wp.com\/elterritorialweb.com.ar\/web\/wp-content\/uploads\/2022\/05\/fuentes-pavimento-vinalar-2.jpeg?fit=1124%2C750","jetpack_sharing_enabled":true,"_links":{"self":[{"href":"http:\/\/elterritorialweb.com.ar\/web\/wp-json\/wp\/v2\/posts\/40711","targetHints":{"allow":["GET"]}}],"collection":[{"href":"http:\/\/elterritorialweb.com.ar\/web\/wp-json\/wp\/v2\/posts"}],"about":[{"href":"http:\/\/elterritorialweb.com.ar\/web\/wp-json\/wp\/v2\/types\/post"}],"author":[{"embeddable":true,"href":"http:\/\/elterritorialweb.com.ar\/web\/wp-json\/wp\/v2\/users\/2"}],"replies":[{"embeddable":true,"href":"http:\/\/elterritorialweb.com.ar\/web\/wp-json\/wp\/v2\/comments?post=40711"}],"version-history":[{"count":1,"href":"http:\/\/elterritorialweb.com.ar\/web\/wp-json\/wp\/v2\/posts\/40711\/revisions"}],"predecessor-version":[{"id":40713,"href":"http:\/\/elterritorialweb.com.ar\/web\/wp-json\/wp\/v2\/posts\/40711\/revisions\/40713"}],"wp:featuredmedia":[{"embeddable":true,"href":"http:\/\/elterritorialweb.com.ar\/web\/wp-json\/wp\/v2\/media\/40712"}],"wp:attachment":[{"href":"http:\/\/elterritorialweb.com.ar\/web\/wp-json\/wp\/v2\/media?parent=40711"}],"wp:term":[{"taxonomy":"category","embeddable":true,"href":"http:\/\/elterritorialweb.com.ar\/web\/wp-json\/wp\/v2\/categories?post=40711"},{"taxonomy":"post_tag","embeddable":true,"href":"http:\/\/elterritorialweb.com.ar\/web\/wp-json\/wp\/v2\/tags?post=40711"}],"curies":[{"name":"wp","href":"https:\/\/api.w.org\/{rel}","templated":true}]}}