{"id":40725,"date":"2022-05-31T19:57:46","date_gmt":"2022-05-31T19:57:46","guid":{"rendered":"http:\/\/elterritorialweb.com.ar\/web\/?p=40725"},"modified":"2022-05-31T19:57:47","modified_gmt":"2022-05-31T19:57:47","slug":"agronomia-anuncia-la-tercera-jornada-de-la-region-albigasta","status":"publish","type":"post","link":"http:\/\/elterritorialweb.com.ar\/web\/agronomia-anuncia-la-tercera-jornada-de-la-region-albigasta\/","title":{"rendered":"AGRONOM\u00cdA ANUNCIA LA TERCERA JORNADA DE LA REGI\u00d3N ALBIGASTA"},"content":{"rendered":"\n<p>Recodamos que se le llama as\u00ed a la regi\u00f3n compartida entre Catamarca, C\u00f3rdoba, Tucum\u00e1n y Santiago del Estero en la zona de la cuenca del r\u00edo Albigasta. Es una regi\u00f3n de importante potencial ganadero<br>La fecha de realizaci\u00f3n ser\u00e1 el 14 de junio de 2022,,de 8:30 a 12.30 en la Estancia Jai SA, ubicada en El Quebrachito, Municipalidad de Ba\u00f1ado de Ovanta, Catamarca.<br>Los temas de la capacitaci\u00f3n ser\u00e1n: \u201cManejo de Bosques con Ganader\u00eda Integrada \u201d, \u201cImplementaci\u00f3n en la provincia de Santiago del Estero y en Catamarca\u201d,<br>M\u00e1s informaci\u00f3n e inscripci\u00f3n ingresar al sitio web de Agronom\u00eda https:\/\/faya.unse.edu.ar.<\/p>\n","protected":false},"excerpt":{"rendered":"<p>La Facultad de Agronom\u00eda y Agroindustrias anunci\u00f3 la realizaci\u00f3n del tercer encuentro del ciclo de capacitaciones \u201cGanader\u00eda en la regi\u00f3n Albigasta\u201d.<\/p>\n","protected":false},"author":2,"featured_media":40726,"comment_status":"open","ping_status":"open","sticky":false,"template":"","format":"standard","meta":{"om_disable_all_campaigns":false,"_monsterinsights_skip_tracking":false,"_monsterinsights_sitenote_active":false,"_monsterinsights_sitenote_note":"","_monsterinsights_sitenote_category":0,"_uf_show_specific_survey":0,"_uf_disable_surveys":false,"jetpack_post_was_ever_published":false,"_jetpack_newsletter_access":"","_jetpack_dont_email_post_to_subs":false,"_jetpack_newsletter_tier_id":0,"_jetpack_memberships_contains_paywalled_content":false,"_jetpack_memberships_contains_paid_content":false,"footnotes":"","jetpack_publicize_message":"","jetpack_publicize_feature_enabled":true,"jetpack_social_post_already_shared":false,"jetpack_social_options":{"image_generator_settings":{"template":"highway","default_image_id":0,"font":"","enabled":false},"version":2}},"categories":[19],"tags":[],"class_list":["post-40725","post","type-post","status-publish","format-standard","has-post-thumbnail","hentry","category-educacion"],"aioseo_notices":[],"views":7,"jetpack_publicize_connections":[],"jetpack_featured_media_url":"https:\/\/i0.wp.com\/elterritorialweb.com.ar\/web\/wp-content\/uploads\/2022\/05\/UNSE-ALBIGASTA-1.jpeg?fit=1280%2C960","jetpack_sharing_enabled":true,"_links":{"self":[{"href":"http:\/\/elterritorialweb.com.ar\/web\/wp-json\/wp\/v2\/posts\/40725","targetHints":{"allow":["GET"]}}],"collection":[{"href":"http:\/\/elterritorialweb.com.ar\/web\/wp-json\/wp\/v2\/posts"}],"about":[{"href":"http:\/\/elterritorialweb.com.ar\/web\/wp-json\/wp\/v2\/types\/post"}],"author":[{"embeddable":true,"href":"http:\/\/elterritorialweb.com.ar\/web\/wp-json\/wp\/v2\/users\/2"}],"replies":[{"embeddable":true,"href":"http:\/\/elterritorialweb.com.ar\/web\/wp-json\/wp\/v2\/comments?post=40725"}],"version-history":[{"count":1,"href":"http:\/\/elterritorialweb.com.ar\/web\/wp-json\/wp\/v2\/posts\/40725\/revisions"}],"predecessor-version":[{"id":40727,"href":"http:\/\/elterritorialweb.com.ar\/web\/wp-json\/wp\/v2\/posts\/40725\/revisions\/40727"}],"wp:featuredmedia":[{"embeddable":true,"href":"http:\/\/elterritorialweb.com.ar\/web\/wp-json\/wp\/v2\/media\/40726"}],"wp:attachment":[{"href":"http:\/\/elterritorialweb.com.ar\/web\/wp-json\/wp\/v2\/media?parent=40725"}],"wp:term":[{"taxonomy":"category","embeddable":true,"href":"http:\/\/elterritorialweb.com.ar\/web\/wp-json\/wp\/v2\/categories?post=40725"},{"taxonomy":"post_tag","embeddable":true,"href":"http:\/\/elterritorialweb.com.ar\/web\/wp-json\/wp\/v2\/tags?post=40725"}],"curies":[{"name":"wp","href":"https:\/\/api.w.org\/{rel}","templated":true}]}}