{"id":40728,"date":"2022-05-31T20:01:52","date_gmt":"2022-05-31T20:01:52","guid":{"rendered":"http:\/\/elterritorialweb.com.ar\/web\/?p=40728"},"modified":"2022-05-31T20:01:52","modified_gmt":"2022-05-31T20:01:52","slug":"la-unse-integra-el-consejo-asesor-de-cambio-climatico","status":"publish","type":"post","link":"http:\/\/elterritorialweb.com.ar\/web\/la-unse-integra-el-consejo-asesor-de-cambio-climatico\/","title":{"rendered":"LA UNSE INTEGRA EL CONSEJO ASESOR DE CAMBIO CLIM\u00c1TICO"},"content":{"rendered":"\n<p>La doctora Nancy Giannuzzo, vicedecana de la Facultad de Ciencias Forestales y experta en temas vinculados al Cambio Clim\u00e1tico, particip\u00f3 de la primera reuni\u00f3n del Consejo que est\u00e1 conformado por representantes de universidades, organizaciones ambientales, miembros de la comunidad cient\u00edfica, entidades empresariales, sindicatos, comunidades ind\u00edgenas y partidos pol\u00edticos.<br>En esta primera reuni\u00f3n se present\u00f3 y comenz\u00f3 a trabajar sobre el Plan Nacional de Adaptaci\u00f3n y Mitigaci\u00f3n al Cambio Clim\u00e1tico propuesto por el Gabinete de Cambio Clim\u00e1tico y se program\u00f3 la agenda para el presente a\u00f1o.<br>La UNSE integra el Consejo junto a la Universidad Nacional de la Patagonia Austral y la Universidad de La Plata, en calidad de universidades titulares.<\/p>\n","protected":false},"excerpt":{"rendered":"<p>La semana pasada, se reuni\u00f3 en Casa Rosada el Consejo Asesor Externo del Gabinete de Cambio Clim\u00e1tico y la UNSE estuvo presente.<\/p>\n","protected":false},"author":2,"featured_media":40729,"comment_status":"open","ping_status":"open","sticky":false,"template":"","format":"standard","meta":{"om_disable_all_campaigns":false,"_monsterinsights_skip_tracking":false,"_monsterinsights_sitenote_active":false,"_monsterinsights_sitenote_note":"","_monsterinsights_sitenote_category":0,"_uf_show_specific_survey":0,"_uf_disable_surveys":false,"jetpack_post_was_ever_published":false,"_jetpack_newsletter_access":"","_jetpack_dont_email_post_to_subs":false,"_jetpack_newsletter_tier_id":0,"_jetpack_memberships_contains_paywalled_content":false,"_jetpack_memberships_contains_paid_content":false,"footnotes":"","jetpack_publicize_message":"","jetpack_publicize_feature_enabled":true,"jetpack_social_post_already_shared":false,"jetpack_social_options":{"image_generator_settings":{"template":"highway","default_image_id":0,"font":"","enabled":false},"version":2}},"categories":[21],"tags":[],"class_list":["post-40728","post","type-post","status-publish","format-standard","has-post-thumbnail","hentry","category-locales"],"aioseo_notices":[],"views":8,"jetpack_publicize_connections":[],"jetpack_featured_media_url":"https:\/\/i0.wp.com\/elterritorialweb.com.ar\/web\/wp-content\/uploads\/2022\/05\/UNSE-ALBIGASTA.jpeg?fit=1280%2C853","jetpack_sharing_enabled":true,"_links":{"self":[{"href":"http:\/\/elterritorialweb.com.ar\/web\/wp-json\/wp\/v2\/posts\/40728","targetHints":{"allow":["GET"]}}],"collection":[{"href":"http:\/\/elterritorialweb.com.ar\/web\/wp-json\/wp\/v2\/posts"}],"about":[{"href":"http:\/\/elterritorialweb.com.ar\/web\/wp-json\/wp\/v2\/types\/post"}],"author":[{"embeddable":true,"href":"http:\/\/elterritorialweb.com.ar\/web\/wp-json\/wp\/v2\/users\/2"}],"replies":[{"embeddable":true,"href":"http:\/\/elterritorialweb.com.ar\/web\/wp-json\/wp\/v2\/comments?post=40728"}],"version-history":[{"count":1,"href":"http:\/\/elterritorialweb.com.ar\/web\/wp-json\/wp\/v2\/posts\/40728\/revisions"}],"predecessor-version":[{"id":40730,"href":"http:\/\/elterritorialweb.com.ar\/web\/wp-json\/wp\/v2\/posts\/40728\/revisions\/40730"}],"wp:featuredmedia":[{"embeddable":true,"href":"http:\/\/elterritorialweb.com.ar\/web\/wp-json\/wp\/v2\/media\/40729"}],"wp:attachment":[{"href":"http:\/\/elterritorialweb.com.ar\/web\/wp-json\/wp\/v2\/media?parent=40728"}],"wp:term":[{"taxonomy":"category","embeddable":true,"href":"http:\/\/elterritorialweb.com.ar\/web\/wp-json\/wp\/v2\/categories?post=40728"},{"taxonomy":"post_tag","embeddable":true,"href":"http:\/\/elterritorialweb.com.ar\/web\/wp-json\/wp\/v2\/tags?post=40728"}],"curies":[{"name":"wp","href":"https:\/\/api.w.org\/{rel}","templated":true}]}}