{"id":40731,"date":"2022-05-31T20:24:32","date_gmt":"2022-05-31T20:24:32","guid":{"rendered":"http:\/\/elterritorialweb.com.ar\/web\/?p=40731"},"modified":"2022-05-31T20:24:32","modified_gmt":"2022-05-31T20:24:32","slug":"la-carrera-de-enfermeria-se-suma-a-la-propuesta-educativa-en-termas-de-rio-hondo","status":"publish","type":"post","link":"http:\/\/elterritorialweb.com.ar\/web\/la-carrera-de-enfermeria-se-suma-a-la-propuesta-educativa-en-termas-de-rio-hondo\/","title":{"rendered":"LA CARRERA DE ENFERMER\u00cdA SE SUMA A LA PROPUESTA EDUCATIVA EN TERMAS DE R\u00cdO HONDO"},"content":{"rendered":"\n<p>Esta carrera se suma a las ya vigentes y de las cuales ya se cuentan con diferentes profesionales. Durante la actividad, se cont\u00f3 con la presencia del Intendente Municipal Dr. Jorge Mukdise, la Ministra de Educaci\u00f3n, Ciencia y Tecnolog\u00eda Dra. Mariela Nassif. la Ministra de Salud Lic. Natividad Nassif, el Rector de la UNSE Ing. H\u00e9ctor Paz, el Decano de la Facultad de Humanidades Lic. Marcelino Ledesma, la Coordinadora de Carrera de Enfermera Universitaria Lic. Mirta Paz, el Dr. Oscar Cosavalente Consultor de OPS\/BID y la Coordinadora de la Extensi\u00f3n \u00c1ulica Universitaria Lic. Roxana Ponce.<\/p>\n\n\n\n<figure class=\"wp-block-image size-large\"><a href=\"https:\/\/i0.wp.com\/elterritorialweb.com.ar\/web\/wp-content\/uploads\/2022\/05\/enfermeria-en-termas-1.jpg\"><img data-recalc-dims=\"1\" decoding=\"async\" width=\"640\" height=\"427\" data-src=\"https:\/\/i0.wp.com\/elterritorialweb.com.ar\/web\/wp-content\/uploads\/2022\/05\/enfermeria-en-termas-1.jpg?resize=640%2C427\" alt=\"\" class=\"wp-image-40733 lazyload\" data-srcset=\"https:\/\/i0.wp.com\/elterritorialweb.com.ar\/web\/wp-content\/uploads\/2022\/05\/enfermeria-en-termas-1.jpg?resize=1024%2C683 1024w, https:\/\/i0.wp.com\/elterritorialweb.com.ar\/web\/wp-content\/uploads\/2022\/05\/enfermeria-en-termas-1.jpg?resize=300%2C200 300w, https:\/\/i0.wp.com\/elterritorialweb.com.ar\/web\/wp-content\/uploads\/2022\/05\/enfermeria-en-termas-1.jpg?resize=768%2C512 768w, https:\/\/i0.wp.com\/elterritorialweb.com.ar\/web\/wp-content\/uploads\/2022\/05\/enfermeria-en-termas-1.jpg?resize=1536%2C1024 1536w, https:\/\/i0.wp.com\/elterritorialweb.com.ar\/web\/wp-content\/uploads\/2022\/05\/enfermeria-en-termas-1.jpg?w=1599 1599w, https:\/\/i0.wp.com\/elterritorialweb.com.ar\/web\/wp-content\/uploads\/2022\/05\/enfermeria-en-termas-1.jpg?w=1280 1280w\" data-sizes=\"(max-width: 640px) 100vw, 640px\" src=\"data:image\/svg+xml;base64,PHN2ZyB3aWR0aD0iMSIgaGVpZ2h0PSIxIiB4bWxucz0iaHR0cDovL3d3dy53My5vcmcvMjAwMC9zdmciPjwvc3ZnPg==\" style=\"--smush-placeholder-width: 640px; --smush-placeholder-aspect-ratio: 640\/427;\" \/><\/a><\/figure>\n\n\n\n<p>Esta nueva carrera tiene como finalidad, impulsar el desarrollo de nuevos profesionales en nuestra ciudad, brindando un espacio de estudios con el respaldo de la Universidad Nacional de Santiago del Estero y de la Municipalidad de Las Termas de R\u00edo Hondo.<\/p>\n\n\n\n<figure class=\"wp-block-image size-large\"><a href=\"https:\/\/i0.wp.com\/elterritorialweb.com.ar\/web\/wp-content\/uploads\/2022\/05\/enfermeria-en-termas-2.jpg\"><img data-recalc-dims=\"1\" decoding=\"async\" width=\"640\" height=\"427\" data-src=\"https:\/\/i0.wp.com\/elterritorialweb.com.ar\/web\/wp-content\/uploads\/2022\/05\/enfermeria-en-termas-2.jpg?resize=640%2C427\" alt=\"\" class=\"wp-image-40734 lazyload\" data-srcset=\"https:\/\/i0.wp.com\/elterritorialweb.com.ar\/web\/wp-content\/uploads\/2022\/05\/enfermeria-en-termas-2.jpg?resize=1024%2C683 1024w, https:\/\/i0.wp.com\/elterritorialweb.com.ar\/web\/wp-content\/uploads\/2022\/05\/enfermeria-en-termas-2.jpg?resize=300%2C200 300w, https:\/\/i0.wp.com\/elterritorialweb.com.ar\/web\/wp-content\/uploads\/2022\/05\/enfermeria-en-termas-2.jpg?resize=768%2C512 768w, https:\/\/i0.wp.com\/elterritorialweb.com.ar\/web\/wp-content\/uploads\/2022\/05\/enfermeria-en-termas-2.jpg?resize=1536%2C1024 1536w, https:\/\/i0.wp.com\/elterritorialweb.com.ar\/web\/wp-content\/uploads\/2022\/05\/enfermeria-en-termas-2.jpg?w=1599 1599w, https:\/\/i0.wp.com\/elterritorialweb.com.ar\/web\/wp-content\/uploads\/2022\/05\/enfermeria-en-termas-2.jpg?w=1280 1280w\" data-sizes=\"(max-width: 640px) 100vw, 640px\" src=\"data:image\/svg+xml;base64,PHN2ZyB3aWR0aD0iMSIgaGVpZ2h0PSIxIiB4bWxucz0iaHR0cDovL3d3dy53My5vcmcvMjAwMC9zdmciPjwvc3ZnPg==\" style=\"--smush-placeholder-width: 640px; --smush-placeholder-aspect-ratio: 640\/427;\" \/><\/a><\/figure>\n\n\n\n<p>Por su parte las autoridades ministeriales presentes. destacaron la importancia de este tipo de firma, ya que constituye un hecho hist\u00f3rico para la vida acad\u00e9mica de la ciudad y sienta las bases para la generaci\u00f3n de nuevos enfermeros y enfermeras.<\/p>\n\n\n\n<figure class=\"wp-block-image size-large\"><a href=\"https:\/\/i0.wp.com\/elterritorialweb.com.ar\/web\/wp-content\/uploads\/2022\/05\/enfermeria-en-termas-3.jpg\"><img data-recalc-dims=\"1\" decoding=\"async\" width=\"640\" height=\"427\" data-src=\"https:\/\/i0.wp.com\/elterritorialweb.com.ar\/web\/wp-content\/uploads\/2022\/05\/enfermeria-en-termas-3.jpg?resize=640%2C427\" alt=\"\" class=\"wp-image-40735 lazyload\" data-srcset=\"https:\/\/i0.wp.com\/elterritorialweb.com.ar\/web\/wp-content\/uploads\/2022\/05\/enfermeria-en-termas-3.jpg?resize=1024%2C683 1024w, https:\/\/i0.wp.com\/elterritorialweb.com.ar\/web\/wp-content\/uploads\/2022\/05\/enfermeria-en-termas-3.jpg?resize=300%2C200 300w, https:\/\/i0.wp.com\/elterritorialweb.com.ar\/web\/wp-content\/uploads\/2022\/05\/enfermeria-en-termas-3.jpg?resize=768%2C512 768w, https:\/\/i0.wp.com\/elterritorialweb.com.ar\/web\/wp-content\/uploads\/2022\/05\/enfermeria-en-termas-3.jpg?resize=1536%2C1024 1536w, https:\/\/i0.wp.com\/elterritorialweb.com.ar\/web\/wp-content\/uploads\/2022\/05\/enfermeria-en-termas-3.jpg?w=1599 1599w, https:\/\/i0.wp.com\/elterritorialweb.com.ar\/web\/wp-content\/uploads\/2022\/05\/enfermeria-en-termas-3.jpg?w=1280 1280w\" data-sizes=\"(max-width: 640px) 100vw, 640px\" src=\"data:image\/svg+xml;base64,PHN2ZyB3aWR0aD0iMSIgaGVpZ2h0PSIxIiB4bWxucz0iaHR0cDovL3d3dy53My5vcmcvMjAwMC9zdmciPjwvc3ZnPg==\" style=\"--smush-placeholder-width: 640px; --smush-placeholder-aspect-ratio: 640\/427;\" \/><\/a><\/figure>\n\n\n\n<p>En tanto el Rector de la UNSE resalt\u00f3 las diferentes gestiones realizadas por el Intendente Jorge Mukdise junto a su equipo de gobierno en materia de propuestas educativas para la ciudad. Como as\u00ed tambi\u00e9n las gestiones impulsadas por el ex intendente Arq. Miguel Mukdise, en lo que hoy es la actual extensi\u00f3n aulica universitaria municipal.<\/p>\n\n\n\n<p>Al cierre el Intendente Jorge Mukdise, agradeci\u00f3 la predisposici\u00f3n de la universidad nacional y resalt\u00f3 el valor de la ense\u00f1anza en materia de salud. Adem\u00e1s inst\u00f3 a la comunidad y a los futuros estudiantes a seguir con la vida acad\u00e9mica.<\/p>\n","protected":false},"excerpt":{"rendered":"<p>Est\u00e1 nueva carrera tiene como finalidad, impulsar el desarrollo de nuevos profesionales, brindando un espacio de estudios con el respaldo de la Universidad Nacional de Santiago del Estero y la Municipalidad de Las Termas de R\u00edo Hondo .<\/p>\n","protected":false},"author":2,"featured_media":40732,"comment_status":"open","ping_status":"open","sticky":false,"template":"","format":"standard","meta":{"om_disable_all_campaigns":false,"_monsterinsights_skip_tracking":false,"_monsterinsights_sitenote_active":false,"_monsterinsights_sitenote_note":"","_monsterinsights_sitenote_category":0,"_uf_show_specific_survey":0,"_uf_disable_surveys":false,"jetpack_post_was_ever_published":false,"_jetpack_newsletter_access":"","_jetpack_dont_email_post_to_subs":false,"_jetpack_newsletter_tier_id":0,"_jetpack_memberships_contains_paywalled_content":false,"_jetpack_memberships_contains_paid_content":false,"footnotes":"","jetpack_publicize_message":"","jetpack_publicize_feature_enabled":true,"jetpack_social_post_already_shared":false,"jetpack_social_options":{"image_generator_settings":{"template":"highway","default_image_id":0,"font":"","enabled":false},"version":2}},"categories":[19],"tags":[],"class_list":["post-40731","post","type-post","status-publish","format-standard","has-post-thumbnail","hentry","category-educacion"],"aioseo_notices":[],"views":10,"jetpack_publicize_connections":[],"jetpack_featured_media_url":"https:\/\/i0.wp.com\/elterritorialweb.com.ar\/web\/wp-content\/uploads\/2022\/05\/enfermeria-en-termas.jpg?fit=1599%2C1066","jetpack_sharing_enabled":true,"_links":{"self":[{"href":"http:\/\/elterritorialweb.com.ar\/web\/wp-json\/wp\/v2\/posts\/40731","targetHints":{"allow":["GET"]}}],"collection":[{"href":"http:\/\/elterritorialweb.com.ar\/web\/wp-json\/wp\/v2\/posts"}],"about":[{"href":"http:\/\/elterritorialweb.com.ar\/web\/wp-json\/wp\/v2\/types\/post"}],"author":[{"embeddable":true,"href":"http:\/\/elterritorialweb.com.ar\/web\/wp-json\/wp\/v2\/users\/2"}],"replies":[{"embeddable":true,"href":"http:\/\/elterritorialweb.com.ar\/web\/wp-json\/wp\/v2\/comments?post=40731"}],"version-history":[{"count":1,"href":"http:\/\/elterritorialweb.com.ar\/web\/wp-json\/wp\/v2\/posts\/40731\/revisions"}],"predecessor-version":[{"id":40736,"href":"http:\/\/elterritorialweb.com.ar\/web\/wp-json\/wp\/v2\/posts\/40731\/revisions\/40736"}],"wp:featuredmedia":[{"embeddable":true,"href":"http:\/\/elterritorialweb.com.ar\/web\/wp-json\/wp\/v2\/media\/40732"}],"wp:attachment":[{"href":"http:\/\/elterritorialweb.com.ar\/web\/wp-json\/wp\/v2\/media?parent=40731"}],"wp:term":[{"taxonomy":"category","embeddable":true,"href":"http:\/\/elterritorialweb.com.ar\/web\/wp-json\/wp\/v2\/categories?post=40731"},{"taxonomy":"post_tag","embeddable":true,"href":"http:\/\/elterritorialweb.com.ar\/web\/wp-json\/wp\/v2\/tags?post=40731"}],"curies":[{"name":"wp","href":"https:\/\/api.w.org\/{rel}","templated":true}]}}