{"id":40820,"date":"2022-06-04T21:40:32","date_gmt":"2022-06-04T21:40:32","guid":{"rendered":"http:\/\/elterritorialweb.com.ar\/web\/?p=40820"},"modified":"2022-06-04T21:40:33","modified_gmt":"2022-06-04T21:40:33","slug":"el-presidente-recibio-a-familiares-de-victimas-de-femicidio","status":"publish","type":"post","link":"http:\/\/elterritorialweb.com.ar\/web\/el-presidente-recibio-a-familiares-de-victimas-de-femicidio\/","title":{"rendered":"EL PRESIDENTE RECIBI\u00d3 A FAMILIARES DE VICTIMAS DE FEMICIDIO"},"content":{"rendered":"\n<p>\u201cEstamos fundando un nuevo tiempo en donde debemos trabajar muy juntos, y tenemos que hacerlo con las fuerzas de seguridad, la Justicia y los sectores que tienen las herramientas para que estas cosas no sigan pasando y para que ninguna de estas muertes haya sido en vano\u201d, indic\u00f3 el mandatario.<\/p>\n\n\n\n<p>El Presidente explic\u00f3 que \u201cel mayor problema que tenemos es cultural y lleva a muchos a creer que por cierta condici\u00f3n de g\u00e9nero tienen poder sobre otro\u201d, al tiempo que reflexion\u00f3: \u201cEsto es intolerable y no puede ocurrir\u201d.<\/p>\n\n\n\n<figure class=\"wp-block-image size-large\"><a href=\"https:\/\/i0.wp.com\/elterritorialweb.com.ar\/web\/wp-content\/uploads\/2022\/06\/AFNiunamenos4.jpg\"><img data-recalc-dims=\"1\" decoding=\"async\" width=\"640\" height=\"426\" data-src=\"https:\/\/i0.wp.com\/elterritorialweb.com.ar\/web\/wp-content\/uploads\/2022\/06\/AFNiunamenos4.jpg?resize=640%2C426\" alt=\"\" class=\"wp-image-40822 lazyload\" data-srcset=\"https:\/\/i0.wp.com\/elterritorialweb.com.ar\/web\/wp-content\/uploads\/2022\/06\/AFNiunamenos4.jpg?resize=1024%2C682 1024w, https:\/\/i0.wp.com\/elterritorialweb.com.ar\/web\/wp-content\/uploads\/2022\/06\/AFNiunamenos4.jpg?resize=300%2C200 300w, https:\/\/i0.wp.com\/elterritorialweb.com.ar\/web\/wp-content\/uploads\/2022\/06\/AFNiunamenos4.jpg?resize=768%2C512 768w, https:\/\/i0.wp.com\/elterritorialweb.com.ar\/web\/wp-content\/uploads\/2022\/06\/AFNiunamenos4.jpg?resize=1536%2C1024 1536w, https:\/\/i0.wp.com\/elterritorialweb.com.ar\/web\/wp-content\/uploads\/2022\/06\/AFNiunamenos4.jpg?w=1940 1940w, https:\/\/i0.wp.com\/elterritorialweb.com.ar\/web\/wp-content\/uploads\/2022\/06\/AFNiunamenos4.jpg?w=1280 1280w\" data-sizes=\"(max-width: 640px) 100vw, 640px\" src=\"data:image\/svg+xml;base64,PHN2ZyB3aWR0aD0iMSIgaGVpZ2h0PSIxIiB4bWxucz0iaHR0cDovL3d3dy53My5vcmcvMjAwMC9zdmciPjwvc3ZnPg==\" style=\"--smush-placeholder-width: 640px; --smush-placeholder-aspect-ratio: 640\/426;\" \/><\/a><\/figure>\n\n\n\n<p>En esa l\u00ednea, precis\u00f3 que \u201cel peor modo de discriminaci\u00f3n es la violencia, pero a la mujer antes de eso se la discrimina en el trabajo, en el estudio y se la posterga una y otra vez\u201d, y agreg\u00f3: \u201cEsto es parte de una tarea cotidiana que hay que meter en la cabeza y el coraz\u00f3n de la gente. Todos somos iguales, tenemos el derecho a ser respetados y a vivir sin que alguien sienta que por su condici\u00f3n de g\u00e9nero es m\u00e1s que uno\u201d.<\/p>\n\n\n\n<p>\u201cCuando llegu\u00e9 al Gobierno cre\u00e9 un Ministerio, que antes no exist\u00eda, y lo hice para visibilizar la dimensi\u00f3n del problema que llamamos patriarcado, y que en la realidad es una cultura en donde los hombres sentimos que estamos en una condici\u00f3n superior frente a la mujer. Eso es una verg\u00fcenza y no puede suceder m\u00e1s\u201d, refiri\u00f3 el mandatario sobre las medidas que llev\u00f3 adelante desde su asunci\u00f3n en diciembre de 2019.<\/p>\n\n\n\n<figure class=\"wp-block-image size-large\"><a href=\"https:\/\/i0.wp.com\/elterritorialweb.com.ar\/web\/wp-content\/uploads\/2022\/06\/AFNiunamenos3.jpg\"><img data-recalc-dims=\"1\" decoding=\"async\" width=\"640\" height=\"427\" data-src=\"https:\/\/i0.wp.com\/elterritorialweb.com.ar\/web\/wp-content\/uploads\/2022\/06\/AFNiunamenos3.jpg?resize=640%2C427\" alt=\"\" class=\"wp-image-40825 lazyload\" data-srcset=\"https:\/\/i0.wp.com\/elterritorialweb.com.ar\/web\/wp-content\/uploads\/2022\/06\/AFNiunamenos3.jpg?resize=1024%2C683 1024w, https:\/\/i0.wp.com\/elterritorialweb.com.ar\/web\/wp-content\/uploads\/2022\/06\/AFNiunamenos3.jpg?resize=300%2C200 300w, https:\/\/i0.wp.com\/elterritorialweb.com.ar\/web\/wp-content\/uploads\/2022\/06\/AFNiunamenos3.jpg?resize=768%2C512 768w, https:\/\/i0.wp.com\/elterritorialweb.com.ar\/web\/wp-content\/uploads\/2022\/06\/AFNiunamenos3.jpg?resize=1536%2C1025 1536w, https:\/\/i0.wp.com\/elterritorialweb.com.ar\/web\/wp-content\/uploads\/2022\/06\/AFNiunamenos3.jpg?w=1940 1940w, https:\/\/i0.wp.com\/elterritorialweb.com.ar\/web\/wp-content\/uploads\/2022\/06\/AFNiunamenos3.jpg?w=1280 1280w\" data-sizes=\"(max-width: 640px) 100vw, 640px\" src=\"data:image\/svg+xml;base64,PHN2ZyB3aWR0aD0iMSIgaGVpZ2h0PSIxIiB4bWxucz0iaHR0cDovL3d3dy53My5vcmcvMjAwMC9zdmciPjwvc3ZnPg==\" style=\"--smush-placeholder-width: 640px; --smush-placeholder-aspect-ratio: 640\/427;\" \/><\/a><\/figure>\n\n\n\n<p>\u201cHemos avanzado mucho en materia de g\u00e9nero y en la b\u00fasqueda de igualdad, y acompa\u00f1amos a las v\u00edctimas en el auxilio\u201d legal que se precisa en cada caso, destac\u00f3 el jefe de Estado.<\/p>\n\n\n\n<p>Asistieron al encuentro con el mandatario Marta Montero, mam\u00e1 de Luc\u00eda P\u00e9rez; M\u00f3nica Ferreyra y Ricardo Fulles, padres de Araceli Fulles; Alfredo Barrera, pap\u00e1 de Carla Soggiu; Alberto Basald\u00faa y Dora Reyes, padres de Cecilia Basald\u00faa; Blanca Ozan, mam\u00e1 de Agustina Fredes; y C\u00e9sar Ezequiel Moscoso y Wanda Banegas, familiares de Katherine Moscoso.<\/p>\n\n\n\n<p>Tambi\u00e9n estuvieron presentes Facundo Ortiz y Marisa Rodr\u00edguez, padres de Luna Ortiz; Gabriela Monz\u00f3n y Gabriel L\u00f3pez, mam\u00e1 y hermano de Gisela L\u00f3pez; Flavia Pastori, hermana de Sandra Pastori; Mar\u00eda Elena Aduriz, mam\u00e1 de \u00c1ngeles Rawson; Beatriz Regal y Jorge Tadei, padres de Wanda Tadei; Anal\u00eda Romero, mam\u00e1 de Camila Flores; Luciana Orieta, familiar de Mariela Orieta; N\u00e9stor Garc\u00eda y Andrea Lescano, familiares de Micaela Garc\u00eda; Mar\u00eda Rosa Leonelli y Antonella Valdez, familiares de Cintia Cerrudo; y Pablo Ruiz Peralta.<\/p>\n\n\n\n<figure class=\"wp-block-image size-large\"><a href=\"https:\/\/i0.wp.com\/elterritorialweb.com.ar\/web\/wp-content\/uploads\/2022\/06\/AFNiunamenos6.jpg\"><img data-recalc-dims=\"1\" decoding=\"async\" width=\"640\" height=\"426\" data-src=\"https:\/\/i0.wp.com\/elterritorialweb.com.ar\/web\/wp-content\/uploads\/2022\/06\/AFNiunamenos6.jpg?resize=640%2C426\" alt=\"\" class=\"wp-image-40824 lazyload\" data-srcset=\"https:\/\/i0.wp.com\/elterritorialweb.com.ar\/web\/wp-content\/uploads\/2022\/06\/AFNiunamenos6.jpg?resize=1024%2C682 1024w, https:\/\/i0.wp.com\/elterritorialweb.com.ar\/web\/wp-content\/uploads\/2022\/06\/AFNiunamenos6.jpg?resize=300%2C200 300w, https:\/\/i0.wp.com\/elterritorialweb.com.ar\/web\/wp-content\/uploads\/2022\/06\/AFNiunamenos6.jpg?resize=768%2C512 768w, https:\/\/i0.wp.com\/elterritorialweb.com.ar\/web\/wp-content\/uploads\/2022\/06\/AFNiunamenos6.jpg?resize=1536%2C1024 1536w, https:\/\/i0.wp.com\/elterritorialweb.com.ar\/web\/wp-content\/uploads\/2022\/06\/AFNiunamenos6.jpg?w=1940 1940w, https:\/\/i0.wp.com\/elterritorialweb.com.ar\/web\/wp-content\/uploads\/2022\/06\/AFNiunamenos6.jpg?w=1280 1280w\" data-sizes=\"(max-width: 640px) 100vw, 640px\" src=\"data:image\/svg+xml;base64,PHN2ZyB3aWR0aD0iMSIgaGVpZ2h0PSIxIiB4bWxucz0iaHR0cDovL3d3dy53My5vcmcvMjAwMC9zdmciPjwvc3ZnPg==\" style=\"--smush-placeholder-width: 640px; --smush-placeholder-aspect-ratio: 640\/426;\" \/><\/a><\/figure>\n\n\n\n<p>Durante la reuni\u00f3n en el Sal\u00f3n de las Mujeres, el jefe de Estado convers\u00f3 con los familiares sobre las medidas implementadas por el Gobierno nacional hasta el momento, que incluyen el apoyo econ\u00f3mico a 165.862 mujeres y LGBTI+ a trav\u00e9s del programa Acompa\u00f1ar, la asistencia a 6.697 personas, el acompa\u00f1amiento a 361 allegados de personas que sufrieron alg\u00fan tipo de violencia, y la ayuda a m\u00e1s de 521 familiares de v\u00edctimas de femicidios, travesticidios o transfemicidios.<\/p>\n\n\n\n<p>Asimismo, se iniciaron procesos licitatorios para construir m\u00e1s de 16 Centros Territoriales de Pol\u00edticas de G\u00e9nero y Diversidad en todo el pa\u00eds, se financi\u00f3 el equipamiento y la refacci\u00f3n de 27 hogares y refugios para personas en situaci\u00f3n de violencia de g\u00e9nero y 37 espacios de organizaciones sociales y comunitarias. Se pusieron adem\u00e1s en marcha 43 equipos interdisciplinarios con 127 profesionales a trav\u00e9s del programa Acercar Derechos (PAD).<\/p>\n\n\n\n<p>Acompa\u00f1aron al jefe de Estado la ministra de las Mujeres, G\u00e9neros y Diversidad, Elizabeth G\u00f3mez Alcorta; la portavoz de la Presidencia, Gabriela Cerruti; y la secretaria Legal y T\u00e9cnica, Vilma Ibarra.<\/p>\n\n\n\n<p>Al tomar la palabra, G\u00f3mez Alcorta se\u00f1al\u00f3: \u201cDesde el Gobierno Nacional estamos trabajando con pol\u00edticas de prevenci\u00f3n y asistencia. Nos propusimos fortalecer las condiciones materiales y subjetivas de quienes atraviesan situaciones de violencia de g\u00e9nero, por eso creamos el Programa Acompa\u00f1ar que ya apoy\u00f3 a m\u00e1s de 165.000 mujeres y LGBTI+ y concentramos los esfuerzos en fortalecer su independencia econ\u00f3mica\u00bb.<\/p>\n\n\n\n<figure class=\"wp-block-image size-large\"><a href=\"https:\/\/i0.wp.com\/elterritorialweb.com.ar\/web\/wp-content\/uploads\/2022\/06\/AFNiunamenos.jpg\"><img data-recalc-dims=\"1\" decoding=\"async\" width=\"640\" height=\"426\" data-src=\"https:\/\/i0.wp.com\/elterritorialweb.com.ar\/web\/wp-content\/uploads\/2022\/06\/AFNiunamenos.jpg?resize=640%2C426\" alt=\"\" class=\"wp-image-40821 lazyload\" data-srcset=\"https:\/\/i0.wp.com\/elterritorialweb.com.ar\/web\/wp-content\/uploads\/2022\/06\/AFNiunamenos.jpg?resize=1024%2C682 1024w, https:\/\/i0.wp.com\/elterritorialweb.com.ar\/web\/wp-content\/uploads\/2022\/06\/AFNiunamenos.jpg?resize=300%2C200 300w, https:\/\/i0.wp.com\/elterritorialweb.com.ar\/web\/wp-content\/uploads\/2022\/06\/AFNiunamenos.jpg?resize=768%2C512 768w, https:\/\/i0.wp.com\/elterritorialweb.com.ar\/web\/wp-content\/uploads\/2022\/06\/AFNiunamenos.jpg?resize=1536%2C1024 1536w, https:\/\/i0.wp.com\/elterritorialweb.com.ar\/web\/wp-content\/uploads\/2022\/06\/AFNiunamenos.jpg?w=1940 1940w, https:\/\/i0.wp.com\/elterritorialweb.com.ar\/web\/wp-content\/uploads\/2022\/06\/AFNiunamenos.jpg?w=1280 1280w\" data-sizes=\"(max-width: 640px) 100vw, 640px\" src=\"data:image\/svg+xml;base64,PHN2ZyB3aWR0aD0iMSIgaGVpZ2h0PSIxIiB4bWxucz0iaHR0cDovL3d3dy53My5vcmcvMjAwMC9zdmciPjwvc3ZnPg==\" style=\"--smush-placeholder-width: 640px; --smush-placeholder-aspect-ratio: 640\/426;\" \/><\/a><\/figure>\n\n\n\n<p>Al finalizar la audiencia, Mar\u00eda Elena Aduriz subray\u00f3 la importancia de que \u201cel Presidente nos haya convocado en este nuevo aniversario del Ni Una Menos, porque fue un antes y un despu\u00e9s del cual no retrocedemos\u201d, y explic\u00f3: \u201cLos padres y las madres de hijas muertas en ocasi\u00f3n de femicidio queremos proteger a otras chicas para que no les suceda, y que no pasen m\u00e1s estas cosas\u201d.<\/p>\n\n\n\n<p>En tanto, N\u00e9stor Garc\u00eda, pap\u00e1 de Micaela, agradeci\u00f3 que \u201cel Gobierno nacional nos venga acompa\u00f1ando en tantos casos que decidimos acompa\u00f1ar desde la Fundaci\u00f3n. Y nos parece important\u00edsimo que el Presidente se haya tomado el tiempo para conversar y visibilizar este tema en un d\u00eda tan importante como el 3 de junio\u201d.<\/p>\n","protected":false},"excerpt":{"rendered":"<p>El presidente Alberto Fern\u00e1ndez recibi\u00f3 esta ma\u00f1ana en Casa Rosada a familiares de v\u00edctimas de femicidio, junto a quienes repas\u00f3 los resultados y avances del Plan Nacional contra las Violencias por Motivos de G\u00e9nero 2020-2022, junto a quienes repas\u00f3 los resultados y avances del Plan Nacional contra las Violencias por Motivos de G\u00e9nero 2020-2022, que concentra las pol\u00edticas p\u00fablicas del Estado Nacional en materia de prevenci\u00f3n de las violencias, asistencia, protecci\u00f3n y acceso a la justicia de quienes las atraviesan y sus familiares y personas cercanas.<\/p>\n","protected":false},"author":2,"featured_media":40826,"comment_status":"open","ping_status":"open","sticky":false,"template":"","format":"standard","meta":{"om_disable_all_campaigns":false,"_monsterinsights_skip_tracking":false,"_monsterinsights_sitenote_active":false,"_monsterinsights_sitenote_note":"","_monsterinsights_sitenote_category":0,"_uf_show_specific_survey":0,"_uf_disable_surveys":false,"jetpack_post_was_ever_published":false,"_jetpack_newsletter_access":"","_jetpack_dont_email_post_to_subs":false,"_jetpack_newsletter_tier_id":0,"_jetpack_memberships_contains_paywalled_content":false,"_jetpack_memberships_contains_paid_content":false,"footnotes":"","jetpack_publicize_message":"","jetpack_publicize_feature_enabled":true,"jetpack_social_post_already_shared":false,"jetpack_social_options":{"image_generator_settings":{"template":"highway","default_image_id":0,"font":"","enabled":false},"version":2}},"categories":[18],"tags":[],"class_list":["post-40820","post","type-post","status-publish","format-standard","has-post-thumbnail","hentry","category-politica"],"aioseo_notices":[],"views":4,"jetpack_publicize_connections":[],"jetpack_featured_media_url":"https:\/\/i0.wp.com\/elterritorialweb.com.ar\/web\/wp-content\/uploads\/2022\/06\/AFNiunamenos5.jpg?fit=1940%2C1293","jetpack_sharing_enabled":true,"_links":{"self":[{"href":"http:\/\/elterritorialweb.com.ar\/web\/wp-json\/wp\/v2\/posts\/40820","targetHints":{"allow":["GET"]}}],"collection":[{"href":"http:\/\/elterritorialweb.com.ar\/web\/wp-json\/wp\/v2\/posts"}],"about":[{"href":"http:\/\/elterritorialweb.com.ar\/web\/wp-json\/wp\/v2\/types\/post"}],"author":[{"embeddable":true,"href":"http:\/\/elterritorialweb.com.ar\/web\/wp-json\/wp\/v2\/users\/2"}],"replies":[{"embeddable":true,"href":"http:\/\/elterritorialweb.com.ar\/web\/wp-json\/wp\/v2\/comments?post=40820"}],"version-history":[{"count":1,"href":"http:\/\/elterritorialweb.com.ar\/web\/wp-json\/wp\/v2\/posts\/40820\/revisions"}],"predecessor-version":[{"id":40827,"href":"http:\/\/elterritorialweb.com.ar\/web\/wp-json\/wp\/v2\/posts\/40820\/revisions\/40827"}],"wp:featuredmedia":[{"embeddable":true,"href":"http:\/\/elterritorialweb.com.ar\/web\/wp-json\/wp\/v2\/media\/40826"}],"wp:attachment":[{"href":"http:\/\/elterritorialweb.com.ar\/web\/wp-json\/wp\/v2\/media?parent=40820"}],"wp:term":[{"taxonomy":"category","embeddable":true,"href":"http:\/\/elterritorialweb.com.ar\/web\/wp-json\/wp\/v2\/categories?post=40820"},{"taxonomy":"post_tag","embeddable":true,"href":"http:\/\/elterritorialweb.com.ar\/web\/wp-json\/wp\/v2\/tags?post=40820"}],"curies":[{"name":"wp","href":"https:\/\/api.w.org\/{rel}","templated":true}]}}