{"id":40828,"date":"2022-06-04T22:26:22","date_gmt":"2022-06-04T22:26:22","guid":{"rendered":"http:\/\/elterritorialweb.com.ar\/web\/?p=40828"},"modified":"2022-06-04T22:29:13","modified_gmt":"2022-06-04T22:29:13","slug":"cuando-comienza-el-segundo-pago-del-refuerzo-de-ingresos","status":"publish","type":"post","link":"http:\/\/elterritorialweb.com.ar\/web\/cuando-comienza-el-segundo-pago-del-refuerzo-de-ingresos\/","title":{"rendered":"CUANDO COMIENZA EL SEGUNDO PAGO DEL REFUERZO DE INGRESOS"},"content":{"rendered":"\n<p>La Administraci\u00f3n Nacional de Seguridad Social (Anses) dispuso que a partir del mi\u00e9rcoles 15 de junio se realice el segundo pago del Refuerzo de Ingresos para 7,5 millones de personas, inform\u00f3 el organismo previsional en un comunicado.<\/p>\n\n\n\n<p>Se trata del segundo bono de<strong>\u00a0$9.000<\/strong>\u00a0destinado a trabajadores informales, empleados\/as de casas particulares, monotributistas sociales y de categor\u00edas A y B.<\/p>\n\n\n\n<figure class=\"wp-block-embed is-type-rich is-provider-twitter wp-block-embed-twitter\"><div class=\"wp-block-embed__wrapper\">\n<blockquote class=\"twitter-tweet\" data-width=\"550\" data-dnt=\"true\"><p lang=\"es\" dir=\"ltr\">\u2705 Corresponde a 7.5 millones de trabajadores y trabajadoras informales, de casas particulares y monotributistas sociales y de las categor\u00edas A y B cuyas inscripciones al Refuerzo de Ingresos fueron aprobadas. <a href=\"https:\/\/t.co\/y2JJ5ISqiq\">pic.twitter.com\/y2JJ5ISqiq<\/a><\/p>&mdash; ANSES (@ansesgob) <a href=\"https:\/\/twitter.com\/ansesgob\/status\/1533077764877819904?ref_src=twsrc%5Etfw\">June 4, 2022<\/a><\/blockquote><script async src=\"https:\/\/platform.twitter.com\/widgets.js\" charset=\"utf-8\"><\/script>\n<\/div><\/figure>\n\n\n\n<h3 class=\"wp-block-heading\">Calendario de cobro<\/h3>\n\n\n\n<p>Los pagos se realizar\u00e1n seg\u00fan la terminaci\u00f3n del DNI:<\/p>\n\n\n\n<p><strong>\u2022 Terminaci\u00f3n en 0:\u00a0<\/strong>mi\u00e9rcoles 15<br><strong>\u2022 Terminaci\u00f3n en\u00a01:\u00a0<\/strong>jueves 16<br><strong>\u2022 Terminaci\u00f3n en\u00a02:\u00a0<\/strong>martes 21<br><strong>\u2022 Terminaci\u00f3n en\u00a03:\u00a0<\/strong>mi\u00e9rcoles 22<br><strong>\u2022 Terminaci\u00f3n en\u00a04:\u00a0<\/strong>jueves 23<br><strong>\u2022 Terminaci\u00f3n en\u00a05:\u00a0<\/strong>viernes 24<br><strong>\u2022 Terminaci\u00f3n en\u00a06:\u00a0<\/strong>lunes 27<br><strong>\u2022 Terminaci\u00f3n en\u00a07:\u00a0<\/strong>martes 28<br><strong>\u2022 Terminaci\u00f3n en\u00a08:\u00a0<\/strong>mi\u00e9rcoles 29<br><strong>\u2022 Terminaci\u00f3n en\u00a09:\u00a0<\/strong>jueves 30<\/p>\n","protected":false},"excerpt":{"rendered":"<p>Se trata del bono destinado a 7,5 millones de trabajadores informales, empleados\/as de casas particulares, monotributistas sociales y de categor\u00edas A y B.<\/p>\n","protected":false},"author":2,"featured_media":39381,"comment_status":"open","ping_status":"open","sticky":false,"template":"","format":"standard","meta":{"om_disable_all_campaigns":false,"_monsterinsights_skip_tracking":false,"_monsterinsights_sitenote_active":false,"_monsterinsights_sitenote_note":"","_monsterinsights_sitenote_category":0,"_uf_show_specific_survey":0,"_uf_disable_surveys":false,"jetpack_post_was_ever_published":false,"_jetpack_newsletter_access":"","_jetpack_dont_email_post_to_subs":false,"_jetpack_newsletter_tier_id":0,"_jetpack_memberships_contains_paywalled_content":false,"_jetpack_memberships_contains_paid_content":false,"footnotes":"","jetpack_publicize_message":"","jetpack_publicize_feature_enabled":true,"jetpack_social_post_already_shared":false,"jetpack_social_options":{"image_generator_settings":{"template":"highway","default_image_id":0,"font":"","enabled":false},"version":2}},"categories":[4,2],"tags":[],"class_list":["post-40828","post","type-post","status-publish","format-standard","has-post-thumbnail","hentry","category-destacadas","category-economia"],"aioseo_notices":[],"views":14,"jetpack_publicize_connections":[],"jetpack_featured_media_url":"https:\/\/i0.wp.com\/elterritorialweb.com.ar\/web\/wp-content\/uploads\/2022\/04\/refuerzo-de-ingresos-ansespng.png?fit=375%2C250","jetpack_sharing_enabled":true,"_links":{"self":[{"href":"http:\/\/elterritorialweb.com.ar\/web\/wp-json\/wp\/v2\/posts\/40828","targetHints":{"allow":["GET"]}}],"collection":[{"href":"http:\/\/elterritorialweb.com.ar\/web\/wp-json\/wp\/v2\/posts"}],"about":[{"href":"http:\/\/elterritorialweb.com.ar\/web\/wp-json\/wp\/v2\/types\/post"}],"author":[{"embeddable":true,"href":"http:\/\/elterritorialweb.com.ar\/web\/wp-json\/wp\/v2\/users\/2"}],"replies":[{"embeddable":true,"href":"http:\/\/elterritorialweb.com.ar\/web\/wp-json\/wp\/v2\/comments?post=40828"}],"version-history":[{"count":1,"href":"http:\/\/elterritorialweb.com.ar\/web\/wp-json\/wp\/v2\/posts\/40828\/revisions"}],"predecessor-version":[{"id":40829,"href":"http:\/\/elterritorialweb.com.ar\/web\/wp-json\/wp\/v2\/posts\/40828\/revisions\/40829"}],"wp:featuredmedia":[{"embeddable":true,"href":"http:\/\/elterritorialweb.com.ar\/web\/wp-json\/wp\/v2\/media\/39381"}],"wp:attachment":[{"href":"http:\/\/elterritorialweb.com.ar\/web\/wp-json\/wp\/v2\/media?parent=40828"}],"wp:term":[{"taxonomy":"category","embeddable":true,"href":"http:\/\/elterritorialweb.com.ar\/web\/wp-json\/wp\/v2\/categories?post=40828"},{"taxonomy":"post_tag","embeddable":true,"href":"http:\/\/elterritorialweb.com.ar\/web\/wp-json\/wp\/v2\/tags?post=40828"}],"curies":[{"name":"wp","href":"https:\/\/api.w.org\/{rel}","templated":true}]}}