{"id":40830,"date":"2022-06-04T22:52:35","date_gmt":"2022-06-04T22:52:35","guid":{"rendered":"http:\/\/elterritorialweb.com.ar\/web\/?p=40830"},"modified":"2022-06-04T23:08:19","modified_gmt":"2022-06-04T23:08:19","slug":"fuentes-visito-la-obra-de-pavimentacion-de-varias-cuadras-en-el-barrio-mariano-moreno","status":"publish","type":"post","link":"http:\/\/elterritorialweb.com.ar\/web\/fuentes-visito-la-obra-de-pavimentacion-de-varias-cuadras-en-el-barrio-mariano-moreno\/","title":{"rendered":"FUENTES VISIT\u00d3 LA OBRA DE PAVIMENTACI\u00d3N EN EL BARRIO MARIANO MORENO"},"content":{"rendered":"\n<p>En esta oportunidad, estuvo acompa\u00f1ada por el presidente del Concejo Deliberante, Humberto Santill\u00e1n; los secretarios de Coordinaci\u00f3n de Gabinete, Alejandra Yoshitake; de Planeamiento, Obras y Servicios P\u00fablicos, Jorge Vila y los directores de Estudios y Proyectos, Rosa Allalla; de Servicios Urbanos, H\u00e9ctor Batalla y de Electricidad, Marcelo Aguilar.<\/p>\n\n\n\n<p>Durante su visita, la jefa comunal convers\u00f3 con vecinos, quienes le expresaron su satisfacci\u00f3n por las tareas llevadas adelante por el municipio, que resultan fundamentales para seguir mejorando las condiciones accesibilidad y circulaci\u00f3n del barrio.<\/p>\n\n\n\n<p>\u00abDe esta manera, damos respuesta a una demanda muy anhelada por parte de los ciudadanos, que complementamos con la incorporaci\u00f3n de nuevo equipamiento en la plaza principal del barrio, dando continuidad al Plan Urbano Ambiental que impulsamos desde el municipio\u00bb, indic\u00f3 la Ing. Fuentes.<\/p>\n\n\n\n<p>\u00abEs uno de los principales ejes de nuestra gesti\u00f3n ampliar y mejorar la red vial en todos los barrios\u201d, remarc\u00f3.<\/p>\n\n\n\n<p>La intendente Fuentes resalt\u00f3 que \u00absiempre buscamos brindar m\u00e1s servicios a la gente, como la iluminaci\u00f3n, los espacios verdes y las pistas de salud, entre muchas otras mejoras que se suman a las m\u00e1s de 200 cuadras que llevamos pavimentadas en la ciudad\u00bb.&nbsp;<\/p>\n\n\n\n<p>En este caso, las tareas incluyen a las calles Pasaje 608, entre R\u00edo Seco y Custodia Arguello y entre Capit\u00e1n Aguado y Ej\u00e9rcito De Los Andes; Gil Paz entre Custodia Arguello y Ej\u00e9rcito De Los Andes; Guerra Gaucha entre Custodia Arguello y Capit\u00e1n Aguado; Custodia Arguello entre Guerra Gaucha y Posadas y Capit\u00e1n Aguado entre Guerra Gaucha y Posadas.<\/p>\n","protected":false},"excerpt":{"rendered":"<p>La intendente de la Capital, Ing. Norma Fuentes, supervis\u00f3 la obra de pavimentaci\u00f3n que se realiza en el barrio Mariano Moreno, donde recibi\u00f3 un informe sobre el avance de los trabajos que abarcan 13 cuadras de nuevo pavimento de hormig\u00f3n con la construcci\u00f3n de cordones integrales.<\/p>\n","protected":false},"author":2,"featured_media":40831,"comment_status":"open","ping_status":"open","sticky":false,"template":"","format":"standard","meta":{"om_disable_all_campaigns":false,"_monsterinsights_skip_tracking":false,"_monsterinsights_sitenote_active":false,"_monsterinsights_sitenote_note":"","_monsterinsights_sitenote_category":0,"_uf_show_specific_survey":0,"_uf_disable_surveys":false,"jetpack_post_was_ever_published":false,"_jetpack_newsletter_access":"","_jetpack_dont_email_post_to_subs":false,"_jetpack_newsletter_tier_id":0,"_jetpack_memberships_contains_paywalled_content":false,"_jetpack_memberships_contains_paid_content":false,"footnotes":"","jetpack_publicize_message":"","jetpack_publicize_feature_enabled":true,"jetpack_social_post_already_shared":false,"jetpack_social_options":{"image_generator_settings":{"template":"highway","default_image_id":0,"font":"","enabled":false},"version":2}},"categories":[21],"tags":[],"class_list":["post-40830","post","type-post","status-publish","format-standard","has-post-thumbnail","hentry","category-locales"],"aioseo_notices":[],"views":10,"jetpack_publicize_connections":[],"jetpack_featured_media_url":"https:\/\/i0.wp.com\/elterritorialweb.com.ar\/web\/wp-content\/uploads\/2022\/06\/fuentes-pavimento-mariano-moreno.jpeg?fit=1124%2C750","jetpack_sharing_enabled":true,"_links":{"self":[{"href":"http:\/\/elterritorialweb.com.ar\/web\/wp-json\/wp\/v2\/posts\/40830","targetHints":{"allow":["GET"]}}],"collection":[{"href":"http:\/\/elterritorialweb.com.ar\/web\/wp-json\/wp\/v2\/posts"}],"about":[{"href":"http:\/\/elterritorialweb.com.ar\/web\/wp-json\/wp\/v2\/types\/post"}],"author":[{"embeddable":true,"href":"http:\/\/elterritorialweb.com.ar\/web\/wp-json\/wp\/v2\/users\/2"}],"replies":[{"embeddable":true,"href":"http:\/\/elterritorialweb.com.ar\/web\/wp-json\/wp\/v2\/comments?post=40830"}],"version-history":[{"count":2,"href":"http:\/\/elterritorialweb.com.ar\/web\/wp-json\/wp\/v2\/posts\/40830\/revisions"}],"predecessor-version":[{"id":40833,"href":"http:\/\/elterritorialweb.com.ar\/web\/wp-json\/wp\/v2\/posts\/40830\/revisions\/40833"}],"wp:featuredmedia":[{"embeddable":true,"href":"http:\/\/elterritorialweb.com.ar\/web\/wp-json\/wp\/v2\/media\/40831"}],"wp:attachment":[{"href":"http:\/\/elterritorialweb.com.ar\/web\/wp-json\/wp\/v2\/media?parent=40830"}],"wp:term":[{"taxonomy":"category","embeddable":true,"href":"http:\/\/elterritorialweb.com.ar\/web\/wp-json\/wp\/v2\/categories?post=40830"},{"taxonomy":"post_tag","embeddable":true,"href":"http:\/\/elterritorialweb.com.ar\/web\/wp-json\/wp\/v2\/tags?post=40830"}],"curies":[{"name":"wp","href":"https:\/\/api.w.org\/{rel}","templated":true}]}}