{"id":40834,"date":"2022-06-04T23:14:31","date_gmt":"2022-06-04T23:14:31","guid":{"rendered":"http:\/\/elterritorialweb.com.ar\/web\/?p=40834"},"modified":"2022-06-04T23:16:10","modified_gmt":"2022-06-04T23:16:10","slug":"alberto-fernandez-le-pidio-la-renuncia-a-kuflas","status":"publish","type":"post","link":"http:\/\/elterritorialweb.com.ar\/web\/alberto-fernandez-le-pidio-la-renuncia-a-kuflas\/","title":{"rendered":"ALBERTO FERN\u00c1NDEZ LE PIDI\u00d3 LA RENUNCIA A KUFLAS"},"content":{"rendered":"\n<p>El presidente Alberto Fern\u00e1ndez le pidi\u00f3 la renuncia a Mat\u00edas Kulfas&nbsp;<strong>luego de considerar \u00ab\u00e9ticamente reprochable\u00bb la difusi\u00f3n de un informe &#8216;en off&#8217; sobre el proceso licitatorio del gasoducto N\u00e9stor Kirchner<\/strong>, en una jornada que hab\u00eda comenzado con la acusaci\u00f3n de la vicepresidenta Cristina Fern\u00e1ndez a \u00abfuncionarios del propio gobierno\u00bb de \u00abejecutar ataques, sin dar la cara, mintiendo y utilizando periodistas\u00bb.<\/p>\n\n\n\n<p>Fern\u00e1ndez le solicit\u00f3 la dimisi\u00f3n a Kulfas poco despu\u00e9s de se\u00f1alar desde su cuenta oficial de Twitter que&nbsp;<strong>consideraba \u00ab\u00e9ticamente reprochable hablar en off en desmedro de otro\u00bb y que no avalaba \u00abesos procederes\u00bb<\/strong>; la decisi\u00f3n fue comunicada a las 14:20 por la portavoz de la Presidencia, Gabriela Cerruti.<\/p>\n\n\n\n<p>En los m\u00e1ximos niveles del Ejecutivo lamentaron que Kulfas deje la gesti\u00f3n pero consideraron una gran equivocaci\u00f3n que se utilice un texto en off como r\u00e9plica a lo que Cristina Fern\u00e1ndez de Kirchner hab\u00eda planteado el viernes a la noche en Tecn\u00f3polis, donde solicit\u00f3 que el Grupo Techint \u00abhaga ac\u00e1, en Argentina, la chapa laminada que producen en Brasil para los ca\u00f1os\u00bb que se utilizar\u00e1n en el gasoducto.<\/p>\n\n\n\n<p>El contrapunto fue cobrando tensi\u00f3n en el mediod\u00eda de este s\u00e1bado, luego de que la empresa estatal Energ\u00eda Argentina (exEnarsa)&nbsp;<strong>reprodujera \u00edntegramente el off escrito a trav\u00e9s de un comunicado en el que lo calific\u00f3 como como una \u00abnota carente de conocimiento t\u00e9cnico\u00bb<\/strong>, en particular del proceso licitatorio, y donde adem\u00e1s rechaz\u00f3 la acusaci\u00f3n de que se hab\u00eda armado \u00abun pliego de licitaci\u00f3n a la medida de Techint\u00bb.<\/p>\n\n\n\n<p>Desde Energ\u00eda Argentina se\u00f1alaron que&nbsp;<strong>el trazado del gasoducto requiere de \u00abalcances t\u00e9cnicos\u00bb espec\u00edficos, que determinan \u00ablos espesores de los ca\u00f1os\u00bb a usar, y as\u00ed respondieron uno de los puntos que les reprochaba la nota atribuida a la cartera de Desarrollo Productivo<\/strong>, el de -supuestamente- haber armado \u00abun pliego de licitaci\u00f3n a la medida de Techint\u00bb porque la chapa que ese grupo empresario fabrica en Brasil es de 33 mm de espesor cuando en Europa se utilizan ca\u00f1os de 31 mm.<\/p>\n\n\n\n<p>\u00abPrevio a iniciar el proceso licitatorio, Energ\u00eda Argentina procedi\u00f3 a solicitar a la C\u00e1mara Argentina de Fabricantes de Ca\u00f1os y Tubos de Acero que indicara qu\u00e9 empresas pod\u00edan cumplir con dichos requisitos t\u00e9cnicos. La respuesta fue que solo SIAT S.A. cumpl\u00eda\u00bb, replicaron desde la empresa, y agregaron que a pesar de esto realizaron \u00abun proceso licitatorio internacional para convocar a empresas extranjeras\u00bb, pero finalmente solo SIAT S.A. present\u00f3 oferta.<\/p>\n\n\n\n<p>SIAT S.A., \u00fanica oferente para el suministro de la chapa laminada, es controlada por Tenaris, compa\u00f1\u00eda del grupo Techint que fabrica tubos y brinda servicios para la industria energ\u00e9tica, mientras que para la adquisici\u00f3n de v\u00e1lvulas, a\u00f1adieron desde Energ\u00eda Argentina, \u00abel proceso licitatorio a\u00fan se encuentra abierto y ser\u00e1 declarado fracasado debido a que ninguna de las ofertas cumple con los plazos de entrega solicitados\u00bb.<\/p>\n\n\n\n<p>Con esas afirmaciones,&nbsp;<strong>la empresa a cargo de la licitaci\u00f3n rechaz\u00f3 los dos cuestionamientos que conten\u00eda el informe en off<\/strong>, el supuesto favorecimiento a Techint y la adjudicaci\u00f3n a \u00abuna importadora extranjera en lugar de un fabricante argentino que ofrec\u00eda precios y condiciones similares, incumpliendo el compre nacional\u00bb.<\/p>\n\n\n\n<p>En el mismo sentido, de negar las cr\u00edticas sobre el proceso licitatorio, se pronunci\u00f3 el secretario de Energ\u00eda Dar\u00edo Mart\u00ednez, quien reposte\u00f3 desde sus redes la desmentida de Energ\u00eda Argentina y remarc\u00f3 que \u00ablas obras del gasoducto N\u00e9stor Kirchner se han realizado de acuerdo a todas las especificaciones t\u00e9cnicas y cumpliendo todos los plazos que demanda una obra tan importante\u00bb.<\/p>\n\n\n\n<p>El viernes, al finalizar el acto por el centenario de YPF en Villa Martelli, Kulfas se hab\u00eda referido al reclamo de la Vicepresidenta para que Techint traslade una l\u00ednea de producci\u00f3n a la Argentina para fabricar en el pa\u00eds la chapa laminada y no importarla desde Brasil.<\/p>\n\n\n\n<p>En un di\u00e1logo radial con la AM750 dijo que IEA (nombre anterior de Energ\u00eda Argentina) es conducida \u00abpor gente que tiene una relaci\u00f3n muy cercana\u00bb con ella, y es \u00abla empresa que hace la licitaci\u00f3n (del gasoducto) y la que establece las condiciones\u00bb.<\/p>\n\n\n\n<p>Este s\u00e1bado al mediod\u00eda, l<strong>a titular del Senado defini\u00f3 las cr\u00edticas al proceso licitatorio como \u00abataques\u00bb de \u00abfuncionarios del propio gobierno del Frente de Todos\u00bb a los que consider\u00f3 \u00abmuy injustos\u00bb y \u00abdolorosos\u00bb pero \u00ablo peor de todo\u00bb<\/strong>, insisti\u00f3, es que se ejecutan \u00absin dar la cara, en off, mintiendo y utilizando periodistas\u00bb.<\/p>\n\n\n\n<p>Tras el pedido de renuncia a Kulfas, quien cumpl\u00eda un rol muy importante en el equipo econ\u00f3mico, el Ejecutivo tendr\u00e1 que resolver la continuidad de muchos funcionarios claves que trabajan con \u00e9l pero adem\u00e1s deber\u00e1 definir el nombre y perfil de un o una reemplazante, una decisi\u00f3n que se espera para el lunes, un d\u00eda antes de que el Presidente parta hacia Los \u00c1ngeles para asistir a la IX Cumbre de las Am\u00e9ricas.<\/p>\n","protected":false},"excerpt":{"rendered":"<p>El mandatario se\u00f1al\u00f3 en Twitter que consideraba \u00ab\u00e9ticamente reprochable hablar en off en desmedro de otro\u00bb y que no avalaba \u00abesos procederes\u00bb.<\/p>\n","protected":false},"author":2,"featured_media":24542,"comment_status":"open","ping_status":"open","sticky":false,"template":"","format":"standard","meta":{"om_disable_all_campaigns":false,"_monsterinsights_skip_tracking":false,"_monsterinsights_sitenote_active":false,"_monsterinsights_sitenote_note":"","_monsterinsights_sitenote_category":0,"_uf_show_specific_survey":0,"_uf_disable_surveys":false,"jetpack_post_was_ever_published":false,"_jetpack_newsletter_access":"","_jetpack_dont_email_post_to_subs":false,"_jetpack_newsletter_tier_id":0,"_jetpack_memberships_contains_paywalled_content":false,"_jetpack_memberships_contains_paid_content":false,"footnotes":"","jetpack_publicize_message":"","jetpack_publicize_feature_enabled":true,"jetpack_social_post_already_shared":false,"jetpack_social_options":{"image_generator_settings":{"template":"highway","default_image_id":0,"font":"","enabled":false},"version":2}},"categories":[4,18],"tags":[],"class_list":["post-40834","post","type-post","status-publish","format-standard","has-post-thumbnail","hentry","category-destacadas","category-politica"],"aioseo_notices":[],"views":12,"jetpack_publicize_connections":[],"jetpack_featured_media_url":"https:\/\/i0.wp.com\/elterritorialweb.com.ar\/web\/wp-content\/uploads\/2021\/07\/MATIAS-KUFLAS-1.jpg?fit=680%2C453","jetpack_sharing_enabled":true,"_links":{"self":[{"href":"http:\/\/elterritorialweb.com.ar\/web\/wp-json\/wp\/v2\/posts\/40834","targetHints":{"allow":["GET"]}}],"collection":[{"href":"http:\/\/elterritorialweb.com.ar\/web\/wp-json\/wp\/v2\/posts"}],"about":[{"href":"http:\/\/elterritorialweb.com.ar\/web\/wp-json\/wp\/v2\/types\/post"}],"author":[{"embeddable":true,"href":"http:\/\/elterritorialweb.com.ar\/web\/wp-json\/wp\/v2\/users\/2"}],"replies":[{"embeddable":true,"href":"http:\/\/elterritorialweb.com.ar\/web\/wp-json\/wp\/v2\/comments?post=40834"}],"version-history":[{"count":1,"href":"http:\/\/elterritorialweb.com.ar\/web\/wp-json\/wp\/v2\/posts\/40834\/revisions"}],"predecessor-version":[{"id":40835,"href":"http:\/\/elterritorialweb.com.ar\/web\/wp-json\/wp\/v2\/posts\/40834\/revisions\/40835"}],"wp:featuredmedia":[{"embeddable":true,"href":"http:\/\/elterritorialweb.com.ar\/web\/wp-json\/wp\/v2\/media\/24542"}],"wp:attachment":[{"href":"http:\/\/elterritorialweb.com.ar\/web\/wp-json\/wp\/v2\/media?parent=40834"}],"wp:term":[{"taxonomy":"category","embeddable":true,"href":"http:\/\/elterritorialweb.com.ar\/web\/wp-json\/wp\/v2\/categories?post=40834"},{"taxonomy":"post_tag","embeddable":true,"href":"http:\/\/elterritorialweb.com.ar\/web\/wp-json\/wp\/v2\/tags?post=40834"}],"curies":[{"name":"wp","href":"https:\/\/api.w.org\/{rel}","templated":true}]}}