{"id":40836,"date":"2022-06-05T00:08:44","date_gmt":"2022-06-05T00:08:44","guid":{"rendered":"http:\/\/elterritorialweb.com.ar\/web\/?p=40836"},"modified":"2022-06-05T00:10:42","modified_gmt":"2022-06-05T00:10:42","slug":"raly-barrinuevo-junto-a-su-banda-historica-deslumbro-a-sus-seguidores","status":"publish","type":"post","link":"http:\/\/elterritorialweb.com.ar\/web\/raly-barrinuevo-junto-a-su-banda-historica-deslumbro-a-sus-seguidores\/","title":{"rendered":"RALY BARRINUEVO JUNTO A SU BANDA HIST\u00d3RICA DESLUMBR\u00d3 A SUS SEGUIDORES"},"content":{"rendered":"\n<p>En las primeras horas de este s\u00e1bado, el canta autor Raly Barrionuevo se present\u00f3 junto a su banda hist\u00f3rica ante una multitud, que core\u00f3 con fervor y alegr\u00eda todos sus canciones. <\/p>\n\n\n\n<p>Luego de 15 a\u00f1os, Raly Barrionuevo reuni\u00f3 su banda hist\u00f3rica, que lo acompa\u00f1\u00f3 en el crecimiento art\u00edstico, en sus discos emblem\u00e1ticos como, Ey paisano y Noticias del Alma, y se present\u00f3 en su carpa desplegada en el Hiper Libertad de La Banda.<\/p>\n\n\n\n<figure class=\"wp-block-image size-full\"><a href=\"https:\/\/i0.wp.com\/elterritorialweb.com.ar\/web\/wp-content\/uploads\/2022\/06\/WhatsApp-Image-2022-06-05-at-2.00.55-AM.jpeg\"><img data-recalc-dims=\"1\" decoding=\"async\" width=\"640\" height=\"480\" data-src=\"https:\/\/i0.wp.com\/elterritorialweb.com.ar\/web\/wp-content\/uploads\/2022\/06\/WhatsApp-Image-2022-06-05-at-2.00.55-AM.jpeg?resize=640%2C480\" alt=\"\" class=\"wp-image-40837 lazyload\" data-srcset=\"https:\/\/i0.wp.com\/elterritorialweb.com.ar\/web\/wp-content\/uploads\/2022\/06\/WhatsApp-Image-2022-06-05-at-2.00.55-AM.jpeg?w=1000 1000w, https:\/\/i0.wp.com\/elterritorialweb.com.ar\/web\/wp-content\/uploads\/2022\/06\/WhatsApp-Image-2022-06-05-at-2.00.55-AM.jpeg?resize=300%2C225 300w, https:\/\/i0.wp.com\/elterritorialweb.com.ar\/web\/wp-content\/uploads\/2022\/06\/WhatsApp-Image-2022-06-05-at-2.00.55-AM.jpeg?resize=768%2C576 768w\" data-sizes=\"(max-width: 640px) 100vw, 640px\" src=\"data:image\/svg+xml;base64,PHN2ZyB3aWR0aD0iMSIgaGVpZ2h0PSIxIiB4bWxucz0iaHR0cDovL3d3dy53My5vcmcvMjAwMC9zdmciPjwvc3ZnPg==\" style=\"--smush-placeholder-width: 640px; --smush-placeholder-aspect-ratio: 640\/480;\" \/><\/a><\/figure>\n\n\n\n<p>La fr\u00eda noche en la madrugada de este s\u00e1bado, no impidi\u00f3 que los fan\u00e1ticos y seguidores del artista, se dieran cita en la Carpa, para disfrutar de las zambas y chacareras del amplio repertorio que desplego la banda, donde tambi\u00e9n tuvo artistas invitados en el escenario, como Manuel Orellana.    <\/p>\n","protected":false},"excerpt":{"rendered":"<p>En una noche de muchas emociones, se present\u00f3 en su carpa, Raly Barrionuevo junto Mono Banegas, Ernesto Guevara y C\u00e9sar Elmo, para el deleite de su publico.<\/p>\n","protected":false},"author":2,"featured_media":40839,"comment_status":"open","ping_status":"open","sticky":false,"template":"","format":"standard","meta":{"om_disable_all_campaigns":false,"_monsterinsights_skip_tracking":false,"_monsterinsights_sitenote_active":false,"_monsterinsights_sitenote_note":"","_monsterinsights_sitenote_category":0,"_uf_show_specific_survey":0,"_uf_disable_surveys":false,"jetpack_post_was_ever_published":false,"_jetpack_newsletter_access":"","_jetpack_dont_email_post_to_subs":false,"_jetpack_newsletter_tier_id":0,"_jetpack_memberships_contains_paywalled_content":false,"_jetpack_memberships_contains_paid_content":false,"footnotes":"","jetpack_publicize_message":"","jetpack_publicize_feature_enabled":true,"jetpack_social_post_already_shared":false,"jetpack_social_options":{"image_generator_settings":{"template":"highway","default_image_id":0,"font":"","enabled":false},"version":2}},"categories":[20],"tags":[],"class_list":["post-40836","post","type-post","status-publish","format-standard","has-post-thumbnail","hentry","category-especysociales"],"aioseo_notices":[],"views":125,"jetpack_publicize_connections":[],"jetpack_featured_media_url":"https:\/\/i0.wp.com\/elterritorialweb.com.ar\/web\/wp-content\/uploads\/2022\/06\/RALY-BARRIONUEVO.jpg?fit=960%2C540","jetpack_sharing_enabled":true,"_links":{"self":[{"href":"http:\/\/elterritorialweb.com.ar\/web\/wp-json\/wp\/v2\/posts\/40836","targetHints":{"allow":["GET"]}}],"collection":[{"href":"http:\/\/elterritorialweb.com.ar\/web\/wp-json\/wp\/v2\/posts"}],"about":[{"href":"http:\/\/elterritorialweb.com.ar\/web\/wp-json\/wp\/v2\/types\/post"}],"author":[{"embeddable":true,"href":"http:\/\/elterritorialweb.com.ar\/web\/wp-json\/wp\/v2\/users\/2"}],"replies":[{"embeddable":true,"href":"http:\/\/elterritorialweb.com.ar\/web\/wp-json\/wp\/v2\/comments?post=40836"}],"version-history":[{"count":1,"href":"http:\/\/elterritorialweb.com.ar\/web\/wp-json\/wp\/v2\/posts\/40836\/revisions"}],"predecessor-version":[{"id":40840,"href":"http:\/\/elterritorialweb.com.ar\/web\/wp-json\/wp\/v2\/posts\/40836\/revisions\/40840"}],"wp:featuredmedia":[{"embeddable":true,"href":"http:\/\/elterritorialweb.com.ar\/web\/wp-json\/wp\/v2\/media\/40839"}],"wp:attachment":[{"href":"http:\/\/elterritorialweb.com.ar\/web\/wp-json\/wp\/v2\/media?parent=40836"}],"wp:term":[{"taxonomy":"category","embeddable":true,"href":"http:\/\/elterritorialweb.com.ar\/web\/wp-json\/wp\/v2\/categories?post=40836"},{"taxonomy":"post_tag","embeddable":true,"href":"http:\/\/elterritorialweb.com.ar\/web\/wp-json\/wp\/v2\/tags?post=40836"}],"curies":[{"name":"wp","href":"https:\/\/api.w.org\/{rel}","templated":true}]}}